{"id":133362,"date":"2026-01-04T16:33:07","date_gmt":"2026-01-04T16:33:07","guid":{"rendered":"https:\/\/www.europesays.com\/fi\/133362\/"},"modified":"2026-01-04T16:33:07","modified_gmt":"2026-01-04T16:33:07","slug":"legendaarinen-tv-kanava-lopetti-iltalehti","status":"publish","type":"post","link":"https:\/\/www.europesays.com\/fi\/133362\/","title":{"rendered":"Legendaarinen tv-kanava lopetti &#8211; Iltalehti"},"content":{"rendered":"<ol>\n<li><a href=\"https:\/\/news.google.com\/rss\/articles\/CBMiggFBVV95cUxNQlNCSHA4aHFRc1VOcEdTQ01tRzE5bXRnSm9sckNub3plZmtTZU93bmxTajA1UENGX2Y1Z1FSSW0teFdqTVFTaWJ6dWk2SnFZMDg4Si1vUWZ3MGtUVi1Sbm5ILXlRWFNCNGc1R3Nhc1ZtTExvaEVZcDI3bDRsY2hhci1n?oc=5\" target=\"_blank\" rel=\"nofollow noopener\">Legendaarinen tv-kanava lopetti<\/a>&nbsp;&nbsp;Iltalehti<\/li>\n<li><a href=\"https:\/\/news.google.com\/rss\/articles\/CBMiX0FVX3lxTE14c1lxeFdaZjdJN1djaXVoa2UzRFg5d0ZBcUQtUjVUcHNseGctN01DR0U3Q3hOZThvbHJqNkUzbHkwZkNQYTJKLXphTzY4Y3VjSlpFQ3FndGl0ekxaVGln?oc=5\" target=\"_blank\" rel=\"nofollow noopener\">Televisio | MTV sulkee viimeisetkin Euroopassa n\u00e4kyneet musiikkikanavansa<\/a>&nbsp;&nbsp;HS.fi<\/li>\n<li><a href=\"https:\/\/news.google.com\/rss\/articles\/CBMiZkFVX3lxTE9sbm16QVJiLUg5eTRrZWp1a0lPYjdlSEdDLWR2MjhTcFcyQl81amltV0MyRnBRSWVrSDFqOU9maVk4RmJZZnk0bGw3Q3JVVjBFQ1ZzcXhwOE1ZRHhQWS1ZR2tXNVpqQQ?oc=5\" target=\"_blank\" rel=\"nofollow noopener\">Monien suomalaisten tuntema tv-kanava j\u00e4\u00e4 lopullisesti historiaan vuodenvaihteessa<\/a>&nbsp;&nbsp;Ilta-Sanomat<\/li>\n<li><a href=\"https:\/\/news.google.com\/rss\/articles\/CBMiZEFVX3lxTE8wa1packllM3RBZnhDY2FjYkFkWjctODhLRG1ub3h5WURSVDk1SmQ0WUZuQmhydmxaajJLNkdqMDRyOHJMRVJBX3J6a2p6WHJmZ0VQZnRNOGN6X2dDXzhQdkpaNmc?oc=5\" target=\"_blank\" rel=\"nofollow noopener\">MTV (Music Television) lopettaa!<\/a>&nbsp;&nbsp;Hymy<\/li>\n<li><a href=\"https:\/\/news.google.com\/rss\/articles\/CBMilgFBVV95cUxQdWxtMDFJRVd4RTVzMUlXUEhhaGx5QjBoSk1uU3d0RVlfbWlXZXF4QlFTcUE1eURiRWttRzZ0Z0NOc1ZQNkl6d3BJNjlyOTh6WFJoRkhwMG44WXlKWnJNbkVOeVFkODVKNnJfWndHZXA0SW9tT0ZkSExUZnA2b3F1Qk1mU1dpNVRZamF5NFhWVW5IQ2pheGc?oc=5\" target=\"_blank\" rel=\"nofollow noopener\">MTV j\u00e4\u00e4 historiaan \u2013 ainakin sellaisena kuin sin\u00e4 sen muistat<\/a>&nbsp;&nbsp;Verkkouutiset<\/li>\n<\/ol>\n","protected":false},"excerpt":{"rendered":"Legendaarinen tv-kanava lopetti&nbsp;&nbsp;Iltalehti Televisio | MTV sulkee viimeisetkin Euroopassa n\u00e4kyneet musiikkikanavansa&nbsp;&nbsp;HS.fi Monien suomalaisten tuntema tv-kanava j\u00e4\u00e4 lopullisesti historiaan&hellip;\n","protected":false},"author":2,"featured_media":133363,"comment_status":"","ping_status":"","sticky":false,"template":"","format":"standard","meta":{"footnotes":""},"categories":[133],"tags":[35,138,137,33,31,30,763,47,141,32,397,484,206,156,109],"class_list":{"0":"post-133362","1":"post","2":"type-post","3":"status-publish","4":"format-standard","5":"has-post-thumbnail","7":"category-televisiot","8":"tag-24h","9":"tag-audio","10":"tag-entertainment","11":"tag-fi","12":"tag-finland","13":"tag-finnish","14":"tag-kulttuuri-ja-viihde","15":"tag-musiikki","16":"tag-muusikot-bandit","17":"tag-suomi","18":"tag-taide","19":"tag-taiteellinen-ilmaisu-ja-mediat","20":"tag-televisiot","21":"tag-tv","22":"tag-viihde"},"share_on_mastodon":{"url":"https:\/\/pubeurope.com\/@fi\/115837796513393148","error":""},"_links":{"self":[{"href":"https:\/\/www.europesays.com\/fi\/wp-json\/wp\/v2\/posts\/133362","targetHints":{"allow":["GET"]}}],"collection":[{"href":"https:\/\/www.europesays.com\/fi\/wp-json\/wp\/v2\/posts"}],"about":[{"href":"https:\/\/www.europesays.com\/fi\/wp-json\/wp\/v2\/types\/post"}],"author":[{"embeddable":true,"href":"https:\/\/www.europesays.com\/fi\/wp-json\/wp\/v2\/users\/2"}],"replies":[{"embeddable":true,"href":"https:\/\/www.europesays.com\/fi\/wp-json\/wp\/v2\/comments?post=133362"}],"version-history":[{"count":0,"href":"https:\/\/www.europesays.com\/fi\/wp-json\/wp\/v2\/posts\/133362\/revisions"}],"wp:featuredmedia":[{"embeddable":true,"href":"https:\/\/www.europesays.com\/fi\/wp-json\/wp\/v2\/media\/133363"}],"wp:attachment":[{"href":"https:\/\/www.europesays.com\/fi\/wp-json\/wp\/v2\/media?parent=133362"}],"wp:term":[{"taxonomy":"category","embeddable":true,"href":"https:\/\/www.europesays.com\/fi\/wp-json\/wp\/v2\/categories?post=133362"},{"taxonomy":"post_tag","embeddable":true,"href":"https:\/\/www.europesays.com\/fi\/wp-json\/wp\/v2\/tags?post=133362"}],"curies":[{"name":"wp","href":"https:\/\/api.w.org\/{rel}","templated":true}]}}