{"id":133438,"date":"2026-01-04T18:28:08","date_gmt":"2026-01-04T18:28:08","guid":{"rendered":"https:\/\/www.europesays.com\/fi\/133438\/"},"modified":"2026-01-04T18:28:08","modified_gmt":"2026-01-04T18:28:08","slug":"jyvaskylalainen-timo-kohvakka-on-pudonnut-jaihin-useamman-kerran-silti-han-palaa-innoissaan-pilkille-joka-talvi-keski-suomi","status":"publish","type":"post","link":"https:\/\/www.europesays.com\/fi\/133438\/","title":{"rendered":"Jyv\u00e4skyl\u00e4l\u00e4inen Timo Kohvakka on pudonnut j\u00e4ihin useamman kerran, silti h\u00e4n palaa innoissaan pilkille joka talvi | Keski-Suomi"},"content":{"rendered":"<p class=\"aw-1gybjub aw-5vja16 kEtdKx kmuxyA yle__article__paragraph\">J\u00e4\u00e4 pett\u00e4\u00e4 pilkkij\u00e4n alta useammin pilkkikauden lopussa kuin alkupuolella. Kausi kannattaa aloittaa pienemmilt\u00e4 ja tutuilta j\u00e4rvilt\u00e4.<\/p>\n<p><img decoding=\"async\" alt=\"Mies istuu lumisella j\u00e4rven j\u00e4\u00e4ll\u00e4 ja pilkkii.\" src=\"https:\/\/www.europesays.com\/fi\/wp-content\/uploads\/2026\/01\/39-15766296957cda683405.jpeg\" class=\"aw-1l9m598 hKVVvP\"\/><\/p>\n<p>Avaa kuvien katselu<\/p>\n<p>Timo Kohvakka on k\u00e4ynyt talvisin pilkill\u00e4 lapsesta saakka. Kuva: Titta Puurunen \/ Yle<\/p>\n<p class=\"aw-1gybjub aw-1p7kakr kEtdKx cEmitX yle__article__paragraph\">Jyv\u00e4skyl\u00e4n Jylh\u00e4nper\u00e4ll\u00e4 Hiidenj\u00e4rven rannan puut ovat kauniissa kuurassa, mutta j\u00e4\u00e4ll\u00e4 puhaltaa hyinen tuuli. Intohimoinen kalastaja <strong class=\"aw-ak79eh KyCXm yle__article__strong\">Timo Kohvakka<\/strong> on t\u00e4m\u00e4n talven toisella pilkkireissullaan. Pilkkikauden h\u00e4n avasi varovasti.<\/p>\n<p class=\"aw-1gybjub aw-1p7kakr kEtdKx cEmitX yle__article__paragraph\">\u2013 K\u00e4vin kokeilemassa j\u00e4\u00e4n vahvuutta, ja sit\u00e4 oli riitt\u00e4v\u00e4sti. Noin kymmenen sentti\u00e4 ter\u00e4sj\u00e4\u00e4t\u00e4 on turvallinen m\u00e4\u00e4r\u00e4, h\u00e4n sanoo.<\/p>\n<p class=\"aw-1gybjub aw-1p7kakr kEtdKx cEmitX yle__article__paragraph\">Jyv\u00e4skyl\u00e4l\u00e4inen Kohvakka sanoo, ett\u00e4 pilkkikausi kannattaa aloittaa pienemmilt\u00e4 ja tutuilta j\u00e4rvilt\u00e4. Hiidenj\u00e4rvi on h\u00e4nelle entuudestaan tuttu vesist\u00f6.<\/p>\n<p class=\"aw-1gybjub aw-1p7kakr kEtdKx cEmitX yle__article__paragraph\">\u2013 On t\u00e4ss\u00e4kin vaaran paikkoja. Kun tiet\u00e4\u00e4 pahimmat paikat, niin ei mene sinne toikkaroimaan.<\/p>\n<p><img decoding=\"async\" alt=\"Mies seisoo lumisella j\u00e4rven j\u00e4\u00e4ll\u00e4 ja kairaa j\u00e4\u00e4h\u00e4n reik\u00e4\u00e4.\" src=\"https:\/\/www.europesays.com\/fi\/wp-content\/uploads\/2026\/01\/39-15764486957a59df1752.jpeg\" loading=\"lazy\" class=\"aw-1l9m598 hKVVvP\"\/><\/p>\n<p>Avaa kuvien katselu<\/p>\n<p>Kairalla saa helposti selville j\u00e4\u00e4n paksuuden. Kuva: Titta Puurunen \/ Yle<\/p>\n<p class=\"aw-1gybjub aw-1p7kakr kEtdKx cEmitX yle__article__paragraph\">Keski-Suomessa j\u00e4rviin tuli j\u00e4\u00e4kansi vasta joulun v\u00e4lip\u00e4ivin\u00e4. Keski-Suomen pelastuslaitoksen p\u00e4ivyst\u00e4v\u00e4 palomestari <strong class=\"aw-ak79eh KyCXm yle__article__strong\">Samuli Norvapalo<\/strong> kertoo, ett\u00e4 h\u00e4lytyksi\u00e4 j\u00e4ist\u00e4 pelastamiselle ei ole tullut lainkaan viimeisen viikon sis\u00e4ll\u00e4.<\/p>\n<p class=\"aw-1gybjub aw-1p7kakr kEtdKx cEmitX yle__article__paragraph\">\u2013 Enemm\u00e4n j\u00e4ihin pudonneista tulee h\u00e4lytyksi\u00e4 kev\u00e4\u00e4ll\u00e4, h\u00e4n sanoo.<\/p>\n<p class=\"aw-1gybjub aw-1p7kakr kEtdKx cEmitX yle__article__paragraph\">Norvapalolla on samat ohjeet turvalliselle j\u00e4\u00e4ll\u00e4 liikkumiselle kuin Kohvakallakin: tunne vesialue ja varmista j\u00e4\u00e4n kantavuus.<\/p>\n<p>Useampi molskahdus ei pid\u00e4 pois j\u00e4\u00e4lt\u00e4<\/p>\n<p class=\"aw-1gybjub aw-1p7kakr kEtdKx cEmitX yle__article__paragraph\">Kohvakalle kertyy talvisin kolmisenkymment\u00e4 pilkkireissua. H\u00e4nen vanhempansa olivat kovia pilkkij\u00f6it\u00e4, joten kokemusta j\u00e4ilt\u00e4 on kertynyt pienest\u00e4 pit\u00e4en.<\/p>\n<p class=\"aw-1gybjub aw-1p7kakr kEtdKx cEmitX yle__article__paragraph\">J\u00e4\u00e4n kest\u00e4vyyden h\u00e4n varmistaa kairaamalla, joskus mittaamalla j\u00e4\u00e4paksuuden sek\u00e4 kokeilemalla ly\u00f6ntisauvalla.<\/p>\n<p><img decoding=\"async\" alt=\"Kaksi kuollutta ahventa lumella.\" src=\"https:\/\/www.europesays.com\/fi\/wp-content\/uploads\/2026\/01\/39-15764546957a5a0a1892.jpeg\" loading=\"lazy\" class=\"aw-1l9m598 hKVVvP\"\/><\/p>\n<p>Avaa kuvien katselu<\/p>\n<p>Suurin Kohvakan Hiidenj\u00e4rvest\u00e4 saama ahven oli puolikiloinen. Kuva: Titta Puurunen \/ Yle<\/p>\n<p class=\"aw-1gybjub aw-1p7kakr kEtdKx cEmitX yle__article__paragraph\">Kohvakalla l\u00f6ytyy kokemusta my\u00f6s j\u00e4ihin putoamisesta \u2013 useammankin kerran.<\/p>\n<p class=\"aw-1gybjub aw-1p7kakr kEtdKx cEmitX yle__article__paragraph\">\u2013 Onhan se pelottavaa. Silloin pit\u00e4\u00e4 vain pysy\u00e4 rauhallisena ja pyrki\u00e4 m\u00e4\u00e4r\u00e4tietoisesti pois avannosta, h\u00e4n kertoo.<\/p>\n<p class=\"aw-1gybjub aw-1p7kakr kEtdKx cEmitX yle__article__paragraph\">Kaulassa roikkuvat naskalit ovat kerran pelastaneet h\u00e4net tiukasta tilanteesta. Kohvakka my\u00f6nt\u00e4\u00e4, ett\u00e4 autossa ei aina ole mukana vaihtovaatteita. Kelluntahaalari lis\u00e4isi pelastautumisaikaa, jos j\u00e4\u00e4 yll\u00e4tt\u00e4en pett\u00e4\u00e4.<\/p>\n<p class=\"aw-1gybjub aw-1p7kakr kEtdKx cEmitX yle__article__paragraph\">Mik\u00e4 saa innokkaan pilkkij\u00e4n palaamaan j\u00e4\u00e4lle riskist\u00e4 huolimatta?<\/p>\n<p class=\"aw-1gybjub aw-1p7kakr kEtdKx cEmitX yle__article__paragraph\">\u2013 T\u00e4\u00e4ll\u00e4 aivot nollautuvat. Luonto on upea ja saa mietti\u00e4 omia ajatuksiaan sek\u00e4 sit\u00e4, mist\u00e4 kalaa voisi saada.<\/p>\n<p class=\"aw-1gybjub aw-1p7kakr kEtdKx cEmitX yle__article__paragraph\"><strong class=\"aw-ak79eh KyCXm yle__article__strong\">Kuuntele: Ylen toimittaja Titta Puurunen haastattelee Timo Kohvakkaa Hiidenj\u00e4rven j\u00e4\u00e4ll\u00e4:<\/strong><\/p>\n<p><strong class=\"aw-1bgq5a3 bSmpIc\">Jyv\u00e4skyl\u00e4l\u00e4inen Timo Kohvakka kertoo, mik\u00e4 vet\u00e4\u00e4 miest\u00e4 pilkille riskeist\u00e4 huolimatta<\/strong><\/p>\n","protected":false},"excerpt":{"rendered":"J\u00e4\u00e4 pett\u00e4\u00e4 pilkkij\u00e4n alta useammin pilkkikauden lopussa kuin alkupuolella. Kausi kannattaa aloittaa pienemmilt\u00e4 ja tutuilta j\u00e4rvilt\u00e4. Avaa kuvien&hellip;\n","protected":false},"author":2,"featured_media":133439,"comment_status":"","ping_status":"","sticky":false,"template":"","format":"standard","meta":{"footnotes":""},"categories":[5],"tags":[22,23,26,27,33,31,30,478,17,23483,6012,425,474,71,24,25,28,29,15,18706,18,21,23484,32,19,20,16],"class_list":{"0":"post-133438","1":"post","2":"type-post","3":"status-publish","4":"format-standard","5":"has-post-thumbnail","7":"category-otsikot","8":"tag-breaking-news","9":"tag-breakingnews","10":"tag-featured-news","11":"tag-featurednews","12":"tag-fi","13":"tag-finland","14":"tag-finnish","15":"tag-harrastukset","16":"tag-headlines","17":"tag-jaan-paksuus","18":"tag-jarvet","19":"tag-jyvaskyla","20":"tag-keski-suomi","21":"tag-kotimaa","22":"tag-latest-news","23":"tag-latestnews","24":"tag-main-news","25":"tag-mainnews","26":"tag-news","27":"tag-onnettomuudet-heikoilla-jailla","28":"tag-otsikot","29":"tag-paauutiset","30":"tag-pilkinta","31":"tag-suomi","32":"tag-top-stories","33":"tag-topstories","34":"tag-uutiset"},"share_on_mastodon":{"url":"https:\/\/pubeurope.com\/@fi\/115838248748724858","error":""},"_links":{"self":[{"href":"https:\/\/www.europesays.com\/fi\/wp-json\/wp\/v2\/posts\/133438","targetHints":{"allow":["GET"]}}],"collection":[{"href":"https:\/\/www.europesays.com\/fi\/wp-json\/wp\/v2\/posts"}],"about":[{"href":"https:\/\/www.europesays.com\/fi\/wp-json\/wp\/v2\/types\/post"}],"author":[{"embeddable":true,"href":"https:\/\/www.europesays.com\/fi\/wp-json\/wp\/v2\/users\/2"}],"replies":[{"embeddable":true,"href":"https:\/\/www.europesays.com\/fi\/wp-json\/wp\/v2\/comments?post=133438"}],"version-history":[{"count":0,"href":"https:\/\/www.europesays.com\/fi\/wp-json\/wp\/v2\/posts\/133438\/revisions"}],"wp:featuredmedia":[{"embeddable":true,"href":"https:\/\/www.europesays.com\/fi\/wp-json\/wp\/v2\/media\/133439"}],"wp:attachment":[{"href":"https:\/\/www.europesays.com\/fi\/wp-json\/wp\/v2\/media?parent=133438"}],"wp:term":[{"taxonomy":"category","embeddable":true,"href":"https:\/\/www.europesays.com\/fi\/wp-json\/wp\/v2\/categories?post=133438"},{"taxonomy":"post_tag","embeddable":true,"href":"https:\/\/www.europesays.com\/fi\/wp-json\/wp\/v2\/tags?post=133438"}],"curies":[{"name":"wp","href":"https:\/\/api.w.org\/{rel}","templated":true}]}}