{"id":133440,"date":"2026-01-04T18:40:07","date_gmt":"2026-01-04T18:40:07","guid":{"rendered":"https:\/\/www.europesays.com\/fi\/133440\/"},"modified":"2026-01-04T18:40:07","modified_gmt":"2026-01-04T18:40:07","slug":"nayttelija-evangeline-lilly-shokkidiagnoosi-seiska","status":"publish","type":"post","link":"https:\/\/www.europesays.com\/fi\/133440\/","title":{"rendered":"N\u00e4yttelij\u00e4 Evangeline Lilly: Shokkidiagnoosi! | Seiska"},"content":{"rendered":"<p>            All Over Press\n        <\/p>\n<p class=\"subtitle \">Lost-t\u00e4hti paljastaa saaneensa l\u00e4\u00e4k\u00e4rilt\u00e4 ik\u00e4vi\u00e4 uutisia.<\/p>\n<p class=\"article-content article-content-width !bg-background\">Kanadalaisn\u00e4yttelij\u00e4 , 46, loukkaantui vakavasti viime toukokuussa.\u00a0<\/p>\n<p class=\"article-content article-content-width !bg-background\">Lost-sarjasta tuttu kaunotar py\u00f6rtyi ja l\u00f6i p\u00e4\u00e4ns\u00e4 katukivetykseen asuinseudullaan Havaijilla. Evangeline julkaisi pian onnettomuuden j\u00e4lkeen <a href=\"https:\/\/www.instagram.com\/p\/DKRUuPkRedw\/?img_index=1%2F\" target=\"_blank\" rel=\"nofollow noopener\">kuvan kivetyksen ruhjomista kasvoistaan<\/a>.\u00a0<\/p>\n<p>        <a itemprop=\"url\" href=\"https:\/\/www.seiska.fi\/ulkomaat\/kuvat-ei-herkille-hollywood-tahti-evangeline-lilly-pyortyi-ja-iski-kasvonsa-kiveen\/1792283\" rel=\"nofollow noopener\" target=\"_blank\"><\/p>\n<p>\nKuvat ei herkille!\n<\/p>\n<p class=\"section-date\">\n        <strong class=\"article-section\" data-section=\"ulkomaat\"><br \/>\n            ulkomaat<br \/>\n        <\/strong><br \/>\n        30.5.2025 21:00\n    <\/p>\n<p>Kuvat ei herkille! Hollywood-t\u00e4hti Evangeline Lilly py\u00f6rtyi ja iski kasvonsa kiveen\n    <\/p>\n<p itemprop=\"description\" class=\"subtitle \">\n    Evangeline Lilly kertoo, ett\u00e4 py\u00f6rtyily on h\u00e4nelle arkip\u00e4iv\u00e4\u00e4. Toisinaan siin\u00e4 k\u00e4y pahemmin.\n<\/p>\n<p>        <\/a><\/p>\n<p class=\"article-content article-content-width !bg-background\">\u2013 Hoitajat ja l\u00e4\u00e4k\u00e4ri kiirehtiv\u00e4t enemm\u00e4n selvitt\u00e4m\u00e4\u00e4n py\u00f6rtymiseni syyt\u00e4 kuin paikkaamaan kiven kasvoihini tekem\u00e4\u00e4 reik\u00e4\u00e4, n\u00e4yttelij\u00e4 kirjoitti tuolloin Instagramissa.<\/p>\n<p>                <img decoding=\"async\" src=\"https:\/\/www.europesays.com\/fi\/wp-content\/uploads\/2026\/01\/2037038.webp.jpeg\" width=\"576\" height=\"826\" alt=\"Viime vuosina Evangeline on suosinut my\u00f6s totutusta poikkeavaa hiustyyli\u00e4. Kuva vuodelta 2023.\" loading=\"lazy\" \/>            <\/p>\n<p>\n            Viime vuosina Evangeline on suosinut my\u00f6s totutusta poikkeavaa hiustyyli\u00e4. Kuva vuodelta 2023.<br \/>\n            AOP\n        <\/p>\n<p>Pys\u00e4ytt\u00e4v\u00e4 diagnoosi<\/p>\n<p class=\"article-content article-content-width !bg-background\">Perjantaina (2.1.) Evangeline kertoi someseuraajille tuoreita kuulumisiaan. T\u00e4hti toteaa videolla h\u00e4nell\u00e4 olevan ik\u00e4vi\u00e4 uutisia kev\u00e4isest\u00e4 aivot\u00e4r\u00e4hdyksest\u00e4\u00e4n.\u00a0<\/p>\n<p class=\"article-content article-content-width !bg-background\">\u2013 Kuvat osoittavat, ett\u00e4 aivojeni kapasiteetti on laskenut. Eli minulla on aivovaurio, ja mahdollisesti my\u00f6s muita tekij\u00f6it\u00e4, Evangeline sanoo.\u00a0<\/p>\n<p>        <a itemprop=\"url\" href=\"https:\/\/www.seiska.fi\/katso\/lost-sarja-ylsi-uskomattomaan-suosioon-talta-tahdet-nayttavat-nykyaan\/1468811\" rel=\"nofollow noopener\" target=\"_blank\"><\/p>\n<p class=\"section-date\">\n        <strong class=\"article-section\" data-section=\"katso\"><br \/>\n            katso<br \/>\n        <\/strong><br \/>\n        13.10.2024 16:15\n    <\/p>\n<p>Lost-sarja ylsi uskomattomaan suosioon &#8211; t\u00e4lt\u00e4 t\u00e4hdet n\u00e4ytt\u00e4v\u00e4t nyky\u00e4\u00e4n\n    <\/p>\n<p itemprop=\"description\" class=\"subtitle \">\n    Aikansa suursuosikki sai ensi-iltansa 22.9.2004. Harva sarjan t\u00e4hdist\u00e4 on sittemmin l\u00f6yt\u00e4nyt samanlaista suosiota.\n<\/p>\n<p>        <\/a><\/p>\n<p class=\"article-content article-content-width !bg-background\">Hobitti-elokuvissakin n\u00e4ytellyt Evangeline toteaa selvittelev\u00e4ns\u00e4 asiaa viel\u00e4 l\u00e4\u00e4k\u00e4reiden kanssa. H\u00e4n tiet\u00e4\u00e4, ett\u00e4 kuntoutuminen vaatii kovaa ty\u00f6t\u00e4.<\/p>\n<p>Hopeareunus<\/p>\n<p class=\"article-content article-content-width !bg-background\">Evangeline on huomannut toimintakykyns\u00e4 laskeneen. Alkuun h\u00e4n ajatteli sen johtuvan esivaihdevuosista. Aivovammadiagnoosista h\u00e4n l\u00f6yt\u00e4\u00e4kin my\u00f6s my\u00f6nteisen puolen.\u00a0<\/p>\n<p class=\"article-content article-content-width !bg-background\">\u2013 Kognitiivisten kykyjeni lasku on auttanut minua hidastamaan tahtia. T\u00e4m\u00e4 oli rauhallisin ja levont\u00e4ytteisin joululoma, joka minulla on ollut ehk\u00e4 lasten saamisen j\u00e4lkeen, eli 14 vuoteen, Evangeline toteaa.<\/p>\n<p>        <a itemprop=\"url\" href=\"https:\/\/www.seiska.fi\/ulkomaat\/marvel-tahti-evangeline-lilly-tilittaa-seiskalle-ulkopuoliset-eivat-tieda-etta-minuun-sattuu\/144266\" rel=\"nofollow noopener\" target=\"_blank\"><\/p>\n<p class=\"section-date\">\n        <strong class=\"article-section\" data-section=\"ulkomaat\"><br \/>\n            ulkomaat<br \/>\n        <\/strong><br \/>\n        25.2.2023 13:00\n    <\/p>\n<p>Marvel-t\u00e4hti Evangeline Lilly tilitt\u00e4\u00e4 Seiskalle: Ulkopuoliset eiv\u00e4t tied\u00e4, ett\u00e4 minuun sattuu\n    <\/p>\n<p>        <\/a><\/p>\n<p class=\"article-content article-content-width !bg-background\">Niin fanit kuin kollegatkin ovat osoittaneet tukensa Evangelinelle. Muun muassa Ant-Man-supersankarileffassa Evangelinen kanssa n\u00e4ytellyt  l\u00e4hett\u00e4\u00e4 kommenttikent\u00e4ss\u00e4 rakkautta yst\u00e4v\u00e4lleen.<\/p>\n<p class=\"article-content article-content-width !bg-background\">\u2013 Olet soturi. Mik\u00e4\u00e4n, ei edes t\u00e4m\u00e4, voi kukistaa sinua yst\u00e4v\u00e4ni, Michelle kirjoittaa.<\/p>\n<p><script async src=\"\/\/www.instagram.com\/embed.js\"><\/script><\/p>\n","protected":false},"excerpt":{"rendered":"All Over Press Lost-t\u00e4hti paljastaa saaneensa l\u00e4\u00e4k\u00e4rilt\u00e4 ik\u00e4vi\u00e4 uutisia. Kanadalaisn\u00e4yttelij\u00e4 , 46, loukkaantui vakavasti viime toukokuussa.\u00a0 Lost-sarjasta tuttu&hellip;\n","protected":false},"author":2,"featured_media":133441,"comment_status":"","ping_status":"","sticky":false,"template":"","format":"standard","meta":{"footnotes":""},"categories":[136],"tags":[4969,23485,407,4634,155,137,23295,33,31,30,16960,408,23486,12797,1178,32,109],"class_list":{"0":"post-133440","1":"post","2":"type-post","3":"status-publish","4":"format-standard","5":"has-post-thumbnail","7":"category-julkkikset","8":"tag-aivovamma","9":"tag-antman","10":"tag-celebrities","11":"tag-diagnoosi","12":"tag-elokuvat","13":"tag-entertainment","14":"tag-evangeline-lilly","15":"tag-fi","16":"tag-finland","17":"tag-finnish","18":"tag-hobitti","19":"tag-julkkikset","20":"tag-lost","21":"tag-michelle-pfeiffer","22":"tag-onnettomuus","23":"tag-suomi","24":"tag-viihde"},"share_on_mastodon":{"url":"https:\/\/pubeurope.com\/@fi\/115838296011251797","error":""},"_links":{"self":[{"href":"https:\/\/www.europesays.com\/fi\/wp-json\/wp\/v2\/posts\/133440","targetHints":{"allow":["GET"]}}],"collection":[{"href":"https:\/\/www.europesays.com\/fi\/wp-json\/wp\/v2\/posts"}],"about":[{"href":"https:\/\/www.europesays.com\/fi\/wp-json\/wp\/v2\/types\/post"}],"author":[{"embeddable":true,"href":"https:\/\/www.europesays.com\/fi\/wp-json\/wp\/v2\/users\/2"}],"replies":[{"embeddable":true,"href":"https:\/\/www.europesays.com\/fi\/wp-json\/wp\/v2\/comments?post=133440"}],"version-history":[{"count":0,"href":"https:\/\/www.europesays.com\/fi\/wp-json\/wp\/v2\/posts\/133440\/revisions"}],"wp:featuredmedia":[{"embeddable":true,"href":"https:\/\/www.europesays.com\/fi\/wp-json\/wp\/v2\/media\/133441"}],"wp:attachment":[{"href":"https:\/\/www.europesays.com\/fi\/wp-json\/wp\/v2\/media?parent=133440"}],"wp:term":[{"taxonomy":"category","embeddable":true,"href":"https:\/\/www.europesays.com\/fi\/wp-json\/wp\/v2\/categories?post=133440"},{"taxonomy":"post_tag","embeddable":true,"href":"https:\/\/www.europesays.com\/fi\/wp-json\/wp\/v2\/tags?post=133440"}],"curies":[{"name":"wp","href":"https:\/\/api.w.org\/{rel}","templated":true}]}}