{"id":133442,"date":"2026-01-04T18:41:08","date_gmt":"2026-01-04T18:41:08","guid":{"rendered":"https:\/\/www.europesays.com\/fi\/133442\/"},"modified":"2026-01-04T18:41:08","modified_gmt":"2026-01-04T18:41:08","slug":"alvar-aalto-kaikuu-sydneyn-oopperatalon-purjeissa-utzon-tyoskenteli-aallon-kanssa-vain-lyhyen-aikaa-mutta-se-oli-hanelle-merkityksellista-keski-suomi","status":"publish","type":"post","link":"https:\/\/www.europesays.com\/fi\/133442\/","title":{"rendered":"Alvar Aalto kaikuu Sydneyn oopperatalon purjeissa \u2013\u2009&#8221;Utzon ty\u00f6skenteli Aallon kanssa vain lyhyen aikaa, mutta se oli h\u00e4nelle merkityksellist\u00e4&#8221; | Keski-Suomi"},"content":{"rendered":"<p>Aamup\u00e4iv\u00e4n valo piirt\u00e4\u00e4 Sydneyn satamassa esiin oopperatalon valkoiset kattokuoret, jotka kohoavat veden rajasta kuin purjeet.<\/p>\n<p>Oopperatalo on yht\u00e4 aikaa tuttu ja myyttinen: yksi maailman valokuvatuimmista rakennuksista, Australian kansallinen symboli ja arkkitehtuurin ikoni, jonka siluetti tunnistetaan kaikkialla. Miljoonat turistit kiert\u00e4v\u00e4t sen ymp\u00e4ri vuosittain, nappaavat selfieit\u00e4 ja milj\u00f6\u00f6kuvia.<\/p>\n<p>Harvempi kuitenkaan tiet\u00e4\u00e4, ett\u00e4 ikoninen rakennus on esimerkki siit\u00e4, miten pohjoismaiset ideat ja osaaminen ulottuivat jo 1950-60-luvuilla kauas maanosien yli, aina Sydneyn satamaan saakka. Rakennuksen historia ulottuu jopa Suomeen ja <strong>Alvar Aallon<\/strong> ty\u00f6p\u00f6yd\u00e4n \u00e4\u00e4reen. Se selvi\u00e4\u00e4 Tanskan Pohjois-Jyllannissa Aalborgin kaupungissa.<\/p>\n<p>\t\t<a class=\"diks-gallery__link\" href=\"https:\/\/i.media.fi\/incoming\/hdgauc\/11225110.jpg\/alternates\/FREE_1440\/11225110.jpg\" data-thumbnail=\"\" data-sub-html=\"Arkkitehti J\u00f8rn Utzon Sydneyn oopperatalon rakennusty\u00f6maalla vuonna 1965.  Barry Peake \/ AOP\" aria-label=\"Katso isompi kuva\" rel=\"nofollow noopener\" target=\"_blank\"><br \/>\n\t\t\t\t<img class=\"diks-figure__image\" src=\"https:\/\/www.europesays.com\/fi\/wp-content\/uploads\/2026\/01\/11225110.jpg\" loading=\"lazy\" decoding=\"sync\" alt=\"\"\/><\/p>\n<p>\t\t\t<\/a><br \/>\n\t\t\t\t\tArkkitehti J\u00f8rn Utzon Sydneyn oopperatalon rakennusty\u00f6maalla vuonna 1965.  Barry Peake \/ AOP<\/p>\n","protected":false},"excerpt":{"rendered":"Aamup\u00e4iv\u00e4n valo piirt\u00e4\u00e4 Sydneyn satamassa esiin oopperatalon valkoiset kattokuoret, jotka kohoavat veden rajasta kuin purjeet. Oopperatalo on yht\u00e4&hellip;\n","protected":false},"author":2,"featured_media":133443,"comment_status":"","ping_status":"","sticky":false,"template":"","format":"standard","meta":{"footnotes":""},"categories":[135],"tags":[389,387,388,390,137,33,31,30,108,7082,402,110,32,394,393,391,392,1014,2107,109],"class_list":{"0":"post-133442","1":"post","2":"type-post","3":"status-publish","4":"format-standard","5":"has-post-thumbnail","7":"category-taiteet-ja-suunnittelu","8":"tag-arts","9":"tag-arts-and-design","10":"tag-artsanddesign","11":"tag-design","12":"tag-entertainment","13":"tag-fi","14":"tag-finland","15":"tag-finnish","16":"tag-kulttuuri","17":"tag-kulttuuriala","18":"tag-rakentaminen-kiinteistot","19":"tag-ruotsi","20":"tag-suomi","21":"tag-suunnittelu","22":"tag-taiteet","23":"tag-taiteet-ja-suunnittelu","24":"tag-taiteetsuunnittelu","25":"tag-tanska","26":"tag-vapaa-aika","27":"tag-viihde"},"share_on_mastodon":{"url":"https:\/\/pubeurope.com\/@fi\/115838299829234685","error":""},"_links":{"self":[{"href":"https:\/\/www.europesays.com\/fi\/wp-json\/wp\/v2\/posts\/133442","targetHints":{"allow":["GET"]}}],"collection":[{"href":"https:\/\/www.europesays.com\/fi\/wp-json\/wp\/v2\/posts"}],"about":[{"href":"https:\/\/www.europesays.com\/fi\/wp-json\/wp\/v2\/types\/post"}],"author":[{"embeddable":true,"href":"https:\/\/www.europesays.com\/fi\/wp-json\/wp\/v2\/users\/2"}],"replies":[{"embeddable":true,"href":"https:\/\/www.europesays.com\/fi\/wp-json\/wp\/v2\/comments?post=133442"}],"version-history":[{"count":0,"href":"https:\/\/www.europesays.com\/fi\/wp-json\/wp\/v2\/posts\/133442\/revisions"}],"wp:featuredmedia":[{"embeddable":true,"href":"https:\/\/www.europesays.com\/fi\/wp-json\/wp\/v2\/media\/133443"}],"wp:attachment":[{"href":"https:\/\/www.europesays.com\/fi\/wp-json\/wp\/v2\/media?parent=133442"}],"wp:term":[{"taxonomy":"category","embeddable":true,"href":"https:\/\/www.europesays.com\/fi\/wp-json\/wp\/v2\/categories?post=133442"},{"taxonomy":"post_tag","embeddable":true,"href":"https:\/\/www.europesays.com\/fi\/wp-json\/wp\/v2\/tags?post=133442"}],"curies":[{"name":"wp","href":"https:\/\/api.w.org\/{rel}","templated":true}]}}