{"id":133472,"date":"2026-01-04T19:36:07","date_gmt":"2026-01-04T19:36:07","guid":{"rendered":"https:\/\/www.europesays.com\/fi\/133472\/"},"modified":"2026-01-04T19:36:07","modified_gmt":"2026-01-04T19:36:07","slug":"ex-megadeth-kitaristi-ei-saanut-aikoinaan-pestia-ozzy-osbournen-bandista-syy-oli-selva-olin-tylsa","status":"publish","type":"post","link":"https:\/\/www.europesays.com\/fi\/133472\/","title":{"rendered":"Ex-Megadeth-kitaristi ei saanut aikoinaan pesti\u00e4 Ozzy Osbournen b\u00e4ndist\u00e4 &#8211; syy oli selv\u00e4: Olin tyls\u00e4"},"content":{"rendered":"<p>Megadethiss\u00e4 mainetekoja huhkinut Marty Friedman oli 1980-luvun lopulla ehdolla Ozzy Osbournen sooloyhtyeeseen. Kitaristitaituri muisteli tapahtumia argentiinalaisen TCDG Guitar Lessonsin haastattelussa.<\/p>\n<p>Cacophonyss\u00e4 Jason Beckerin kanssa soittanut Friedman asui noihin aikoihin San Franciscossa ja muusikon taloudellinen tilanne oli kauniisti ilmaistuna haastava.<\/p>\n<p>\u201dSoitin Cacophonyss\u00e4 ja olin aivan persaukinen, aivan kodittomuuden kynnyksell\u00e4\u201d, Friedman muistelee. \u201dSharon Osbourne soitti ja sanoi, ett\u00e4 minut lenn\u00e4tett\u00e4isiin halutessani Los Angelesiin koesoittoon.\u201d<\/p>\n<p>\u201d\u2019No t\u00e4m\u00e4h\u00e4n se on siisti\u00e4\u2019, tuumin ja k\u00e4vin koesoitossa. Tein mielest\u00e4ni hyv\u00e4\u00e4 ty\u00f6t\u00e4. En kuitenkaan sopinut b\u00e4ndiin. Muut olivat t\u00e4ysill\u00e4 Losin metalliskeness\u00e4, k\u00e4siraudat v\u00f6ill\u00e4\u00e4n ja Jack Daniel\u2019s -t-paidoissaan. He olivat treeneiss\u00e4kin t\u00e4ydess\u00e4 t\u00e4llingiss\u00e4.\u201d<\/p>\n<p>\u201dYmm\u00e4rsin ett\u00e4 keikalle sonnustauduttiin esiintymisasuihin, mutta heill\u00e4 oli treeneiss\u00e4kin cowboy-hatut ja kaikki helyt. Heid\u00e4t oli rep\u00e4isty suoraan Sunset Stripilt\u00e4. Min\u00e4 tulin paikalle t-paidassa ja farkuissa. N\u00e4ytin tavalliselta tyypilt\u00e4 jonka voisi \u00e4k\u00e4t\u00e4 vaikka bussipys\u00e4kilt\u00e4.\u201d<\/p>\n<p>Pesti meni lopulta Zakk Wyldelle, mutta Friedman ymm\u00e4rsi p\u00e4\u00e4t\u00f6ksen t\u00e4ysin.<\/p>\n<p>\u201dH\u00e4n oli t\u00e4ydellinen valinta\u201d, kitaristi sanoo. \u201dH\u00e4n oli siihen hommaan niin paljon parempi valinta kuin min\u00e4, ja h\u00e4n soittaakin todella hyvin. Ymm\u00e4rsin sen, mutta noihin ajoihin ajattelin ett\u00e4 tein kyll\u00e4 hyv\u00e4\u00e4 ty\u00f6t\u00e4, mutta en uskonut heid\u00e4n valitsevan minua. He luultavasti meniv\u00e4t treenien j\u00e4lkeen ryypp\u00e4\u00e4m\u00e4\u00e4n kun min\u00e4 taas olin enemm\u00e4n kiltti poika. Todella tyls\u00e4 tapaus.\u201d<\/p>\n<p><img loading=\"lazy\" decoding=\"async\" alt=\"YouTube video\" width=\"480\" height=\"360\" data-pin-nopin=\"true\" nopin=\"nopin\" class=\"perfmatters-lazy\" src=\"https:\/\/www.europesays.com\/fi\/wp-content\/uploads\/2025\/12\/1767029107_610_hqdefault.jpg\"\/><\/p>\n<p>Lue my\u00f6s: <a href=\"https:\/\/www.soundi.fi\/uutiskirje\/\" title=\"Tilaa Soundin uutiskirje\" class=\"underline-custom !font-montserrat !font-bold !underline-offset-4 !decoration-4 !decoration-red-600 !text-md\" rel=\"nofollow noopener\" target=\"_blank\">Tilaa Soundin uutiskirje ja tied\u00e4t mist\u00e4 kahvitauolla puhutaan! Nappaa ajankohtaiset musiikin uutiset ja puheenaiheet suoraan s\u00e4hk\u00f6postiin t\u00e4st\u00e4.<\/a><\/p>\n","protected":false},"excerpt":{"rendered":"Megadethiss\u00e4 mainetekoja huhkinut Marty Friedman oli 1980-luvun lopulla ehdolla Ozzy Osbournen sooloyhtyeeseen. Kitaristitaituri muisteli tapahtumia argentiinalaisen TCDG Guitar&hellip;\n","protected":false},"author":2,"featured_media":133473,"comment_status":"","ping_status":"","sticky":false,"template":"","format":"standard","meta":{"footnotes":""},"categories":[132],"tags":[137,33,31,30,195,47,32,109],"class_list":{"0":"post-133472","1":"post","2":"type-post","3":"status-publish","4":"format-standard","5":"has-post-thumbnail","7":"category-musiikki","8":"tag-entertainment","9":"tag-fi","10":"tag-finland","11":"tag-finnish","12":"tag-music","13":"tag-musiikki","14":"tag-suomi","15":"tag-viihde"},"share_on_mastodon":{"url":"https:\/\/pubeurope.com\/@fi\/115838516232296229","error":""},"_links":{"self":[{"href":"https:\/\/www.europesays.com\/fi\/wp-json\/wp\/v2\/posts\/133472","targetHints":{"allow":["GET"]}}],"collection":[{"href":"https:\/\/www.europesays.com\/fi\/wp-json\/wp\/v2\/posts"}],"about":[{"href":"https:\/\/www.europesays.com\/fi\/wp-json\/wp\/v2\/types\/post"}],"author":[{"embeddable":true,"href":"https:\/\/www.europesays.com\/fi\/wp-json\/wp\/v2\/users\/2"}],"replies":[{"embeddable":true,"href":"https:\/\/www.europesays.com\/fi\/wp-json\/wp\/v2\/comments?post=133472"}],"version-history":[{"count":0,"href":"https:\/\/www.europesays.com\/fi\/wp-json\/wp\/v2\/posts\/133472\/revisions"}],"wp:featuredmedia":[{"embeddable":true,"href":"https:\/\/www.europesays.com\/fi\/wp-json\/wp\/v2\/media\/133473"}],"wp:attachment":[{"href":"https:\/\/www.europesays.com\/fi\/wp-json\/wp\/v2\/media?parent=133472"}],"wp:term":[{"taxonomy":"category","embeddable":true,"href":"https:\/\/www.europesays.com\/fi\/wp-json\/wp\/v2\/categories?post=133472"},{"taxonomy":"post_tag","embeddable":true,"href":"https:\/\/www.europesays.com\/fi\/wp-json\/wp\/v2\/tags?post=133472"}],"curies":[{"name":"wp","href":"https:\/\/api.w.org\/{rel}","templated":true}]}}