{"id":133478,"date":"2026-01-04T19:43:08","date_gmt":"2026-01-04T19:43:08","guid":{"rendered":"https:\/\/www.europesays.com\/fi\/133478\/"},"modified":"2026-01-04T19:43:08","modified_gmt":"2026-01-04T19:43:08","slug":"ikava-tilanne-helsinki-vantaalla","status":"publish","type":"post","link":"https:\/\/www.europesays.com\/fi\/133478\/","title":{"rendered":"Ik\u00e4v\u00e4 tilanne Helsinki-Vantaalla"},"content":{"rendered":"<p>Tilanne helpottaa illan edetess\u00e4.<\/p>\n<p><img decoding=\"async\" class=\"image image-show image-preview\" src=\"https:\/\/www.europesays.com\/fi\/wp-content\/uploads\/2026\/01\/ed5edecaa46f4cdfcadc1aed7e71a32ed3467b0307c61f9f77cbc3980b04c086.jpg\" alt=\"\"\/><img decoding=\"async\" class=\"image image-show\" src=\"https:\/\/www.europesays.com\/fi\/wp-content\/uploads\/2026\/01\/1767555788_323_ed5edecaa46f4cdfcadc1aed7e71a32ed3467b0307c61f9f77cbc3980b04c086.jpg\" alt=\"\"\/><\/p>\n<p>Helsinki-Vantaalla on saatu taas odotella lentojen l\u00e4ht\u00f6\u00e4. Arkistokuva. Karoliina Vuorenm\u00e4ki \/ KL<\/p>\n<p class=\"paragraph\">Useat kansainv\u00e4liset lennot Helsinki-Vantaan lentokent\u00e4lt\u00e4 ovat olleet sunnuntaina pahasti my\u00f6h\u00e4ss\u00e4.<\/p>\n<p class=\"paragraph\">Iltap\u00e4iv\u00e4n ja alkuillan lennot Z\u00fcrichiin, Phuketiin, Hampuriin, Berliiniin, Delhiin ja G\u00f6teborgiin ovat olleet puolestatoista tunnista yli kolmeen tuntiin my\u00f6h\u00e4ss\u00e4, <a href=\"https:\/\/www.finavia.fi\/fi\/lentoasemat\/helsinki-vantaa\/lennot\" target=\"_blank\" rel=\"noopener nofollow\">Finavian sivuilta<\/a> selvi\u00e4\u00e4.<\/p>\n<p class=\"paragraph\">Kello kahdeksan j\u00e4lkeen l\u00e4htev\u00e4t lennot ovat toistaiseksi aikataulussa.<\/p>\n<p>Euroopassa myrsky\u00e4\u00e4<\/p>\n<p class=\"paragraph\">My\u00f6h\u00e4stymiset johtuvat Euroopan s\u00e4\u00e4tilasta, Finavian viestint\u00e4p\u00e4\u00e4llikk\u00f6 <strong>Pia Fast<\/strong> kertoi Iltalehdelle jo lauantaina. Helsinki-Vantaalla oli runsaasti my\u00f6h\u00e4stymisi\u00e4 lauantaina.<\/p>\n<p class=\"paragraph\">\u2013 Ymp\u00e4ri Eurooppaa on ollut eri lentoasemilla t\u00e4n\u00e4\u00e4n s\u00e4\u00e4olosuhteista johtuvia viiv\u00e4stymisi\u00e4 ja lentoliikenteen rajoituksia. Se n\u00e4kyy my\u00f6s Suomessa, sill\u00e4 kun lennot tulevat t\u00e4nne my\u00f6h\u00e4ss\u00e4, niin ne my\u00f6s l\u00e4htev\u00e4t aikataulustaan j\u00e4ljess\u00e4, Fast sanoi.<\/p>\n<p class=\"paragraph\">Rajoitukset Euroopan lentokentill\u00e4 ovat jatkuneet my\u00f6s sunnuntaina. Ongelmat jatkuvat yh\u00e4. Alankomaalainen lentoyhti\u00f6 KLM on perunut maanantailta 124 lentoa s\u00e4\u00e4olojen vuoksi, kertoo uutistoimisto Reuters.<\/p>\n","protected":false},"excerpt":{"rendered":"Tilanne helpottaa illan edetess\u00e4. Helsinki-Vantaalla on saatu taas odotella lentojen l\u00e4ht\u00f6\u00e4. Arkistokuva. Karoliina Vuorenm\u00e4ki \/ KL Useat kansainv\u00e4liset&hellip;\n","protected":false},"author":2,"featured_media":133479,"comment_status":"","ping_status":"","sticky":false,"template":"","format":"standard","meta":{"footnotes":""},"categories":[76],"tags":[35,79,77,8482,33,31,30,4209,2910,121,923,32,78],"class_list":{"0":"post-133478","1":"post","2":"type-post","3":"status-publish","4":"format-standard","5":"has-post-thumbnail","7":"category-talous","8":"tag-24h","9":"tag-business","10":"tag-economy","11":"tag-eurooppaan-matkustaminen","12":"tag-fi","13":"tag-finland","14":"tag-finnish","15":"tag-lentokentat","16":"tag-lentoliikenne-ilmaliikenne","17":"tag-liikenne-ja-kuljetus","18":"tag-matkustaminen","19":"tag-suomi","20":"tag-talous"},"share_on_mastodon":{"url":"https:\/\/pubeurope.com\/@fi\/115838543870450044","error":""},"_links":{"self":[{"href":"https:\/\/www.europesays.com\/fi\/wp-json\/wp\/v2\/posts\/133478","targetHints":{"allow":["GET"]}}],"collection":[{"href":"https:\/\/www.europesays.com\/fi\/wp-json\/wp\/v2\/posts"}],"about":[{"href":"https:\/\/www.europesays.com\/fi\/wp-json\/wp\/v2\/types\/post"}],"author":[{"embeddable":true,"href":"https:\/\/www.europesays.com\/fi\/wp-json\/wp\/v2\/users\/2"}],"replies":[{"embeddable":true,"href":"https:\/\/www.europesays.com\/fi\/wp-json\/wp\/v2\/comments?post=133478"}],"version-history":[{"count":0,"href":"https:\/\/www.europesays.com\/fi\/wp-json\/wp\/v2\/posts\/133478\/revisions"}],"wp:featuredmedia":[{"embeddable":true,"href":"https:\/\/www.europesays.com\/fi\/wp-json\/wp\/v2\/media\/133479"}],"wp:attachment":[{"href":"https:\/\/www.europesays.com\/fi\/wp-json\/wp\/v2\/media?parent=133478"}],"wp:term":[{"taxonomy":"category","embeddable":true,"href":"https:\/\/www.europesays.com\/fi\/wp-json\/wp\/v2\/categories?post=133478"},{"taxonomy":"post_tag","embeddable":true,"href":"https:\/\/www.europesays.com\/fi\/wp-json\/wp\/v2\/tags?post=133478"}],"curies":[{"name":"wp","href":"https:\/\/api.w.org\/{rel}","templated":true}]}}