{"id":133484,"date":"2026-01-04T19:46:06","date_gmt":"2026-01-04T19:46:06","guid":{"rendered":"https:\/\/www.europesays.com\/fi\/133484\/"},"modified":"2026-01-04T19:46:06","modified_gmt":"2026-01-04T19:46:06","slug":"avalanche-on-jalleen-mielettomassa-voittoputkessa","status":"publish","type":"post","link":"https:\/\/www.europesays.com\/fi\/133484\/","title":{"rendered":"Avalanche on j\u00e4lleen mielett\u00f6m\u00e4ss\u00e4 voittoputkessa"},"content":{"rendered":"<p>Colorado Avalanche on taas vy\u00f6rynyt voitosta voittoon. Joukkue otti lauantaina jo 10. per\u00e4kk\u00e4isen voittonsa kaataessaan Carolina Hurricanesin.<\/p>\n<p>Ottelu oli ensimm\u00e4inen kolmesta per\u00e4kk\u00e4isest\u00e4 vieraskent\u00e4ll\u00e4. Nelj\u00e4n p\u00e4iv\u00e4n aikana Avalanche kohtaa Hurricanesin, Florida Panthersin ja Tampa Bay Lightningin.<\/p>\n<p>&#8211; T\u00e4llaiset vieraspelien putket ovat kovia. Pelitahti on tiukka ja olemme v\u00e4h\u00e4n alivoimaisina. T\u00e4llaiseen haluaa hyv\u00e4n l\u00e4hd\u00f6n, koska ei se t\u00e4st\u00e4 ainakaan helpotu, Avalanchen p\u00e4\u00e4valmentaja Jared Bednar sanoi.<\/p>\n<p>Runkosarjasta on pelattu noin puolet, mutta Avalanche on kokenut t\u00e4m\u00e4n aiemminkin. Marraskuun alussa se k\u00e4ynnisti my\u00f6skin kymmeneen otteluun venyneen voittoputken, jonka lopussa oli jopa kolme per\u00e4kk\u00e4ist\u00e4 nollapeli\u00e4.<\/p>\n<p>Colorado on NHL-historian nelj\u00e4s joukkue, joka on pystynyt kahteen v\u00e4hint\u00e4\u00e4n kymmenen ottelun voittoputkeen saman kauden aikana. Aiemmat olivat kauden 2019-20 Tampa Bay Lightning (11 ottelua ja 10 ottelua), kauden 1970-71 Boston Bruins (13 ja 10) sek\u00e4 kauden 1929-30 Bruins (14 ja 11).<\/p>\n<p>Lauantaina Avalanchen kantti oli jo koetuksella, sill\u00e4 Sebastian Aho teki Carolinalle avausmaalin alivoimalla. Kolmannen er\u00e4n Avalanche aloitti 1-3-tappioasemassa. Sen j\u00e4lkeen se teki nelj\u00e4 maalia per\u00e4kk\u00e4in ja voitti 5-3.<\/p>\n<p>&#8211; Olisi helppo luovuttaa, mutta heti kun kiekko putosi kolmannessa er\u00e4ss\u00e4 j\u00e4\u00e4h\u00e4n, joukkue esiintyi p\u00e4\u00e4tt\u00e4v\u00e4isesti, Bednar ihaili.<\/p>\n<p>&#8211; Oli mahtavaa n\u00e4hd\u00e4, miten joukkue ryhtyi hommiin ja teki tarvittavan. Joskus siihen tarvitaan my\u00f6s onnea. Nyt sit\u00e4 oli, ja saimme tuloksen.<\/p>\n","protected":false},"excerpt":{"rendered":"Colorado Avalanche on taas vy\u00f6rynyt voitosta voittoon. Joukkue otti lauantaina jo 10. per\u00e4kk\u00e4isen voittonsa kaataessaan Carolina Hurricanesin. Ottelu&hellip;\n","protected":false},"author":2,"featured_media":133485,"comment_status":"","ping_status":"","sticky":false,"template":"","format":"standard","meta":{"footnotes":""},"categories":[5],"tags":[22,23,26,27,33,31,30,17,24,25,28,29,15,18,21,32,19,20,16],"class_list":{"0":"post-133484","1":"post","2":"type-post","3":"status-publish","4":"format-standard","5":"has-post-thumbnail","7":"category-otsikot","8":"tag-breaking-news","9":"tag-breakingnews","10":"tag-featured-news","11":"tag-featurednews","12":"tag-fi","13":"tag-finland","14":"tag-finnish","15":"tag-headlines","16":"tag-latest-news","17":"tag-latestnews","18":"tag-main-news","19":"tag-mainnews","20":"tag-news","21":"tag-otsikot","22":"tag-paauutiset","23":"tag-suomi","24":"tag-top-stories","25":"tag-topstories","26":"tag-uutiset"},"share_on_mastodon":{"url":"https:\/\/pubeurope.com\/@fi\/115838555416623606","error":""},"_links":{"self":[{"href":"https:\/\/www.europesays.com\/fi\/wp-json\/wp\/v2\/posts\/133484","targetHints":{"allow":["GET"]}}],"collection":[{"href":"https:\/\/www.europesays.com\/fi\/wp-json\/wp\/v2\/posts"}],"about":[{"href":"https:\/\/www.europesays.com\/fi\/wp-json\/wp\/v2\/types\/post"}],"author":[{"embeddable":true,"href":"https:\/\/www.europesays.com\/fi\/wp-json\/wp\/v2\/users\/2"}],"replies":[{"embeddable":true,"href":"https:\/\/www.europesays.com\/fi\/wp-json\/wp\/v2\/comments?post=133484"}],"version-history":[{"count":0,"href":"https:\/\/www.europesays.com\/fi\/wp-json\/wp\/v2\/posts\/133484\/revisions"}],"wp:featuredmedia":[{"embeddable":true,"href":"https:\/\/www.europesays.com\/fi\/wp-json\/wp\/v2\/media\/133485"}],"wp:attachment":[{"href":"https:\/\/www.europesays.com\/fi\/wp-json\/wp\/v2\/media?parent=133484"}],"wp:term":[{"taxonomy":"category","embeddable":true,"href":"https:\/\/www.europesays.com\/fi\/wp-json\/wp\/v2\/categories?post=133484"},{"taxonomy":"post_tag","embeddable":true,"href":"https:\/\/www.europesays.com\/fi\/wp-json\/wp\/v2\/tags?post=133484"}],"curies":[{"name":"wp","href":"https:\/\/api.w.org\/{rel}","templated":true}]}}