{"id":133504,"date":"2026-01-04T20:32:05","date_gmt":"2026-01-04T20:32:05","guid":{"rendered":"https:\/\/www.europesays.com\/fi\/133504\/"},"modified":"2026-01-04T20:32:05","modified_gmt":"2026-01-04T20:32:05","slug":"suomalaisilta-taystyrmays-liikemies-ehdotti-joulun-siirtamista","status":"publish","type":"post","link":"https:\/\/www.europesays.com\/fi\/133504\/","title":{"rendered":"Suomalaisilta t\u00e4ystyrm\u00e4ys: Liikemies ehdotti joulun siirt\u00e4mist\u00e4"},"content":{"rendered":"<p>Kauppaneuvos ja kauppaketju Tokmannin perustaja Ky\u00f6sti Kakkonen ilmoitti jokin aika sitten, ett\u00e4 joulun siirt\u00e4mist\u00e4 voisi harkita.<\/p>\n<p>Aatto tulisi siirt\u00e4\u00e4 perjantaille, jolloin lauantai ja sunnuntai olisivat pyh\u00e4p\u00e4ivi\u00e4. Esimerkiksi kansanedustaja Tarja Filatov (sd) ei l\u00e4mmennyt ehdotukselle.<\/p>\n<p>Joulunaaton siirt\u00e4misest\u00e4 virinnyt keskustelu ei ota loppuakseen viel\u00e4k\u00e4\u00e4n, vaan keskustelupalstoille ilmestyy aiheesta debattia.<\/p>\n<p>Erikoista debatissa on, ett\u00e4 Kakkonen ei tunnu saavan mink\u00e4\u00e4nlaista vastakaikua ehdotukselleen.<\/p>\n<p>Kuten er\u00e4s Touko ilmoittaa Iltalehden somen kommenttikent\u00e4ss\u00e4:<\/p>\n<p>-Tapahtui joulun ihme. Luin satoja kommentteja, ja t\u00e4\u00e4ll\u00e4 jokainen on kirkkaanvihre\u00e4st\u00e4 piipert\u00e4j\u00e4st\u00e4 kaljamahaisimpaan \u00f6yh\u00f6tt\u00e4j\u00e4\u00e4n samaa mielt\u00e4 asiasta: ei siirret\u00e4! Koskaan en ole n\u00e4hnyt mit\u00e4\u00e4n vastaavaa. Hyv\u00e4 me, Touko kirjoittaa.<\/p>\n<p>Ahneudella ei ole kuulemma mit\u00e4\u00e4n rajaa \u2013 t\u00e4h\u00e4n kulminoitui monen kirjoittajan viesti. Viesti osoitti kuulemma liikemiehen ahneutta ja asennetta ty\u00f6ntekij\u00f6it\u00e4\u00e4n kohtaan \u2013 eip\u00e4h\u00e4n tule ylim\u00e4\u00e4r\u00e4isi\u00e4 arkipyh\u00e4korvauksia makseltua, jos joulu siirret\u00e4\u00e4n.<\/p>\n<p>Toki pit\u00e4\u00e4 muistaa, ett\u00e4 Kakkonen on myynyt Tokmannin jo 14 vuotta sitten.<\/p>\n<p>Lue my\u00f6s: <a href=\"https:\/\/www.como.fi\/tilaa-comon-uutiskirje\/\" title=\"Tilaa Comon uutiskirje ja tied\u00e4t mist\u00e4 kahvitauolla puhutaan! Nappaa kotimaan tv-vinkit ja puheenaiheet suoraan s\u00e4hk\u00f6postiin t\u00e4st\u00e4.\" class=\"underline-custom !font-montserrat !font-bold !underline-offset-4 !decoration-4 !decoration-red-600 !text-md\" rel=\"nofollow noopener\" target=\"_blank\">Tilaa Comon uutiskirje ja tied\u00e4t mist\u00e4 kahvitauolla puhutaan! Nappaa kotimaan tv-vinkit ja puheenaiheet suoraan s\u00e4hk\u00f6postiin t\u00e4st\u00e4.<\/a><\/p>\n","protected":false},"excerpt":{"rendered":"Kauppaneuvos ja kauppaketju Tokmannin perustaja Ky\u00f6sti Kakkonen ilmoitti jokin aika sitten, ett\u00e4 joulun siirt\u00e4mist\u00e4 voisi harkita. Aatto tulisi&hellip;\n","protected":false},"author":2,"featured_media":133505,"comment_status":"","ping_status":"","sticky":false,"template":"","format":"standard","meta":{"footnotes":""},"categories":[130],"tags":[137,33,31,30,5856,32,109],"class_list":{"0":"post-133504","1":"post","2":"type-post","3":"status-publish","4":"format-standard","5":"has-post-thumbnail","7":"category-viihde","8":"tag-entertainment","9":"tag-fi","10":"tag-finland","11":"tag-finnish","12":"tag-joulu","13":"tag-suomi","14":"tag-viihde"},"share_on_mastodon":{"url":"https:\/\/pubeurope.com\/@fi\/115838736335071430","error":""},"_links":{"self":[{"href":"https:\/\/www.europesays.com\/fi\/wp-json\/wp\/v2\/posts\/133504","targetHints":{"allow":["GET"]}}],"collection":[{"href":"https:\/\/www.europesays.com\/fi\/wp-json\/wp\/v2\/posts"}],"about":[{"href":"https:\/\/www.europesays.com\/fi\/wp-json\/wp\/v2\/types\/post"}],"author":[{"embeddable":true,"href":"https:\/\/www.europesays.com\/fi\/wp-json\/wp\/v2\/users\/2"}],"replies":[{"embeddable":true,"href":"https:\/\/www.europesays.com\/fi\/wp-json\/wp\/v2\/comments?post=133504"}],"version-history":[{"count":0,"href":"https:\/\/www.europesays.com\/fi\/wp-json\/wp\/v2\/posts\/133504\/revisions"}],"wp:featuredmedia":[{"embeddable":true,"href":"https:\/\/www.europesays.com\/fi\/wp-json\/wp\/v2\/media\/133505"}],"wp:attachment":[{"href":"https:\/\/www.europesays.com\/fi\/wp-json\/wp\/v2\/media?parent=133504"}],"wp:term":[{"taxonomy":"category","embeddable":true,"href":"https:\/\/www.europesays.com\/fi\/wp-json\/wp\/v2\/categories?post=133504"},{"taxonomy":"post_tag","embeddable":true,"href":"https:\/\/www.europesays.com\/fi\/wp-json\/wp\/v2\/tags?post=133504"}],"curies":[{"name":"wp","href":"https:\/\/api.w.org\/{rel}","templated":true}]}}