{"id":13351,"date":"2025-08-22T17:40:08","date_gmt":"2025-08-22T17:40:08","guid":{"rendered":"https:\/\/www.europesays.com\/fi\/13351\/"},"modified":"2025-08-22T17:40:08","modified_gmt":"2025-08-22T17:40:08","slug":"viesti-todistaa-mira-luodille-tarjottiin-heti-kuvausten-jalkeen-1500-euroa-jotta-voidaan-poistaa-asia-paivajarjestyksesta","status":"publish","type":"post","link":"https:\/\/www.europesays.com\/fi\/13351\/","title":{"rendered":"Viesti todistaa: Mira Luodille tarjottiin heti kuvausten j\u00e4lkeen 1500 euroa, jotta voidaan \u201dpoistaa asia p\u00e4iv\u00e4j\u00e4rjestyksest\u00e4\u201d"},"content":{"rendered":"<p>HS:n tiedot|Tuotantoyhti\u00f6 Warner Bros. ehdotti syyskuussa 2016 Mira Luodille, ett\u00e4 t\u00e4m\u00e4 laskuttaa osallistumisestaan Julkkisselviytyj\u00e4t-ohjelmaan 1\u202f500 euroa. Tuotantoyhti\u00f6n edustaja toivoi, ett\u00e4 \u201dt\u00e4m\u00e4 ehdotus tyydytt\u00e4\u00e4 sek\u00e4 poistaa asian p\u00e4iv\u00e4j\u00e4rjestyksest\u00e4\u201d.<\/p>\n<p class=\"article-body margin-bottom-24 padding-x-16\">Tuotantoyhti\u00f6 Warner Bros. ehdotti laulaja <a class=\"article-personlink\" href=\"https:\/\/www.hs.fi\/haku\/?query=Mira%20Luodille\" rel=\"nofollow noopener\" target=\"_blank\">Mira Luodille<\/a> 1\u202f500 euron korvausta Julkkisselviytyj\u00e4t-ohjelman kuvauksissa sattuneista \u201dik\u00e4vist\u00e4 tilanteista\u201d, paljastuu HS:n haltuunsa saamasta viestist\u00e4.<\/p>\n<p class=\"article-body margin-bottom-24 padding-x-16\">Samalla paljastuu, ett\u00e4 Warner Bros. International Television Production Finland -tuotantoyhti\u00f6ss\u00e4 on tiedetty ainakin jo heti kuvausten j\u00e4lkeen, mit\u00e4 Luoti on kertonut kokeneensa kuvausten yhteydess\u00e4 elokuussa 2016.<\/p>\n<p class=\"article-body margin-bottom-24 padding-x-16\">Uudet tiedot ovat ristiriidassa tuotantoyhti\u00f6n aiemmin kertoman kanssa.<\/p>\n<p class=\"article-body margin-bottom-24 padding-x-16\">HS sai k\u00e4siins\u00e4 tuotantoyhti\u00f6n edustajan viestin, joka on l\u00e4hetetty 12. syyskuuta vuonna 2016, siis pari viikkoa ohjelman kuvausten j\u00e4lkeen. Viestiss\u00e4 kerrotaan, ett\u00e4 Luodin ja h\u00e4nen kilpakumppaninsa <a class=\"article-personlink\" href=\"https:\/\/www.hs.fi\/haku\/?query=Makwan%20%E2%80%9DMaku%E2%80%9D%20Amirkhanin\" rel=\"nofollow noopener\" target=\"_blank\">Makwan \u201dMaku\u201d Amirkhanin<\/a> v\u00e4lill\u00e4 on tapahtunut jokin v\u00e4likohtaus, ja ehdotetaan asian hoitamista rahalla.<\/p>\n<p class=\"article-body margin-bottom-24 padding-x-16\">\u201dJ\u00e4i viel\u00e4 vaiheeseen tuo Miran ja  Makwanin asia toissa viikolta. T\u00e4ss\u00e4 ehdotuksemme kuinka asia voitaisiin hoitaa. Olemme valmiita triplaamaan Miran palkkion t\u00e4st\u00e4 ohjelmasta ja h\u00e4n voisi laskuttaa 1500 \u20ac. Toivon, ett\u00e4 menettely ja ehdotus tyydytt\u00e4\u00e4 sek\u00e4 poistaa asian p\u00e4iv\u00e4j\u00e4rjestyksest\u00e4. Olemme edelleen pahoillamme ett\u00e4 h\u00e4n joutui ik\u00e4viin tilanteisiin  Makwanin taholta.\u201d<\/p>\n<p class=\"article-body margin-bottom-24 padding-x-16\">Amirkhani ei halunnut kommentoida asiaa HS:lle aiemmin t\u00e4ll\u00e4 viikolla.<\/p>\n<p class=\"article-body margin-bottom-24 padding-x-16\">Warner Bros. ja Julkkisselviytyj\u00e4t-ohjelman vuonna 2017 esitt\u00e4nyt Nelonen ilmoittivat aiemmin t\u00e4ll\u00e4 viikolla HS:n toimitukselle s\u00e4hk\u00f6postitse, ett\u00e4 tuotanto sai tiet\u00e4\u00e4 tapahtumien yksityiskohdista v\u00e4hitt\u00e4in ja vasta ohjelman esitt\u00e4misen j\u00e4lkeen.<\/p>\n<p class=\"article-body margin-bottom-24 padding-x-16\">Ristiriitaa on my\u00f6s Warner Brosin toiminnassa ja kommenteissa Luodille ehdotetusta ja maksetusta korvauksesta.<\/p>\n<p class=\"article-body margin-bottom-24 padding-x-16\">Yhti\u00f6n toimitusjohtaja <a class=\"article-personlink\" href=\"https:\/\/www.hs.fi\/haku\/?query=Antti%20V%C3%A4is%C3%A4nen\" rel=\"nofollow noopener\" target=\"_blank\">Antti V\u00e4is\u00e4nen<\/a> ilmoitti keskiviikkona HS:lle tekstiviestill\u00e4: \u201dHiljaiseksi maksaminen ei kuulu toimintatapoihimme.\u201d<\/p>\n<p class=\"article-body margin-bottom-24 padding-x-16\">Vuoden 2016 viestin sis\u00e4ll\u00f6n perusteella n\u00e4ytt\u00e4\u00e4 silt\u00e4, ettei t\u00e4m\u00e4 ole totta.<\/p>\n<p class=\"article-body margin-bottom-24 padding-x-16\">Sek\u00e4 tuotantoyhti\u00f6 ett\u00e4 kanava vakuuttivat HS:lle tiistaina, ett\u00e4 molemmilla on \u201dnollatoleranssi kaikenlaista asiatonta k\u00e4yt\u00f6st\u00e4 kohtaan\u201d.<\/p>\n<p class=\"article-body margin-bottom-24 padding-x-16\">Torstaina V\u00e4is\u00e4nen kirjoitti Linkedin-profiilissaan ja Warnerin Instagramissa, ett\u00e4 Warner korjaa aiempaa tietoa korvaussumman korotuksesta.<\/p>\n<p class=\"article-body margin-bottom-24 padding-x-16\">\u201dSe liittyi ensisijaisesti siihen, ett\u00e4 kuvausten olosuhteet eiv\u00e4t vastanneet aiemmin sovittua palkkiota, ei julkisuudessa t\u00e4ll\u00e4 viikolla k\u00e4siteltyihin tietoihin.\u201d<\/p>\n<p class=\"article-body margin-bottom-24 padding-x-16\">Antti V\u00e4is\u00e4nen toimi itse aikanaan Julkkisselviytyjien vastaavana tuottajana. V\u00e4is\u00e4nen ei kommentoinut HS:lle Warnerin edustajan vuonna 2016 l\u00e4hett\u00e4m\u00e4\u00e4 s\u00e4hk\u00f6postiviesti\u00e4.<\/p>\n<p><img decoding=\"async\" src=\"https:\/\/www.europesays.com\/fi\/wp-content\/uploads\/2025\/08\/1755884408_494_468.jpg\" alt=\"Ruutukaappaus s\u00e4hk\u00f6postiviestist\u00e4, joka on l\u00e4hetetty 12. syyskuuta 2016. L\u00e4hett\u00e4j\u00e4n ja vastaanottajan nimet on peitetty HS:n toimituksessa.\" class=\"_Img_tdqg8_1\" style=\"aspect-ratio:1\" loading=\"eager\"\/><\/p>\n<p class=\"article-picture-caption\">Ruutukaappaus s\u00e4hk\u00f6postiviestist\u00e4, joka on l\u00e4hetetty 12. syyskuuta 2016. L\u00e4hett\u00e4j\u00e4n ja vastaanottajan nimet on peitetty HS:n toimituksessa.<\/p>\n<p class=\"article-body margin-bottom-24 padding-x-16\">Mira Luoti on tyrmistynyt tuotantoyhti\u00f6n \u201dnollatoleranssi\u201d-luonnehdinnasta sek\u00e4 V\u00e4is\u00e4sen v\u00e4itteest\u00e4, jonka mukaan Julkkisselviytyjien kuvauksissa turvallisuudesta huolehti paikan p\u00e4\u00e4ll\u00e4 oma henkil\u00f6 sek\u00e4 ulkopuolinen vartiointiliike.<\/p>\n<p class=\"article-body margin-bottom-24 padding-x-16\">\u201dKuvausten aikana kyll\u00e4, mutta y\u00f6t olimme kesken\u00e4mme\u201d, HS:n tavoittama Luoti sanoo.<\/p>\n<p class=\"article-body margin-bottom-24 padding-x-16\">Seikkailu- ja realityohjelma Julkkisselviytyjiss\u00e4 40 suomalaista julkisuuden henkil\u00f6\u00e4 l\u00e4hetettiin kolmeksi p\u00e4iv\u00e4ksi ja kahdeksi y\u00f6ksi luontoon ilman ruokaa, y\u00f6sijaa tai mukavuuksia. Kilpailijoista muodostettiin parit, joiden yhteisty\u00f6 oli olennaista Espoon Nuuksiossa selviytymisen ja kilpailussa menestymisen kannalta.<\/p>\n<p class=\"article-body margin-bottom-24 padding-x-16\"><a class=\"article-genericlink\" href=\"https:\/\/www.iltalehti.fi\/tv-ja-leffat\/a\/201701242200059091\" rel=\"nofollow noopener\" target=\"_blank\">Iltalehden mukaan<\/a> Luodin kilpakumppani Makwan Amirkhani pahoitteli k\u00e4yt\u00f6st\u00e4\u00e4n aikoinaan sarjassa. My\u00f6hemmin h\u00e4n pahoitteli k\u00e4yt\u00f6st\u00e4\u00e4n Radio Rockin <a class=\"article-genericlink\" href=\"https:\/\/www.ruutu.fi\/video\/2886840\" rel=\"nofollow noopener\" target=\"_blank\">haastattelussa<\/a>. Tuolloin, ennen ensimm\u00e4isen jakson esitt\u00e4mist\u00e4 televisiossa, Amirkhani kertoi Radio Rockin Korporaation haastattelussa \u201daiheuttaneensa pelkoa\u201d kuvauksissa.<\/p>\n<p class=\"article-body margin-bottom-24 padding-x-16\">Luoti on aiemmin kertonut joutuneensa seksuaalisen v\u00e4kivallan uhriksi viihdeohjelman kuvauksissa. Asia tulee esille Ylen dokumenttielokuvassa PMMP keikalla: Ei en\u00e4\u00e4 ikin\u00e4, joka ilmestyy 6. syyskuuta. Ylen ohjelmasta tekem\u00e4ss\u00e4 ennakkohaastattelussa Luoti ei kertonut, mink\u00e4 ohjelman kuvauksista oli kyse.<\/p>\n<p class=\"article-body margin-bottom-24 padding-x-16\">Warner Bros. ja Nelonen vahvistivat HS:lle tiistaina, ett\u00e4 kyse on Julkkisselviytyjist\u00e4. Luoti ei ole kertonut HS:lle, millaisesta teosta tarkkaan ottaen olisi kyse tai kuka siihen olisi syyllistynyt.<\/p>\n<p class=\"article-body margin-bottom-24 padding-x-16\">Dokumentissa Luoti kuvailee kuvauksia sanoilla \u201dse oli ihan painajaista koko helvetin reissu\u201d.<\/p>\n<p class=\"article-body margin-bottom-24 padding-x-16\">H\u00e4n kertoo dokumentissa olevansa pettynyt my\u00f6s siihen, miten yksin tuotantoyhti\u00f6 h\u00e4net j\u00e4tti tilanteen kanssa.<\/p>\n<p class=\"article-body margin-bottom-24 padding-x-16\">\u201dOlin niin pettynyt, ett\u00e4 ne eiv\u00e4t auta. Vaikka olenkin vahva tyyppi, siin\u00e4 kohtaa annoin reippaasti periksi. Henkisesti tuli kallis hinta viihdeohjelmalle\u201d, h\u00e4n sanoi.<\/p>\n<p class=\"article-body margin-bottom-24 padding-x-16\">Nyt Luoti kertoo HS:lle, ett\u00e4 h\u00e4n on pettynyt uudemman kerran.<\/p>\n<p class=\"article-body margin-bottom-24 padding-x-16\">Tuotantoyhti\u00f6 oli h\u00e4nen mukaansa pahoitellut h\u00e4nelle keskiviikkona, kuinka laulaja j\u00e4tettiin aikoinaan yksin.<\/p>\n<p class=\"article-body margin-bottom-24 padding-x-16\">Luodin mukaan Warnerin toimitusjohtaja V\u00e4is\u00e4nen v\u00e4litti kuitenkin anteeksipyynn\u00f6n kanssa ristiriitaista viesti\u00e4 HS:lle aiemmin viikolla l\u00e4hett\u00e4m\u00e4ss\u00e4\u00e4n s\u00e4hk\u00f6postissa.<\/p>\n<p class=\"article-body margin-bottom-24 padding-x-16\">My\u00f6s ihmisten heitot lehtien kommenttipalstoilla Luodin \u201dhiljaiseksi maksamisesta\u201d \u00e4rsytt\u00e4v\u00e4t h\u00e4nt\u00e4.<\/p>\n<p class=\"article-body margin-bottom-24 padding-x-16\">\u201dOlin siin\u00e4 vaiheessa jo tienannut sen verran, ett\u00e4 1\u202f500 euroa ei olisi ollut siihen riitt\u00e4v\u00e4 raha\u201d, Luoti sanoo.<\/p>\n<p class=\"article-body margin-bottom-24 padding-x-16\">\u201dEl\u00e4m\u00e4ss\u00e4 oli silloin kaikenlaista, en jaksanut riidell\u00e4.\u201d<\/p>\n<p class=\"article-body margin-bottom-24 padding-x-16\">Luoti on kertonut muun muassa Vain el\u00e4m\u00e4\u00e4 -ohjelmassa, ett\u00e4 juuri vuonna 2016 h\u00e4nen veljens\u00e4 kuoli. Lis\u00e4ksi h\u00e4nen leikki-ik\u00e4isell\u00e4 <a class=\"article-genericlink\" href=\"https:\/\/www.is.fi\/viihde\/art-2000005690023.html\" rel=\"nofollow noopener\" target=\"_blank\">lapsellaan oli todettu<\/a> synnynn\u00e4inen syd\u00e4nvika.<\/p>\n<p class=\"article-body margin-bottom-24 padding-x-16\">Luoti sanoo, ett\u00e4 PMMP-dokumentin yksi tarkoitus on osoittaa valtarakenteiden olemassaolo.<\/p>\n<p class=\"article-body margin-bottom-24 padding-x-16\">Luoti ei kadu, vaikka vanhojen haavojen repiminen auki tuntuukin juuri nyt pahalta.<\/p>\n<p class=\"article-body margin-bottom-24 padding-x-16\">\u201dYmp\u00e4rill\u00e4ni on onneksi ihmisi\u00e4, joilta saan nyt tukea.\u201d<\/p>\n<p class=\"article-body nof-ui-body-medium margin-bottom-24 padding-x-16\">Helsingin Sanomat ja Nelonen kuuluvat Sanoma-konserniin.<\/p>\n","protected":false},"excerpt":{"rendered":"HS:n tiedot|Tuotantoyhti\u00f6 Warner Bros. ehdotti syyskuussa 2016 Mira Luodille, ett\u00e4 t\u00e4m\u00e4 laskuttaa osallistumisestaan Julkkisselviytyj\u00e4t-ohjelmaan 1\u202f500 euroa. Tuotantoyhti\u00f6n edustaja&hellip;\n","protected":false},"author":2,"featured_media":13352,"comment_status":"","ping_status":"","sticky":false,"template":"","format":"standard","meta":{"footnotes":""},"categories":[133],"tags":[137,33,31,30,46,32,206,156,109],"class_list":{"0":"post-13351","1":"post","2":"type-post","3":"status-publish","4":"format-standard","5":"has-post-thumbnail","7":"category-televisiot","8":"tag-entertainment","9":"tag-fi","10":"tag-finland","11":"tag-finnish","12":"tag-helsingin-sanomat","13":"tag-suomi","14":"tag-televisiot","15":"tag-tv","16":"tag-viihde"},"share_on_mastodon":{"url":"","error":""},"_links":{"self":[{"href":"https:\/\/www.europesays.com\/fi\/wp-json\/wp\/v2\/posts\/13351","targetHints":{"allow":["GET"]}}],"collection":[{"href":"https:\/\/www.europesays.com\/fi\/wp-json\/wp\/v2\/posts"}],"about":[{"href":"https:\/\/www.europesays.com\/fi\/wp-json\/wp\/v2\/types\/post"}],"author":[{"embeddable":true,"href":"https:\/\/www.europesays.com\/fi\/wp-json\/wp\/v2\/users\/2"}],"replies":[{"embeddable":true,"href":"https:\/\/www.europesays.com\/fi\/wp-json\/wp\/v2\/comments?post=13351"}],"version-history":[{"count":0,"href":"https:\/\/www.europesays.com\/fi\/wp-json\/wp\/v2\/posts\/13351\/revisions"}],"wp:featuredmedia":[{"embeddable":true,"href":"https:\/\/www.europesays.com\/fi\/wp-json\/wp\/v2\/media\/13352"}],"wp:attachment":[{"href":"https:\/\/www.europesays.com\/fi\/wp-json\/wp\/v2\/media?parent=13351"}],"wp:term":[{"taxonomy":"category","embeddable":true,"href":"https:\/\/www.europesays.com\/fi\/wp-json\/wp\/v2\/categories?post=13351"},{"taxonomy":"post_tag","embeddable":true,"href":"https:\/\/www.europesays.com\/fi\/wp-json\/wp\/v2\/tags?post=13351"}],"curies":[{"name":"wp","href":"https:\/\/api.w.org\/{rel}","templated":true}]}}