{"id":133514,"date":"2026-01-04T20:50:07","date_gmt":"2026-01-04T20:50:07","guid":{"rendered":"https:\/\/www.europesays.com\/fi\/133514\/"},"modified":"2026-01-04T20:50:07","modified_gmt":"2026-01-04T20:50:07","slug":"nayttelija-sydney-sweeney-vieraili-lapissa-uutisia-lyhyesti","status":"publish","type":"post","link":"https:\/\/www.europesays.com\/fi\/133514\/","title":{"rendered":"N\u00e4yttelij\u00e4 Sydney Sweeney vieraili Lapissa | Uutisia lyhyesti"},"content":{"rendered":"<p class=\"aw-1gybjub aw-5vja16 kEtdKx kmuxyA yle__article__paragraph\">Sosiaalisen median videolla n\u00e4kyy esimerkiksi poroajelu, joulupukki, revontulia ja j\u00e4inen liukum\u00e4ki.<\/p>\n<p><img decoding=\"async\" alt=\"Sydney Sweeney.\" src=\"https:\/\/www.europesays.com\/fi\/wp-content\/uploads\/2026\/01\/39-1500899688b23712714f.jpeg\" class=\"aw-1l9m598 hKVVvP\"\/><\/p>\n<p>Avaa kuvien katselu<\/p>\n<p>N\u00e4yttelij\u00e4 tunnetaan esimerkiksi Euphoria ja White Lotus sarjojen n\u00e4yttelij\u00e4n\u00e4. Kuva: D. Jones \/ AOP<\/p>\n<p class=\"aw-1gybjub aw-1p7kakr kEtdKx cEmitX yle__article__paragraph\">Yhdysvaltalainen tunnettu n\u00e4yttelij\u00e4 <strong class=\"aw-ak79eh KyCXm yle__article__strong\">Sydney Sweeney<\/strong> on vieraillut Lapissa.<\/p>\n<p class=\"aw-1gybjub aw-1p7kakr kEtdKx cEmitX yle__article__paragraph\">Sweeney julkaisi Instagram-tilill\u00e4\u00e4n videon erilaisista aktiviteeteista ja maisemista Lapissa. Saatetekstin\u00e4 n\u00e4yttelij\u00e4 kertoo l\u00f6yt\u00e4neens\u00e4 \u201dtalven ihmemaan\u201d.<\/p>\n<p class=\"aw-1gybjub aw-1p7kakr kEtdKx cEmitX yle__article__paragraph\">Videolla n\u00e4kyy esimerkiksi poroajelu, joulupukki, revontulia ja j\u00e4inen liukum\u00e4ki.<\/p>\n<p class=\"aw-1gybjub aw-1p7kakr kEtdKx cEmitX yle__article__paragraph\">Sweeney on yhdysvaltalainen n\u00e4yttelij\u00e4. H\u00e4nen Instagram-tilill\u00e4\u00e4n on suuri n\u00e4kyvyys, ja sill\u00e4 on 25,8 miljoonaa seuraajaa.<\/p>\n<p class=\"aw-1gybjub aw-1p7kakr kEtdKx cEmitX yle__article__paragraph\">Sydney vaikuttaisi k\u00e4yneen ainakin Levill\u00e4 el\u00e4myspuisto Arcandiassa.<\/p>\n<p class=\"aw-1gybjub aw-1p7kakr kEtdKx cEmitX yle__article__paragraph\">Arcandian toimitusjohtaja <strong class=\"aw-ak79eh KyCXm yle__article__strong\">Viivi Autio<\/strong> kertoo Ylelle puhelimitse, ett\u00e4 videolla on kuvaa my\u00f6s el\u00e4myspuistosta. Autio ei kuitenkaan voi vahvistaa onko Sweeney k\u00e4ynyt puistossa.<\/p>\n<p class=\"aw-1gybjub aw-1p7kakr kEtdKx cEmitX yle__article__paragraph\">Autio kertoo, ett\u00e4 heill\u00e4 k\u00e4y paljon vierailijoita ja ajoittain kuuluisuuksiakin.<\/p>\n<p class=\"aw-1gybjub aw-1p7kakr kEtdKx cEmitX yle__article__paragraph\">Lapissa on k\u00e4ynyt viime vuosina useita maailmant\u00e4hti\u00e4. Esimerkiksi televisiopersoona <strong class=\"aw-ak79eh KyCXm yle__article__strong\">Gordon Ramsay<\/strong> <a class=\"aw-iao6s4 iHOxEa yle__article__link\" href=\"https:\/\/yle.fi\/a\/74-20201024\" role=\"link\" rel=\"nofollow noopener\" target=\"_blank\">oli vierailulla Lapissa<\/a> ennen joulua ja jalkapalloilija <strong class=\"aw-ak79eh KyCXm yle__article__strong\">Cristiano Ronaldo<\/strong> <a class=\"aw-iao6s4 iHOxEa yle__article__link\" href=\"https:\/\/yle.fi\/a\/74-20133301\" role=\"link\" rel=\"nofollow noopener\" target=\"_blank\">vuonna 2024<\/a>.<\/p>\n","protected":false},"excerpt":{"rendered":"Sosiaalisen median videolla n\u00e4kyy esimerkiksi poroajelu, joulupukki, revontulia ja j\u00e4inen liukum\u00e4ki. Avaa kuvien katselu N\u00e4yttelij\u00e4 tunnetaan esimerkiksi Euphoria&hellip;\n","protected":false},"author":2,"featured_media":133515,"comment_status":"","ping_status":"","sticky":false,"template":"","format":"standard","meta":{"footnotes":""},"categories":[136],"tags":[407,137,33,31,30,408,71,667,32,109],"class_list":{"0":"post-133514","1":"post","2":"type-post","3":"status-publish","4":"format-standard","5":"has-post-thumbnail","7":"category-julkkikset","8":"tag-celebrities","9":"tag-entertainment","10":"tag-fi","11":"tag-finland","12":"tag-finnish","13":"tag-julkkikset","14":"tag-kotimaa","15":"tag-lappi","16":"tag-suomi","17":"tag-viihde"},"share_on_mastodon":{"url":"https:\/\/pubeurope.com\/@fi\/115838807112827407","error":""},"_links":{"self":[{"href":"https:\/\/www.europesays.com\/fi\/wp-json\/wp\/v2\/posts\/133514","targetHints":{"allow":["GET"]}}],"collection":[{"href":"https:\/\/www.europesays.com\/fi\/wp-json\/wp\/v2\/posts"}],"about":[{"href":"https:\/\/www.europesays.com\/fi\/wp-json\/wp\/v2\/types\/post"}],"author":[{"embeddable":true,"href":"https:\/\/www.europesays.com\/fi\/wp-json\/wp\/v2\/users\/2"}],"replies":[{"embeddable":true,"href":"https:\/\/www.europesays.com\/fi\/wp-json\/wp\/v2\/comments?post=133514"}],"version-history":[{"count":0,"href":"https:\/\/www.europesays.com\/fi\/wp-json\/wp\/v2\/posts\/133514\/revisions"}],"wp:featuredmedia":[{"embeddable":true,"href":"https:\/\/www.europesays.com\/fi\/wp-json\/wp\/v2\/media\/133515"}],"wp:attachment":[{"href":"https:\/\/www.europesays.com\/fi\/wp-json\/wp\/v2\/media?parent=133514"}],"wp:term":[{"taxonomy":"category","embeddable":true,"href":"https:\/\/www.europesays.com\/fi\/wp-json\/wp\/v2\/categories?post=133514"},{"taxonomy":"post_tag","embeddable":true,"href":"https:\/\/www.europesays.com\/fi\/wp-json\/wp\/v2\/tags?post=133514"}],"curies":[{"name":"wp","href":"https:\/\/api.w.org\/{rel}","templated":true}]}}