{"id":133525,"date":"2026-01-04T21:04:07","date_gmt":"2026-01-04T21:04:07","guid":{"rendered":"https:\/\/www.europesays.com\/fi\/133525\/"},"modified":"2026-01-04T21:04:07","modified_gmt":"2026-01-04T21:04:07","slug":"latvia-kaapelirikko-itamerella-ilta-sanomat","status":"publish","type":"post","link":"https:\/\/www.europesays.com\/fi\/133525\/","title":{"rendered":"Latvia: Kaapelirikko It\u00e4merell\u00e4 &#8211; Ilta-Sanomat"},"content":{"rendered":"<p>Asiasta kertoo Latvian p\u00e4\u00e4ministeri.<\/p>\n<p class=\"article-body mb-nof-24 px-nof-16\">Yksityiselle yritykselle kuuluva optinen kaapeli on vaurioitunut It\u00e4merell\u00e4, kertoo Latvian p\u00e4\u00e4ministeri <a class=\"font-bold underline-offset-[0.12em] [text-decoration:var(--person-link-text-decoration)] ![text-decoration-color:var(--person-link-text-decoration-color)]\" href=\"https:\/\/www.is.fi\/haku\/?query=Evika%20Silina\" rel=\"nofollow noopener\" target=\"_blank\">Evika Silina<\/a> sanoi sunnuntaina antamassaan lausunnossa. Vaurio on tapahtunut perjantaina.<\/p>\n<p class=\"article-body mb-nof-24 px-nof-16\">\u2013 It\u00e4merell\u00e4 l\u00e4hell\u00e4 Liepajaa on havaittu yksityisyrityksen omistaman optisen kaapelin vaurio. Tapaus ei ole vaikuttanut Latvian tietoliikenteen k\u00e4ytt\u00e4jiin, p\u00e4\u00e4ministeri Silina kirjoittaa viestipalvelu X:ss\u00e4.<\/p>\n<p class=\"article-body mb-nof-24 px-nof-16\">P\u00e4\u00e4ministeri kertoo, ett\u00e4 poliisi on aloittanut tapauksesta tutkinnan.<\/p>\n<p class=\"article-body mb-nof-24 px-nof-16\">Poliisi ep\u00e4ilee, ett\u00e4 kaapelin yli seilannut laiva on aiheuttanut vaurion, kertoo <a class=\"underline underline-offset-[0.12em] [text-decoration-thickness:var(--generic-link-underline-thickness)] [text-decoration-color:var(--generic-link-underline-color)] [text-decoration-skip-ink:var(--generic-link-underline-skip-ink)] break-words\" href=\"https:\/\/www.delfi.lv\/193\/politics\/120101249\/netalu-no-liepajas-bojats-zemudens-kabelis-policija-ir-uz-aizdomas-tureta-kuga\" rel=\"nofollow noopener\" target=\"_blank\">Delfi<\/a>. Delfin mukaan laiva olisi muuttanut kurssiaan kesken matkan niin, ett\u00e4 se ajelehti kaapelin yli.<\/p>\n<p class=\"article-body mb-nof-24 px-nof-16\">Alus, jota nyt tutkitaan, on satamassa Liepajassa. Aluksen miehist\u00f6\u00e4 ei ole toistaiseksi otettu kiinni. Delfin mukaan miehist\u00f6 on tehnyt yhteisty\u00f6t\u00e4 poliisin kanssa tapahtumien selvitt\u00e4miseksi.<\/p>\n<p class=\"article-body mb-nof-24 px-nof-16\">Latvialaismedian mukaan tieto kaapelivauriosta tuli Liettuan kriisinhallintakeskuksesta lauantaina. Tuolloin Liettuasta kerrottiin, ett\u00e4 yksityinen kaapeli olisi mahdollisesti vaurioitunut perjantaina 2. tammikuuta.<\/p>\n<p class=\"article-body mb-nof-24 px-nof-16\">It\u00e4merell\u00e4 on sattunut useita kaapelivaurioita viime vuosina. Vuosien 2022 ja 2026 v\u00e4lill\u00e4 yhteens\u00e4 ainakin 13 kaasuputkea tai datakaapelia on vaurioitunut.<\/p>\n<p class=\"article-body mb-nof-24 px-nof-16\">Tuoreimpana uudenvuodenaattona Elisan merikaapeli vaurioitui Suomen aluevesill\u00e4. Vaurioittamisesta ep\u00e4ill\u00e4\u00e4n Fitburg-alusta, ja yksi miehist\u00f6n j\u00e4senist\u00e4 on vangittu Suomessa.<\/p>\n<p class=\"article-body mb-nof-24 px-nof-16\">Tammikuussa 2025 Latvian valtion radio- ja televisiokeskuksen kaapeli vaurioitui Ruotsin aluevesill\u00e4. Tuolloin kerrottiin, ett\u00e4 vauriosta ep\u00e4ill\u00e4\u00e4n Maltan lipun alla purjehtivaa Vezhen-irtorahtialusta.<\/p>\n","protected":false},"excerpt":{"rendered":"Asiasta kertoo Latvian p\u00e4\u00e4ministeri. Yksityiselle yritykselle kuuluva optinen kaapeli on vaurioitunut It\u00e4merell\u00e4, kertoo Latvian p\u00e4\u00e4ministeri Evika Silina sanoi&hellip;\n","protected":false},"author":2,"featured_media":133526,"comment_status":"","ping_status":"","sticky":false,"template":"","format":"standard","meta":{"footnotes":""},"categories":[5],"tags":[22,23,26,27,33,31,30,17,34,24,25,28,29,15,18,21,32,19,20,16],"class_list":{"0":"post-133525","1":"post","2":"type-post","3":"status-publish","4":"format-standard","5":"has-post-thumbnail","7":"category-otsikot","8":"tag-breaking-news","9":"tag-breakingnews","10":"tag-featured-news","11":"tag-featurednews","12":"tag-fi","13":"tag-finland","14":"tag-finnish","15":"tag-headlines","16":"tag-ilta-sanomat","17":"tag-latest-news","18":"tag-latestnews","19":"tag-main-news","20":"tag-mainnews","21":"tag-news","22":"tag-otsikot","23":"tag-paauutiset","24":"tag-suomi","25":"tag-top-stories","26":"tag-topstories","27":"tag-uutiset"},"share_on_mastodon":{"url":"https:\/\/pubeurope.com\/@fi\/115838862128834065","error":""},"_links":{"self":[{"href":"https:\/\/www.europesays.com\/fi\/wp-json\/wp\/v2\/posts\/133525","targetHints":{"allow":["GET"]}}],"collection":[{"href":"https:\/\/www.europesays.com\/fi\/wp-json\/wp\/v2\/posts"}],"about":[{"href":"https:\/\/www.europesays.com\/fi\/wp-json\/wp\/v2\/types\/post"}],"author":[{"embeddable":true,"href":"https:\/\/www.europesays.com\/fi\/wp-json\/wp\/v2\/users\/2"}],"replies":[{"embeddable":true,"href":"https:\/\/www.europesays.com\/fi\/wp-json\/wp\/v2\/comments?post=133525"}],"version-history":[{"count":0,"href":"https:\/\/www.europesays.com\/fi\/wp-json\/wp\/v2\/posts\/133525\/revisions"}],"wp:featuredmedia":[{"embeddable":true,"href":"https:\/\/www.europesays.com\/fi\/wp-json\/wp\/v2\/media\/133526"}],"wp:attachment":[{"href":"https:\/\/www.europesays.com\/fi\/wp-json\/wp\/v2\/media?parent=133525"}],"wp:term":[{"taxonomy":"category","embeddable":true,"href":"https:\/\/www.europesays.com\/fi\/wp-json\/wp\/v2\/categories?post=133525"},{"taxonomy":"post_tag","embeddable":true,"href":"https:\/\/www.europesays.com\/fi\/wp-json\/wp\/v2\/tags?post=133525"}],"curies":[{"name":"wp","href":"https:\/\/api.w.org\/{rel}","templated":true}]}}