{"id":133527,"date":"2026-01-04T21:16:08","date_gmt":"2026-01-04T21:16:08","guid":{"rendered":"https:\/\/www.europesays.com\/fi\/133527\/"},"modified":"2026-01-04T21:16:08","modified_gmt":"2026-01-04T21:16:08","slug":"peter-franzenin-upeat-afrikan-lomakuvat-ja-hollywood-ura","status":"publish","type":"post","link":"https:\/\/www.europesays.com\/fi\/133527\/","title":{"rendered":"Peter Franz\u00e9nin upeat Afrikan lomakuvat ja Hollywood-ura"},"content":{"rendered":"<p>            Kai Joronen\n        <\/p>\n<p class=\"subtitle \">Ranskassa asuva Peter ihastuttaa Afrikan maisemissa.<\/p>\n<p class=\"article-content article-content-width !bg-background\">Suomen lahja maailmalle, n\u00e4yttelij\u00e4 , 54, on yh\u00e4 aktiivista uraa uurtava n\u00e4yttelij\u00e4, joka tykk\u00e4\u00e4 viett\u00e4\u00e4 vapaa-aikaansa matkustellen.<\/p>\n<p class=\"font-weight-bold m-font-weight-bold article-content article-content-width !bg-background\">Katso my\u00f6s! Peter kertoo elokuvastaan Hamsterit (2022):<\/p>\n<p class=\"article-content article-content-width !bg-background\">T\u00e4ll\u00e4 kertaa Peter vaihtoi Etel\u00e4-Ranskan maatilamaisemat Etel\u00e4-Afrikkaan, jossa h\u00e4n nautti maan menosta muun muassa jylhiss\u00e4 vuoristomaisemissa.<\/p>\n<p>H\u00e4kellytt\u00e4v\u00e4t kuvat<\/p>\n<p class=\"article-content article-content-width !bg-background\">Peter julkaisi matkaltaan lauantaina (3.1.) omalle <a href=\"https:\/\/www.instagram.com\/peter.franzen\/?hl=fi\" target=\"_blank\" rel=\"nofollow noopener\">Instagram-tililleen<\/a> kourallisen kuvia Afrikan matkaltaan.\u00a0Mit\u00e4 uskomattomammissa maisemissa poseeraava Peter sai h\u00e4nen seuraajansa h\u00e4keltym\u00e4\u00e4n.<\/p>\n<p class=\"article-content article-content-width !bg-background\"> Peter poseeraa otoksissa auton konepellill\u00e4 istuen sek\u00e4 vuoren huipulla retkitamineet yll\u00e4\u00e4n hymyillen. <\/p>\n<p class=\"article-content article-content-width !bg-background\"> \u2013 Wow. Nauti!<\/p>\n<p class=\"article-content article-content-width !bg-background\"> \u2013 N\u00e4ytt\u00e4\u00e4 fantastiselta, kommenteissa ihastellaan.<\/p>\n<p class=\"article-content article-content-width !bg-background\">Vuonna 2025 Peter nautiskeli Afrikan maisemien lis\u00e4ksi my\u00f6s Suomen Lapista sek\u00e4 Ranskasta roadtripin muodossa.<\/p>\n<p>        <a itemprop=\"url\" href=\"https:\/\/www.seiska.fi\/katso\/jenkkitahdet-haluavat-tehda-peter-franzenit-tasta-on-kyse\/1480484\" rel=\"nofollow noopener\" target=\"_blank\"><\/p>\n<p class=\"section-date\">\n        <strong class=\"article-section\" data-section=\"katso\"><br \/>\n            katso<br \/>\n        <\/strong><br \/>\n        7.10.2024 14:22\n    <\/p>\n<p>Jenkkit\u00e4hdet haluavat tehd\u00e4 Peter Franz\u00e9nit \u2013 t\u00e4st\u00e4 on kyse\n    <\/p>\n<p itemprop=\"description\" class=\"subtitle \">\n    Kova laki -rikossarjassa n\u00e4yttelev\u00e4 Mariska Hargitay paljasti hiljattain haastattelussa saavansa toistuvasti erikoisen pyynn\u00f6n julkisuuden henkil\u00f6ilt\u00e4.\n<\/p>\n<p>        <\/a><\/p>\n<p>Hollywoodin valloitus<\/p>\n<p class=\"article-content article-content-width !bg-background\">Vuonna 1996 avioitunut n\u00e4yttelij\u00e4pariskunta, Peter ja h\u00e4nen vaimonsa  tulivat koko kansalle tunnetuksi 2000-luvun taitteen Suomi-elokuvista. Kaksikko n\u00e4htiin toisinaan my\u00f6s samoissa tuotannoissa. Irinalla ja Peterill\u00e4 on yksi, vuonna 2007 syntynyt poika. Perhe on luonut el\u00e4m\u00e4\u00e4ns\u00e4 ulkomailla: alkujaan Los Angelesissa ja my\u00f6hemmin Ranskassa, jossa he asuttavat tiedett\u00e4v\u00e4sti taloaan edelleen.<\/p>\n<p class=\"article-content article-content-width !bg-background\"> Ulkomaille aikanaan muuttaminen antoi Peterille mahdollisuudet luoda kansainvv\u00e4list\u00e4 uraa. H\u00e4net ollaankin n\u00e4hty muun muassa kansainv\u00e4lisesti suositussa rikosdraamasarjassa\u00a0C.S.I. Miami.\u00a0<\/p>\n<p>        <a itemprop=\"url\" href=\"https:\/\/www.seiska.fi\/kotimaa\/peter-franzenin-ja-irina-bjorklundin-26-vuotinen-liitto-taman-takia-rakkaustarina-kantaa\/254759\" rel=\"nofollow noopener\" target=\"_blank\"><\/p>\n<p class=\"section-date\">\n        <strong class=\"article-section\" data-section=\"kotimaa\"><br \/>\n            kotimaa<br \/>\n        <\/strong><br \/>\n        20.8.2022 10:00\n    <\/p>\n<p>Peter Franz\u00e9nin ja Irina Bj\u00f6rklundin 26-vuotinen liitto: t\u00e4m\u00e4n takia rakkaustarina kantaa\n    <\/p>\n<p>        <\/a><\/p>\n<p>                <img decoding=\"async\" src=\"https:\/\/www.europesays.com\/fi\/wp-content\/uploads\/2026\/01\/2037205.webp.jpeg\" width=\"576\" height=\"720\" alt=\"Kansainv\u00e4lisest\u00e4 t\u00e4hteydest\u00e4\u00e4n huolimatta Peter ei ole hyl\u00e4nnyt suomalaista elokuva- ja tv-tuotantoa. Mies n\u00e4htiin muun muassa noin vuosi sitten julkaistussa Mtv:n alkuper\u00e4issarjassa Konflikti, sek\u00e4 syksyll\u00e4 2025 Yle Areenaan ilmestyneess\u00e4 sarjassa Kaikki rakastavat hevosia.\" loading=\"lazy\" \/>            <\/p>\n<p>\n            Kansainv\u00e4lisest\u00e4 t\u00e4hteydest\u00e4\u00e4n huolimatta Peter ei ole hyl\u00e4nnyt suomalaista elokuva- ja tv-tuotantoa. Mies n\u00e4htiin muun muassa noin vuosi sitten julkaistussa Mtv:n alkuper\u00e4issarjassa Konflikti, sek\u00e4 syksyll\u00e4 2025 Yle Areenaan ilmestyneess\u00e4 sarjassa Kaikki rakastavat hevosia.<br \/>\n            Kai Joronen\n        <\/p>\n<p class=\"article-content article-content-width !bg-background\"> Todellinen Hollywood-l\u00e4pimurto tapahtui kuitenkin vuonna 2016, kun Peter sai Harald Kaunotukan roolin\u00a0The Vikings\u00a0-sarjasta. Samaisessa viikinkisarjassa n\u00e4ytteli my\u00f6s Peterin rakastettu Suomi-kollega, n\u00e4yttelij\u00e4 .<\/p>\n<p><script async src=\"\/\/www.instagram.com\/embed.js\"><\/script><\/p>\n","protected":false},"excerpt":{"rendered":"Kai Joronen Ranskassa asuva Peter ihastuttaa Afrikan maisemissa. Suomen lahja maailmalle, n\u00e4yttelij\u00e4 , 54, on yh\u00e4 aktiivista uraa&hellip;\n","protected":false},"author":2,"featured_media":133528,"comment_status":"","ping_status":"","sticky":false,"template":"","format":"standard","meta":{"footnotes":""},"categories":[136],"tags":[8630,407,137,33,31,30,4169,17154,408,212,5296,32,17153,109],"class_list":{"0":"post-133527","1":"post","2":"type-post","3":"status-publish","4":"format-standard","5":"has-post-thumbnail","7":"category-julkkikset","8":"tag-afrikka","9":"tag-celebrities","10":"tag-entertainment","11":"tag-fi","12":"tag-finland","13":"tag-finnish","14":"tag-hollywood","15":"tag-irina-bjorklund","16":"tag-julkkikset","17":"tag-lifestyle","18":"tag-peter-franzen","19":"tag-suomi","20":"tag-the-vikings","21":"tag-viihde"},"share_on_mastodon":{"url":"https:\/\/pubeurope.com\/@fi\/115838909335095655","error":""},"_links":{"self":[{"href":"https:\/\/www.europesays.com\/fi\/wp-json\/wp\/v2\/posts\/133527","targetHints":{"allow":["GET"]}}],"collection":[{"href":"https:\/\/www.europesays.com\/fi\/wp-json\/wp\/v2\/posts"}],"about":[{"href":"https:\/\/www.europesays.com\/fi\/wp-json\/wp\/v2\/types\/post"}],"author":[{"embeddable":true,"href":"https:\/\/www.europesays.com\/fi\/wp-json\/wp\/v2\/users\/2"}],"replies":[{"embeddable":true,"href":"https:\/\/www.europesays.com\/fi\/wp-json\/wp\/v2\/comments?post=133527"}],"version-history":[{"count":0,"href":"https:\/\/www.europesays.com\/fi\/wp-json\/wp\/v2\/posts\/133527\/revisions"}],"wp:featuredmedia":[{"embeddable":true,"href":"https:\/\/www.europesays.com\/fi\/wp-json\/wp\/v2\/media\/133528"}],"wp:attachment":[{"href":"https:\/\/www.europesays.com\/fi\/wp-json\/wp\/v2\/media?parent=133527"}],"wp:term":[{"taxonomy":"category","embeddable":true,"href":"https:\/\/www.europesays.com\/fi\/wp-json\/wp\/v2\/categories?post=133527"},{"taxonomy":"post_tag","embeddable":true,"href":"https:\/\/www.europesays.com\/fi\/wp-json\/wp\/v2\/tags?post=133527"}],"curies":[{"name":"wp","href":"https:\/\/api.w.org\/{rel}","templated":true}]}}