{"id":133542,"date":"2026-01-04T21:30:08","date_gmt":"2026-01-04T21:30:08","guid":{"rendered":"https:\/\/www.europesays.com\/fi\/133542\/"},"modified":"2026-01-04T21:30:08","modified_gmt":"2026-01-04T21:30:08","slug":"tinni-wikstrom-uusi-koti-ilta-sanomat","status":"publish","type":"post","link":"https:\/\/www.europesays.com\/fi\/133542\/","title":{"rendered":"Tinni Wikstr\u00f6m: Uusi koti &#8211; Ilta-Sanomat"},"content":{"rendered":"<p>Tinni Wikstr\u00f6m julkaisi kuvan uudesta kodistaan. Kommenttikent\u00e4ss\u00e4 riemastuttiin.<\/p>\n<p class=\"article-body mb-nof-24 px-nof-16\">Radiojuontaja <a class=\"font-bold underline-offset-[0.12em] [text-decoration:var(--person-link-text-decoration)] ![text-decoration-color:var(--person-link-text-decoration-color)]\" href=\"https:\/\/www.is.fi\/haku\/?query=Tinni%20Wikstr%C3%B6m\" rel=\"nofollow noopener\" target=\"_blank\">Tinni Wikstr\u00f6m <\/a>julkaisi Instagram-tilill\u00e4\u00e4n p\u00e4ivityksen, jossa h\u00e4n paljastaa hankkineensa uuden kodin.<\/p>\n<p class=\"article-body mb-nof-24 px-nof-16\">Wikstr\u00f6m poseeraa p\u00e4ivityksen kuvassa iloisena kameralle. Wikstr\u00f6m pit\u00e4\u00e4 toista k\u00e4tt\u00e4\u00e4n selin kameraan olevan miehen sel\u00e4ll\u00e4. Mies puolestaan on kohottanut Wikstr\u00f6min Liisa-koiran korkealle ilmaan.<\/p>\n<p class=\"article-body mb-nof-24 px-nof-16\">\u2013\u2009Ik\u00e4v\u00e4 tunnelma, kun aloin esittelem\u00e4\u00e4n uuteen kotiin vaihtoehtoja kivoille verhoille ja heti todettiin, ett\u00e4 ensin pit\u00e4isi tehd\u00e4 esimerkiksi: seinien tasoitukset, maalaus, lattia, s\u00e4hk\u00f6t, katto, keitti\u00f6, makuuhuoneet, kodinhoitohuone, kylpyhuone ynn\u00e4 muuta sellaista. Sitten kuulemma verhot, Wikstr\u00f6m sanailee julkaisussaan.<\/p>\n<p class=\"article-body mb-nof-24 px-nof-16\">Lukuisat Wikstr\u00f6min seuraajat ovat kommentoineet p\u00e4ivityst\u00e4.<\/p>\n<p class=\"article-body mb-nof-24 px-nof-16\">\u2013\u2009\u00c4l\u00e4 l\u00e4hde tuollaiseen! Kyl m\u00e4 ne verhot laittaisin eka, juontaja <a class=\"font-bold underline-offset-[0.12em] [text-decoration:var(--person-link-text-decoration)] ![text-decoration-color:var(--person-link-text-decoration-color)]\" href=\"https:\/\/www.is.fi\/haku\/?query=Heikki%20Paasonen\" rel=\"nofollow noopener\" target=\"_blank\">Heikki Paasonen<\/a> sanailee.<\/p>\n<p class=\"article-body mb-nof-24 px-nof-16\">\u2013\u2009Hei! Verhot tuo inspiraation sitten kaikkiin muihin tiloihin! juontaja <a class=\"font-bold underline-offset-[0.12em] [text-decoration:var(--person-link-text-decoration)] ![text-decoration-color:var(--person-link-text-decoration-color)]\" href=\"https:\/\/www.is.fi\/haku\/?query=Veronica%20Verho\" rel=\"nofollow noopener\" target=\"_blank\">Veronica Verho <\/a>my\u00f6s sanoo.<\/p>\n<p class=\"article-body mb-nof-24 px-nof-16\">\u2013\u2009Onnea ja iloa uuteen kotiin, musiikin monitoimies <a class=\"font-bold underline-offset-[0.12em] [text-decoration:var(--person-link-text-decoration)] ![text-decoration-color:var(--person-link-text-decoration-color)]\" href=\"https:\/\/www.is.fi\/haku\/?query=Ilkka%20%E2%80%9DIle%E2%80%9D%20Vainio\" rel=\"nofollow noopener\" target=\"_blank\">Ilkka \u201dIle\u201d Vainio<\/a> kirjoittaa.<\/p>\n<p class=\"article-body mb-nof-24 px-nof-16\">\u2013\u2009Ihme nillityst\u00e4. T\u00e4ydellisen verhokankaan l\u00f6yt\u00e4minen ja ompeluttaminen ottavat aikaa, muuan seuraaja veistelee.<\/p>\n<p class=\"article-body mb-nof-24 px-nof-16\">\u2013\u2009Hyv\u00e4 suunnitella verhot ja kaikki jo valmiiksi, toinen komppaa humoristisesti.<\/p>\n<p class=\"article-body mb-nof-24 px-nof-16\">Wikstr\u00f6m julkaisi viime vuoden tammikuussa kuvan, jossa h\u00e4n muun muassa h\u00e4n pussasi tuntematonta miest\u00e4 poskelle ja kumpainenkin hymyili iloisesti. Henkil\u00f6n kasvot n\u00e4kyv\u00e4t kuvassa vain osittain.<\/p>\n<p class=\"article-body mb-nof-24 px-nof-16\">Wikstr\u00f6m kommentoi Ilta-Sanomille tuolloin, ettei h\u00e4nell\u00e4 ollut muuta lis\u00e4tt\u00e4v\u00e4\u00e4 p\u00e4ivitykseen.<\/p>\n<p class=\"article-body mb-nof-24 px-nof-16\">\u2013 Muuta kuin et el\u00e4m\u00e4st\u00e4 pit\u00e4\u00e4 nauttia kaikkien t\u00e4ysill\u00e4! h\u00e4n totesi.<\/p>\n<p class=\"article-body mb-nof-24 px-nof-16\">Lis\u00e4ksi Wikstr\u00f6m julkaisi romanttisen kuvan elokuussa. Otoksessa vaikutti olevan sama mies kuin aiemmin.<\/p>\n<p class=\"article-body mb-nof-24 px-nof-16\">\u2013\u2009Mutta suurin niist\u00e4 on rakkaus, h\u00e4n kirjoitti tuolloin.<\/p>\n<p class=\"article-body mb-nof-24 px-nof-16\">Rakkaus-sanan Wikstr\u00f6m korvasi syd\u00e4nemojilla.<\/p>\n<p class=\"article-body mb-nof-24 px-nof-16\">Tinni Wikstr\u00f6m on suomalaisille tuttu p\u00e4\u00e4asiassa Radio Suomipopin juontajana, mutta loppuvuodesta 2024 h\u00e4net n\u00e4htiin mukana Amazing Race -tv-kilpailussa. H\u00e4n taisteli voitosta yhdess\u00e4 yst\u00e4v\u00e4ns\u00e4 <a class=\"font-bold underline-offset-[0.12em] [text-decoration:var(--person-link-text-decoration)] ![text-decoration-color:var(--person-link-text-decoration-color)]\" href=\"https:\/\/www.is.fi\/haku\/?query=Antti%20Savinaisen\" rel=\"nofollow noopener\" target=\"_blank\">Antti Savinaisen<\/a> kanssa.<\/p>\n<p class=\"article-body nof-ui-body-medium mb-nof-24 px-nof-16\">Ilta-Sanomat ja Radio Suomipop kuuluvat samaan Sanoma-konserniin.<\/p>\n","protected":false},"excerpt":{"rendered":"Tinni Wikstr\u00f6m julkaisi kuvan uudesta kodistaan. Kommenttikent\u00e4ss\u00e4 riemastuttiin. Radiojuontaja Tinni Wikstr\u00f6m julkaisi Instagram-tilill\u00e4\u00e4n p\u00e4ivityksen, jossa h\u00e4n paljastaa hankkineensa&hellip;\n","protected":false},"author":2,"featured_media":133543,"comment_status":"","ping_status":"","sticky":false,"template":"","format":"standard","meta":{"footnotes":""},"categories":[5],"tags":[22,23,26,27,33,31,30,17,34,24,25,28,29,15,18,21,32,19,20,16],"class_list":{"0":"post-133542","1":"post","2":"type-post","3":"status-publish","4":"format-standard","5":"has-post-thumbnail","7":"category-otsikot","8":"tag-breaking-news","9":"tag-breakingnews","10":"tag-featured-news","11":"tag-featurednews","12":"tag-fi","13":"tag-finland","14":"tag-finnish","15":"tag-headlines","16":"tag-ilta-sanomat","17":"tag-latest-news","18":"tag-latestnews","19":"tag-main-news","20":"tag-mainnews","21":"tag-news","22":"tag-otsikot","23":"tag-paauutiset","24":"tag-suomi","25":"tag-top-stories","26":"tag-topstories","27":"tag-uutiset"},"share_on_mastodon":{"url":"https:\/\/pubeurope.com\/@fi\/115838964358605305","error":""},"_links":{"self":[{"href":"https:\/\/www.europesays.com\/fi\/wp-json\/wp\/v2\/posts\/133542","targetHints":{"allow":["GET"]}}],"collection":[{"href":"https:\/\/www.europesays.com\/fi\/wp-json\/wp\/v2\/posts"}],"about":[{"href":"https:\/\/www.europesays.com\/fi\/wp-json\/wp\/v2\/types\/post"}],"author":[{"embeddable":true,"href":"https:\/\/www.europesays.com\/fi\/wp-json\/wp\/v2\/users\/2"}],"replies":[{"embeddable":true,"href":"https:\/\/www.europesays.com\/fi\/wp-json\/wp\/v2\/comments?post=133542"}],"version-history":[{"count":0,"href":"https:\/\/www.europesays.com\/fi\/wp-json\/wp\/v2\/posts\/133542\/revisions"}],"wp:featuredmedia":[{"embeddable":true,"href":"https:\/\/www.europesays.com\/fi\/wp-json\/wp\/v2\/media\/133543"}],"wp:attachment":[{"href":"https:\/\/www.europesays.com\/fi\/wp-json\/wp\/v2\/media?parent=133542"}],"wp:term":[{"taxonomy":"category","embeddable":true,"href":"https:\/\/www.europesays.com\/fi\/wp-json\/wp\/v2\/categories?post=133542"},{"taxonomy":"post_tag","embeddable":true,"href":"https:\/\/www.europesays.com\/fi\/wp-json\/wp\/v2\/tags?post=133542"}],"curies":[{"name":"wp","href":"https:\/\/api.w.org\/{rel}","templated":true}]}}