{"id":133546,"date":"2026-01-04T21:45:32","date_gmt":"2026-01-04T21:45:32","guid":{"rendered":"https:\/\/www.europesays.com\/fi\/133546\/"},"modified":"2026-01-04T21:45:32","modified_gmt":"2026-01-04T21:45:32","slug":"itkua-raivoa-ja-kuumia-tunteita-nain-salkkarit-palaa-ruutuun-mtvuutiset-fi","status":"publish","type":"post","link":"https:\/\/www.europesays.com\/fi\/133546\/","title":{"rendered":"Itkua, raivoa ja kuumia tunteita \u2013 n\u00e4in Salkkarit palaa ruutuun &#8211; mtvuutiset.fi"},"content":{"rendered":"<ol>\n<li><a href=\"https:\/\/news.google.com\/rss\/articles\/CBMipwFBVV95cUxPdUxPcmNGWjVuMmx0NEU2QWs5QzZnTjlHRFFDLUZ0VVBjQkRtLXdkU1l3enBYcjdiS3pLUjBCTzUxeVJoS0NtdUEyYXBuenQzZFh5X0NnTDFsT3ZDYm1mcTVPS2NZT2RsVURuYXFjQjVXMTZGVk13aTM5TDFMX2tfdUsyQU5GaWZ1SjBoTUlfamlDM0xSa2Y0Q0RReENWckl4RmhCaUJaaw?oc=5\" target=\"_blank\" rel=\"nofollow noopener\">Itkua, raivoa ja kuumia tunteita \u2013 n\u00e4in Salkkarit palaa ruutuun<\/a>&nbsp;&nbsp;mtvuutiset.fi<\/li>\n<li><a href=\"https:\/\/news.google.com\/rss\/articles\/CBMiqwFBVV95cUxOVTdqOHFPSGNybHMtWl9Db0RZdkt6YzU5UkV4Zkpmc0pYNjczVFR1aVFxcElHdUZOckE4VlBBRGlyYzBLS09CdG1MeGtSdEFQTUZiYVlYZE9TNUdSOUk2cGlCcHExUDJMTFAxZ0daT0xxTm45SlpnUGVtSUswVVV5c3Awd2NHeV83bE5nYmVqRFpqOUd3eGh6SVZkU2p2UjBLV0pxOEFDOTF6M0E?oc=5\" target=\"_blank\" rel=\"nofollow noopener\">Salatut el\u00e4m\u00e4t -juonipaljastukset: Kristian ja Joanna yll\u00e4tet\u00e4\u00e4n s\u00e4ngyst\u00e4<\/a>&nbsp;&nbsp;Seiska.fi<\/li>\n<li><a href=\"https:\/\/news.google.com\/rss\/articles\/CBMiiAFBVV95cUxNWGNEZ2pEYTRBZEpVRkhwYXUzdE9OeUdmQ2hvaDgxQ1g0ajFZLTNGRlV4T0N6aWdRT0V0ZHM0ZUFqQmNBODgxeXhGRjlmZ3pFM2R4UW92RjFNRHEyb2doWm1nOUtBM3N5OWVzNWpYUEd6UnZ6djREX05kaFczd2xmM2ttZm4zTzhY?oc=5\" target=\"_blank\" rel=\"nofollow noopener\">Salatut el\u00e4m\u00e4t jatkuu t\u00e4ll\u00e4 viikolla \u2013 t\u00e4t\u00e4 on luvassa!<\/a>&nbsp;&nbsp;Como.fi<\/li>\n<li><a href=\"https:\/\/news.google.com\/rss\/articles\/CBMiuAFBVV95cUxQQ1VTR253N0dTc0kwZVhVV05FTFZyOVRMUnRwTnUwaFphbDI0SXpaZUJIbGhpUHVfTUh4NTA2Tjd3ejd6SHV1RTlwYUljOHhaWUtyMVN4Uy1yYW5NWElUWFNkZ1k0QmpYVFkzSGw1QlBIVGcwTnBiUkczcnIxOFZBbjZ3dkgycTNHa1Y1aEp3ampZckxOTHVvbXRFLXdjOG0wNEd1RVVZM25jWFpLS0ptR1FpOUEyVHZD?oc=5\" target=\"_blank\" rel=\"nofollow noopener\">Esimakua dramaattisista Salkkarit-jaksoista \u2013 murhatutkimus, raivoa ja kosto<\/a>&nbsp;&nbsp;mtvuutiset.fi<\/li>\n<\/ol>\n","protected":false},"excerpt":{"rendered":"Itkua, raivoa ja kuumia tunteita \u2013 n\u00e4in Salkkarit palaa ruutuun&nbsp;&nbsp;mtvuutiset.fi Salatut el\u00e4m\u00e4t -juonipaljastukset: Kristian ja Joanna yll\u00e4tet\u00e4\u00e4n s\u00e4ngyst\u00e4&nbsp;&nbsp;Seiska.fi&hellip;\n","protected":false},"author":2,"featured_media":133547,"comment_status":"","ping_status":"","sticky":false,"template":"","format":"standard","meta":{"footnotes":""},"categories":[133],"tags":[137,33,31,30,32,206,156,109],"class_list":{"0":"post-133546","1":"post","2":"type-post","3":"status-publish","4":"format-standard","5":"has-post-thumbnail","7":"category-televisiot","8":"tag-entertainment","9":"tag-fi","10":"tag-finland","11":"tag-finnish","12":"tag-suomi","13":"tag-televisiot","14":"tag-tv","15":"tag-viihde"},"share_on_mastodon":{"url":"https:\/\/pubeurope.com\/@fi\/115839023529782866","error":""},"_links":{"self":[{"href":"https:\/\/www.europesays.com\/fi\/wp-json\/wp\/v2\/posts\/133546","targetHints":{"allow":["GET"]}}],"collection":[{"href":"https:\/\/www.europesays.com\/fi\/wp-json\/wp\/v2\/posts"}],"about":[{"href":"https:\/\/www.europesays.com\/fi\/wp-json\/wp\/v2\/types\/post"}],"author":[{"embeddable":true,"href":"https:\/\/www.europesays.com\/fi\/wp-json\/wp\/v2\/users\/2"}],"replies":[{"embeddable":true,"href":"https:\/\/www.europesays.com\/fi\/wp-json\/wp\/v2\/comments?post=133546"}],"version-history":[{"count":0,"href":"https:\/\/www.europesays.com\/fi\/wp-json\/wp\/v2\/posts\/133546\/revisions"}],"wp:featuredmedia":[{"embeddable":true,"href":"https:\/\/www.europesays.com\/fi\/wp-json\/wp\/v2\/media\/133547"}],"wp:attachment":[{"href":"https:\/\/www.europesays.com\/fi\/wp-json\/wp\/v2\/media?parent=133546"}],"wp:term":[{"taxonomy":"category","embeddable":true,"href":"https:\/\/www.europesays.com\/fi\/wp-json\/wp\/v2\/categories?post=133546"},{"taxonomy":"post_tag","embeddable":true,"href":"https:\/\/www.europesays.com\/fi\/wp-json\/wp\/v2\/tags?post=133546"}],"curies":[{"name":"wp","href":"https:\/\/api.w.org\/{rel}","templated":true}]}}