{"id":133557,"date":"2026-01-04T21:55:09","date_gmt":"2026-01-04T21:55:09","guid":{"rendered":"https:\/\/www.europesays.com\/fi\/133557\/"},"modified":"2026-01-04T21:55:09","modified_gmt":"2026-01-04T21:55:09","slug":"euroopan-kulttuuripaakaupunkia-oulua-hehkutetaan-maailmalla","status":"publish","type":"post","link":"https:\/\/www.europesays.com\/fi\/133557\/","title":{"rendered":"Euroopan kulttuurip\u00e4\u00e4kaupunkia Oulua hehkutetaan maailmalla"},"content":{"rendered":"<p>Oulu aloitti Euroopan kulttuurip\u00e4\u00e4kaupunkina vuodenvaihteessa.<\/p>\n<p class=\"article-body mb-nof-24 px-nof-16\">Sauna, revontulet, hyv\u00e4t j\u00e4\u00e4kiekkoilijat, hassunhauskat kilpailut kuten ilmakitaransoiton MM-kisat&#8230;<\/p>\n<p class=\"article-body mb-nof-24 px-nof-16\">Kansainv\u00e4linen media on nostanut esiin monia erilaisia piirteit\u00e4 Oulusta, joka aloitti Euroopan kulttuurip\u00e4\u00e4kaupunkina vuodenvaihteessa.<\/p>\n<p class=\"article-body mb-nof-24 px-nof-16\">Kulttuurip\u00e4\u00e4kaupungin vaihtuminen on kiinnostanut kansainv\u00e4list\u00e4 mediaa Euroopassa, Pohjois-Amerikassa ja Aasiassa.<\/p>\n<p class=\"article-body mb-nof-24 px-nof-16\">Oulusta ovat kirjoittaneet muun muassa brittilehti <a class=\"underline underline-offset-[0.12em] [text-decoration-thickness:var(--generic-link-underline-thickness)] [text-decoration-color:var(--generic-link-underline-color)] [text-decoration-skip-ink:var(--generic-link-underline-skip-ink)] break-words\" href=\"https:\/\/www.theguardian.com\/travel\/2025\/dec\/30\/oulu-finland-european-capital-of-culture-2026\" rel=\"nofollow noopener\" target=\"_blank\">Guardian<\/a>, saksalainen <a class=\"underline underline-offset-[0.12em] [text-decoration-thickness:var(--generic-link-underline-thickness)] [text-decoration-color:var(--generic-link-underline-color)] [text-decoration-skip-ink:var(--generic-link-underline-skip-ink)] break-words\" href=\"https:\/\/www.dw.com\/en\/what-to-know-about-2026-european-capitals-of-culture\/a-75164544\" rel=\"nofollow noopener\" target=\"_blank\">Deutsche Welle<\/a>, yhdysvaltalainen uutiskanava <a class=\"underline underline-offset-[0.12em] [text-decoration-thickness:var(--generic-link-underline-thickness)] [text-decoration-color:var(--generic-link-underline-color)] [text-decoration-skip-ink:var(--generic-link-underline-skip-ink)] break-words\" href=\"https:\/\/edition.cnn.com\/travel\/where-to-travel-in-2026-the-best-places-to-visit\" rel=\"nofollow noopener\" target=\"_blank\">CNN<\/a>, Persianlahden alueen talousmedia <a class=\"underline underline-offset-[0.12em] [text-decoration-thickness:var(--generic-link-underline-thickness)] [text-decoration-color:var(--generic-link-underline-color)] [text-decoration-skip-ink:var(--generic-link-underline-skip-ink)] break-words\" href=\"https:\/\/www.tradearabia.com\/News\/331927\/Oulu%2C-Tren%C4%8D%C3%ADn-named-European-Capitals-of-Culture-2026\" rel=\"nofollow noopener\" target=\"_blank\">TradeArabia<\/a>, taidelehti <a class=\"underline underline-offset-[0.12em] [text-decoration-thickness:var(--generic-link-underline-thickness)] [text-decoration-color:var(--generic-link-underline-color)] [text-decoration-skip-ink:var(--generic-link-underline-skip-ink)] break-words\" href=\"https:\/\/www.theartnewspaper.com\/2025\/12\/10\/the-spirit-of-the-north-oulu-is-about-to-begin-its-year-as-european-capital-of-culture\" rel=\"nofollow noopener\" target=\"_blank\">The Art Newspaper<\/a> sek\u00e4 monet muut.<\/p>\n<p class=\"article-body mb-nof-24 px-nof-16\">Lis\u00e4ksi Oulusta nostetaan esille luonnollisesti valoisat kes\u00e4y\u00f6t, talven kylmyys, j\u00e4\u00e4 ja avantouinti sek\u00e4 ymp\u00e4r\u00f6iv\u00e4 luonto jokineen, koskineen, j\u00e4rvineen ja metsineen \u2013 merta ja puhdasta ilmanlaatua unohtamatta.<\/p>\n<p class=\"article-body mb-nof-24 px-nof-16\">Guardian nostaa esiin Oulun aseman teknologiakaupunkina ja televiestint\u00e4j\u00e4tti Nokian yhten\u00e4 p\u00e4\u00e4paikkana sek\u00e4 Suomen johtavana aurinkoenergian ja uusiutuvan energian k\u00e4ytt\u00e4j\u00e4n\u00e4.<\/p>\n<p><img decoding=\"async\" src=\"https:\/\/www.europesays.com\/fi\/wp-content\/uploads\/2026\/01\/1767563709_735_468.jpg\" alt=\"Toripoliisi sai oman huomionsa.\" class=\"_Img_1rerz_1\" style=\"aspect-ratio:1.5035238841033673\" loading=\"eager\"\/><\/p>\n<p class=\"article-picture-caption\">Toripoliisi sai oman huomionsa. Kuva:\u00a0VILLE HONKONEN<\/p>\n<p class=\"article-body mb-nof-24 px-nof-16\">\u2013\u2009Yksi kaupungin ikonisimmista n\u00e4ht\u00e4vyyksist\u00e4 on Kauppatorilla sijaitseva pronssipatsas py\u00f6re\u00e4st\u00e4 poliisista, lempinimelt\u00e4\u00e4n Toripolliisi, CNN kirjoittaa.<\/p>\n<p class=\"article-body mb-nof-24 px-nof-16\">The Art Newspaper korostaa, ett\u00e4 t\u00e4n\u00e4 vuonna Oulussa j\u00e4rjestet\u00e4\u00e4n yli 3\u202f000 tapahtumaa taiden\u00e4yttelyist\u00e4 ruokafestivaaleihin, jotka tarjoavat \u201dpohjoisen hengen ja luovuuden, jota ei voi kokea miss\u00e4\u00e4n muualla\u201d.<\/p>\n<p><img decoding=\"async\" src=\"https:\/\/www.europesays.com\/fi\/wp-content\/uploads\/2026\/01\/1767563709_214_468.jpg\" alt=\"Kovaa meininki\u00e4 ilmakitaransoiton MM-kisoissa Oulussa kes\u00e4ll\u00e4 2022.\" class=\"_Img_1rerz_1\" style=\"aspect-ratio:1.5\" loading=\"eager\"\/><\/p>\n<p class=\"article-picture-caption\">Kovaa meininki\u00e4 ilmakitaransoiton MM-kisoissa Oulussa kes\u00e4ll\u00e4 2022. Kuva:\u00a0VILLE HONKONEN<\/p>\n<p class=\"article-body mb-nof-24 px-nof-16\">Euroopan kulttuurip\u00e4\u00e4kaupunki on Euroopan parlamentin ja komission p\u00e4\u00e4tt\u00e4m\u00e4 ohjelma, jossa kaupunkeja valitaan Euroopan kulttuurip\u00e4\u00e4kaupungeiksi hakemuksista. EU on valinnut yhden tai useamman kaupungin Euroopan kulttuurip\u00e4\u00e4kaupungiksi vuodesta 1985 l\u00e4htien.<\/p>\n<p class=\"article-body mb-nof-24 px-nof-16\">Oulun ohella Euroopan toinen kulttuurip\u00e4\u00e4kaupunki vuonna 2026 on Trencin Slovakiassa. Kaksikko peri tittelin Slovenian Nova Goricalta ja Saksan Chemnitzilt\u00e4.<\/p>\n<p class=\"article-body mb-nof-24 px-nof-16\">Aiemmin Suomesta kulttuurip\u00e4\u00e4kaupunkeina ovat olleet Helsinki (vuonna 2000) ja Turku (vuonna 2011).<\/p>\n","protected":false},"excerpt":{"rendered":"Oulu aloitti Euroopan kulttuurip\u00e4\u00e4kaupunkina vuodenvaihteessa. Sauna, revontulet, hyv\u00e4t j\u00e4\u00e4kiekkoilijat, hassunhauskat kilpailut kuten ilmakitaransoiton MM-kisat&#8230; Kansainv\u00e4linen media on nostanut&hellip;\n","protected":false},"author":2,"featured_media":133558,"comment_status":"","ping_status":"","sticky":false,"template":"","format":"standard","meta":{"footnotes":""},"categories":[12],"tags":[22,23,26,27,33,31,30,17,34,24,25,28,29,15,18,21,32,19,20,16],"class_list":{"0":"post-133557","1":"post","2":"type-post","3":"status-publish","4":"format-standard","5":"has-post-thumbnail","7":"category-suomi","8":"tag-breaking-news","9":"tag-breakingnews","10":"tag-featured-news","11":"tag-featurednews","12":"tag-fi","13":"tag-finland","14":"tag-finnish","15":"tag-headlines","16":"tag-ilta-sanomat","17":"tag-latest-news","18":"tag-latestnews","19":"tag-main-news","20":"tag-mainnews","21":"tag-news","22":"tag-otsikot","23":"tag-paauutiset","24":"tag-suomi","25":"tag-top-stories","26":"tag-topstories","27":"tag-uutiset"},"share_on_mastodon":{"url":"https:\/\/pubeurope.com\/@fi\/115839062968332076","error":""},"_links":{"self":[{"href":"https:\/\/www.europesays.com\/fi\/wp-json\/wp\/v2\/posts\/133557","targetHints":{"allow":["GET"]}}],"collection":[{"href":"https:\/\/www.europesays.com\/fi\/wp-json\/wp\/v2\/posts"}],"about":[{"href":"https:\/\/www.europesays.com\/fi\/wp-json\/wp\/v2\/types\/post"}],"author":[{"embeddable":true,"href":"https:\/\/www.europesays.com\/fi\/wp-json\/wp\/v2\/users\/2"}],"replies":[{"embeddable":true,"href":"https:\/\/www.europesays.com\/fi\/wp-json\/wp\/v2\/comments?post=133557"}],"version-history":[{"count":0,"href":"https:\/\/www.europesays.com\/fi\/wp-json\/wp\/v2\/posts\/133557\/revisions"}],"wp:featuredmedia":[{"embeddable":true,"href":"https:\/\/www.europesays.com\/fi\/wp-json\/wp\/v2\/media\/133558"}],"wp:attachment":[{"href":"https:\/\/www.europesays.com\/fi\/wp-json\/wp\/v2\/media?parent=133557"}],"wp:term":[{"taxonomy":"category","embeddable":true,"href":"https:\/\/www.europesays.com\/fi\/wp-json\/wp\/v2\/categories?post=133557"},{"taxonomy":"post_tag","embeddable":true,"href":"https:\/\/www.europesays.com\/fi\/wp-json\/wp\/v2\/tags?post=133557"}],"curies":[{"name":"wp","href":"https:\/\/api.w.org\/{rel}","templated":true}]}}