{"id":133561,"date":"2026-01-04T22:08:07","date_gmt":"2026-01-04T22:08:07","guid":{"rendered":"https:\/\/www.europesays.com\/fi\/133561\/"},"modified":"2026-01-04T22:08:07","modified_gmt":"2026-01-04T22:08:07","slug":"pallotytto-fernanda-26-sekoitti-internetin-valiton-tyotarjous","status":"publish","type":"post","link":"https:\/\/www.europesays.com\/fi\/133561\/","title":{"rendered":"Pallotytt\u00f6 Fernanda, 26, sekoitti internetin \u2013 V\u00e4lit\u00f6n ty\u00f6tarjous"},"content":{"rendered":"<p>Fernanda Maiasta kuoriutui tv-alan ammattilainen.<\/p>\n<p><img decoding=\"async\" class=\"image image-show image-preview\" src=\"https:\/\/www.europesays.com\/fi\/wp-content\/uploads\/2026\/01\/941899c837a7c84c5ac411f1807403e3ffcecbceac3a0861ce5846b4603b63a1.jpg\" alt=\"\"\/><img decoding=\"async\" class=\"image image-show\" src=\"https:\/\/www.europesays.com\/fi\/wp-content\/uploads\/2026\/01\/1767564487_996_941899c837a7c84c5ac411f1807403e3ffcecbceac3a0861ce5846b4603b63a1.jpg\" alt=\"\"\/><\/p>\n<p>Fernanda Maia Carelli on nyky\u00e4\u00e4n tv-toimittaja ja kahden lapsen \u00e4iti. AOP<\/p>\n<p class=\"paragraph\">Kun <strong>Fernanda Maia<\/strong>, 23, oli pallotytt\u00f6n\u00e4 Brasilian jalkapallocupin ottelussa Botafogon ja Vasco da Gaman v\u00e4lill\u00e4 vuonna 2012, h\u00e4n tuskin aavisti, ett\u00e4 ilta muuttaisi h\u00e4nen el\u00e4m\u00e4ns\u00e4 suunnan.<\/p>\n<p class=\"paragraph\">Maia nousi koko Brasilian tietoisuuteen, kun h\u00e4nen vikkel\u00e4 toimintansa kent\u00e4n laidalla auttoi Botafogoa tekem\u00e4\u00e4n maalin ja etenem\u00e4\u00e4n turnauksessa jatkoon. Pallotytt\u00f6 toimitti peliv\u00e4lineen niin nopeasti rajaheiton saaneelle Botafogon pelaajalle, ettei Vasco da Gaman puolustus ehtinyt reagoida tilanteeseen.<\/p>\n<p class=\"paragraph\">Voit katsoa videon maalista <a href=\"https:\/\/www.youtube.com\/watch?v=vUzicMpC8rE\" target=\"_blank\" rel=\"noopener nofollow\">t\u00e4st\u00e4 linkist\u00e4<\/a>.<\/p>\n<p class=\"paragraph\">Maia sai v\u00e4litt\u00f6m\u00e4sti kutsuja brasilialaisiin urheiluohjelmiin ja jopa Playboy-kuvauksiin. H\u00e4n esiintyi televisiossa niin luontevasti, ett\u00e4 Botafogo pyysi h\u00e4nt\u00e4 mukaan seuran markkinointiin.<\/p>\n<p class=\"paragraph\">Tv-ura otti jatkuvasti isompia kierroksia, kun Maia suuntasi vuonna 2014 j\u00e4lleen pallotyt\u00f6n hommiin \u2013 t\u00e4ll\u00e4 kertaa tenniksen ATP-turnaukseen Rio de Janeiroon.<\/p>\n<p class=\"paragraph\">Tuore tv-kasvo oli 26-vuotias, kun h\u00e4n p\u00e4\u00e4tyi pallotytt\u00f6n\u00e4 jo toista kertaa someilmi\u00f6ksi. Netiss\u00e4 alkoi levit\u00e4 videoita supert\u00e4hti <a href=\"https:\/\/www.iltalehti.fi\/henkilot\/Rafael Nadal\" class=\"article-link-person-page\" rel=\"nofollow noopener\" target=\"_blank\">Rafael Nadalista<\/a>, joka vilkuili pelikatkon aikana vieress\u00e4\u00e4n seisonutta Maiaa.<\/p>\n<p class=\"paragraph\">Somek\u00e4ytt\u00e4j\u00e4t tulkitsivat, ettei espanjalainen saanut pidetty\u00e4 silmi\u00e4\u00e4n erossa nuoresta naisesta. Oli asian laita miten tahansa, video oli omiaan kasvattamaan Maian henkil\u00f6br\u00e4ndi\u00e4 entisest\u00e4\u00e4n.<\/p>\n<p class=\"paragraph\">Tv- ja juontoty\u00f6t tekiv\u00e4t Maiasta lopulta todellisen julkkiksen Brasiliassa. H\u00e4n ty\u00f6skentelee SBT-uutisohjelmassa urheilutoimittajana ja h\u00e4nell\u00e4 on Instagramissa yli 600\u00a0000 seuraajaa.<\/p>\n<p class=\"paragraph\">Maia on nyky\u00e4\u00e4n naimisissa <strong>Junior Carellin<\/strong> kanssa ja k\u00e4ytt\u00e4\u00e4 nime\u00e4 Fernanda Maia Carelli. Pariskunnalla on kaksi tyt\u00e4rt\u00e4: <strong>Roberta<\/strong> ja <strong>Rafaela<\/strong>. Rafaelan nimi on her\u00e4tt\u00e4nyt spekulaatioita mahdollisesta yhteydest\u00e4 Rafael Nadaliin.<\/p>\n<p class=\"paragraph\">L\u00e4hteet: <a href=\"https:\/\/www.goal.com\/es\/noticias\/la-recogepelotas-que-enamor%C3%B3-a-rafa-nadal-es-del-botafogo\/blt7104fa25d8ef93cf\" target=\"_blank\" rel=\"noopener nofollow\">Goal<\/a>, <a href=\"https:\/\/www.dailystar.co.uk\/sport\/football\/fernanda-maia-ballgirl-playboy-model-30438995\" target=\"_blank\" rel=\"noopener nofollow\">Daily Star<\/a>, <a href=\"https:\/\/www.sport.pl\/tenis\/7,64987,32497899,podawala-pilki-nadalowi-on-nie-mogl-sie-powstrzymac-oto-co.html#do_w=107&amp;do_v=819&amp;do_st=RS&amp;do_sid=1054&amp;do_a=1054&amp;s=SMT_Link_2&amp;do_upid=819_ti&amp;do_utid=32497899&amp;do_uvid=1767087030633\" target=\"_blank\" rel=\"noopener nofollow\">Sport.pl<\/a><\/p>\n","protected":false},"excerpt":{"rendered":"Fernanda Maiasta kuoriutui tv-alan ammattilainen. Fernanda Maia Carelli on nyky\u00e4\u00e4n tv-toimittaja ja kahden lapsen \u00e4iti. AOP Kun Fernanda&hellip;\n","protected":false},"author":2,"featured_media":133562,"comment_status":"","ping_status":"","sticky":false,"template":"","format":"standard","meta":{"footnotes":""},"categories":[136],"tags":[35,407,137,33,31,30,101,408,99,41,98,979,32,109],"class_list":{"0":"post-133561","1":"post","2":"type-post","3":"status-publish","4":"format-standard","5":"has-post-thumbnail","7":"category-julkkikset","8":"tag-24h","9":"tag-celebrities","10":"tag-entertainment","11":"tag-fi","12":"tag-finland","13":"tag-finnish","14":"tag-ihmissuhteet","15":"tag-julkkikset","16":"tag-lapset","17":"tag-liikunta-ja-urheilu","18":"tag-perhe","19":"tag-sahkoinen-media","20":"tag-suomi","21":"tag-viihde"},"share_on_mastodon":{"url":"https:\/\/pubeurope.com\/@fi\/115839113811355421","error":""},"_links":{"self":[{"href":"https:\/\/www.europesays.com\/fi\/wp-json\/wp\/v2\/posts\/133561","targetHints":{"allow":["GET"]}}],"collection":[{"href":"https:\/\/www.europesays.com\/fi\/wp-json\/wp\/v2\/posts"}],"about":[{"href":"https:\/\/www.europesays.com\/fi\/wp-json\/wp\/v2\/types\/post"}],"author":[{"embeddable":true,"href":"https:\/\/www.europesays.com\/fi\/wp-json\/wp\/v2\/users\/2"}],"replies":[{"embeddable":true,"href":"https:\/\/www.europesays.com\/fi\/wp-json\/wp\/v2\/comments?post=133561"}],"version-history":[{"count":0,"href":"https:\/\/www.europesays.com\/fi\/wp-json\/wp\/v2\/posts\/133561\/revisions"}],"wp:featuredmedia":[{"embeddable":true,"href":"https:\/\/www.europesays.com\/fi\/wp-json\/wp\/v2\/media\/133562"}],"wp:attachment":[{"href":"https:\/\/www.europesays.com\/fi\/wp-json\/wp\/v2\/media?parent=133561"}],"wp:term":[{"taxonomy":"category","embeddable":true,"href":"https:\/\/www.europesays.com\/fi\/wp-json\/wp\/v2\/categories?post=133561"},{"taxonomy":"post_tag","embeddable":true,"href":"https:\/\/www.europesays.com\/fi\/wp-json\/wp\/v2\/tags?post=133561"}],"curies":[{"name":"wp","href":"https:\/\/api.w.org\/{rel}","templated":true}]}}