{"id":133574,"date":"2026-01-04T22:21:08","date_gmt":"2026-01-04T22:21:08","guid":{"rendered":"https:\/\/www.europesays.com\/fi\/133574\/"},"modified":"2026-01-04T22:21:08","modified_gmt":"2026-01-04T22:21:08","slug":"fitburg-laivan-asianajaja-varustamo-ei-ole-saanut-tietoa-tapahtumista-koska-aluksen-puhelimet-on-takavarikoitu-kotimaa","status":"publish","type":"post","link":"https:\/\/www.europesays.com\/fi\/133574\/","title":{"rendered":"Fitburg-laivan asianajaja: Varustamo ei ole saanut tietoa tapahtumista, koska aluksen puhelimet on takavarikoitu | Kotimaa"},"content":{"rendered":"<p class=\"aw-1gybjub aw-5vja16 kEtdKx kmuxyA yle__article__paragraph\">Asianajaja Herman Ljungbergin mukaan varustamon on vaikea selvitt\u00e4\u00e4, mit\u00e4 aluksella on tapahtunut, koska viranomaiset ovat ker\u00e4nneet talteen my\u00f6s puhelimet. <\/p>\n<p><img decoding=\"async\" alt=\"Rahtialus Fitburg satamassa illan pimeydess\u00e4.\" src=\"https:\/\/www.europesays.com\/fi\/wp-content\/uploads\/2026\/01\/39-1576143695559ff1ab62.jpeg\" class=\"aw-1l9m598 hKVVvP\"\/><\/p>\n<p>Avaa kuvien katselu<\/p>\n<p>Kaapelirikosta ep\u00e4illyn Fitburg-aluksen asianaja Herman Ljungberg kritisoi viranomaisten toimia aluksen haltuunottamisessa. Kuva: Dan Granqvist<\/p>\n<ul class=\"aw-1jjocuh iJTSwP yle__article__list yle__article__list--ul\">\n<li class=\"aw-1j7gwms gNYKfi\">Aluksen asianajajan Herman Ljungbergin mukaan varustamo ei saa yhteytt\u00e4 alukseen, koska kaikki puhelimet on takavarikoitu<\/li>\n<li class=\"aw-1j7gwms gNYKfi\">Helsingin k\u00e4r\u00e4j\u00e4oikeus on t\u00e4n\u00e4\u00e4n vanginnut kaapelirikosta ep\u00e4illyn Fitburg-rahtialuksen miehist\u00f6n j\u00e4senen.<\/li>\n<li class=\"aw-1j7gwms gNYKfi\">Poliisin mukaan aluksella on tehty kaikki v\u00e4ltt\u00e4m\u00e4tt\u00f6m\u00e4t toimet rikoksen selvitt\u00e4miseksi.<\/li>\n<\/ul>\n<p class=\"aw-1gybjub aw-1p7kakr kEtdKx cEmitX yle__article__paragraph\">Kaapelirikosta ep\u00e4illyn Fitburg-aluksen asianajaja <strong class=\"aw-ak79eh KyCXm yle__article__strong\">Herman Ljungbergin<\/strong> k\u00e4sityksen mukaan viranomaiset ovat takavarikoineet kaikki aluksen puhelimet.<\/p>\n<p class=\"aw-1gybjub aw-1p7kakr kEtdKx cEmitX yle__article__paragraph\">H\u00e4nen mukaansa varustamon on t\u00e4m\u00e4n vuoksi vaikea selvitt\u00e4\u00e4 mit\u00e4 on tapahtunut. Ljungbergin mukaan varustamo ei ole n\u00e4in ollen saanut aluksen p\u00e4\u00e4llyst\u00f6lt\u00e4 tai miehist\u00f6lt\u00e4 mit\u00e4\u00e4n tietoa siit\u00e4, mit\u00e4 on tapahtunut.<\/p>\n<p class=\"aw-1gybjub aw-1p7kakr kEtdKx cEmitX yle__article__paragraph\">Ljungberg kommentoi tilannetta Ylelle s\u00e4hk\u00f6postitse.<\/p>\n<p class=\"aw-1gybjub aw-1p7kakr kEtdKx cEmitX yle__article__paragraph\">Ljungbergin mukaan varustamo ei voi kommentoida aluksen haltuunottoa, koska se ei Ljungbergin mukaan ole saanut pyynn\u00f6ist\u00e4 huolimatta p\u00e4\u00e4t\u00f6st\u00e4 aluksen haltuunotosta.<\/p>\n<p class=\"aw-1gybjub aw-1p7kakr kEtdKx cEmitX yle__article__paragraph\">Asianajajan mukaan on valitettavaa, ett\u00e4 merimiesten omaiset kuulevat tapahtumasta vain tiedotusv\u00e4lineiden kautta.<\/p>\n<p class=\"aw-1gybjub aw-1p7kakr kEtdKx cEmitX yle__article__paragraph\">Ljungberg toimi my\u00f6s viime vuonna kaapelikosta ep\u00e4illyn Eagle S -aluksen asianajajana.<\/p>\n<p>Tutkinnanjohtaja: Kaikki tarpellinen tehd\u00e4\u00e4n<\/p>\n<p class=\"aw-1gybjub aw-1p7kakr kEtdKx cEmitX yle__article__paragraph\">Fitburg-alusta koskevan tutkinnan yleisjohtajana toimiva keskusrikospoliisin rikoskomisario <strong class=\"aw-ak79eh KyCXm yle__article__strong\">Risto Lohi<\/strong> toteaa Ylelle, ett\u00e4 poliisi on tehnyt aluksella tarpeellisesksi katsomansa toimet.<\/p>\n<p class=\"aw-1gybjub aw-1p7kakr kEtdKx cEmitX yle__article__paragraph\">\u2013 Emme yksil\u00f6i aluksella tekemi\u00e4mme toimia.<\/p>\n<p class=\"aw-1gybjub aw-1p7kakr kEtdKx cEmitX yle__article__paragraph\">Lohen mukaan kaikki poliisin aluksella tekem\u00e4t toimet on arvioitu v\u00e4ltt\u00e4m\u00e4tt\u00f6miksi rikosep\u00e4ilyjen selvitt\u00e4miseksi.<\/p>\n<p class=\"aw-1gybjub aw-1p7kakr kEtdKx cEmitX yle__article__paragraph\">Kaapelirikon aiheuttamisesta ep\u00e4illyn Fitburg-rahtialuksen <a class=\"aw-iao6s4 iHOxEa yle__article__link\" href=\"https:\/\/yle.fi\/a\/74-20202540\" role=\"link\" rel=\"nofollow noopener\" target=\"_blank\">miehist\u00f6n j\u00e4sen vangittiin t\u00e4n\u00e4\u00e4n<\/a> iltap\u00e4iv\u00e4ll\u00e4 Helsingin k\u00e4r\u00e4j\u00e4oikeudessa. Ep\u00e4ilty on Azerbaid\u017eanin kansalainen.<\/p>\n<p class=\"aw-1gybjub aw-1p7kakr kEtdKx cEmitX yle__article__paragraph\">Lohen mukaan mies vangittiin syyt\u00e4 ep\u00e4ill\u00e4 -perusteella. Tapauksissa, joissa henkil\u00f6 on vangittuna syyt\u00e4 ep\u00e4ill\u00e4 -perusteella, asiaa k\u00e4sitell\u00e4\u00e4n uudelleen viikon kuluttua.<\/p>\n<p class=\"aw-1gybjub aw-1p7kakr kEtdKx cEmitX yle__article__paragraph\">\u2013 Kuulustelut jatkuvat.<\/p>\n<p class=\"aw-1gybjub aw-1p7kakr kEtdKx cEmitX yle__article__paragraph\">Lohen mukaan vangitsemista pidettiin esitutkinnan turvaamiseksi v\u00e4ltt\u00e4m\u00e4tt\u00f6m\u00e4n\u00e4. Poliisi ep\u00e4ilee Fitburg-laivan tapauksessa t\u00f6rke\u00e4\u00e4 vahingontekoa, t\u00f6rke\u00e4\u00e4 vahingonteon yrityst\u00e4 ja t\u00f6rke\u00e4\u00e4 tietoliikenteen h\u00e4irint\u00e4\u00e4.<\/p>\n<p class=\"aw-1gybjub aw-1p7kakr kEtdKx cEmitX yle__article__paragraph\">Rahtialus Fitburgin ep\u00e4ill\u00e4\u00e4n vaurioittaneen teleoperaattori Elisan merikaapelia Helsingin ja Tallinnan v\u00e4lill\u00e4 uudenvuodenaattona.<\/p>\n<p class=\"aw-1gybjub aw-1p7kakr kEtdKx cEmitX yle__article__paragraph\">Poliisin tutkimuksissa merenpohjasta on l\u00f6ydetty kymmeni\u00e4 kilometrej\u00e4 pitk\u00e4 raahausj\u00e4lki.<\/p>\n<p class=\"aw-1gybjub aw-1p7kakr kEtdKx cEmitX yle__article__paragraph\">Aluksen miehist\u00f6\u00f6n kuuluu yhteens\u00e4 14 j\u00e4sent\u00e4. Heid\u00e4n on kerrottu olevan Ven\u00e4j\u00e4n, Georgian, Kazakstanin ja Azerbaidzhanin kansalaisia.<\/p>\n","protected":false},"excerpt":{"rendered":"Asianajaja Herman Ljungbergin mukaan varustamon on vaikea selvitt\u00e4\u00e4, mit\u00e4 aluksella on tapahtunut, koska viranomaiset ovat ker\u00e4nneet talteen my\u00f6s&hellip;\n","protected":false},"author":2,"featured_media":133575,"comment_status":"","ping_status":"","sticky":false,"template":"","format":"standard","meta":{"footnotes":""},"categories":[12],"tags":[22,23,26,27,33,31,30,17,71,24,25,28,29,15,18,21,52,1283,581,1263,32,19,20,16,4645],"class_list":{"0":"post-133574","1":"post","2":"type-post","3":"status-publish","4":"format-standard","5":"has-post-thumbnail","7":"category-suomi","8":"tag-breaking-news","9":"tag-breakingnews","10":"tag-featured-news","11":"tag-featurednews","12":"tag-fi","13":"tag-finland","14":"tag-finnish","15":"tag-headlines","16":"tag-kotimaa","17":"tag-latest-news","18":"tag-latestnews","19":"tag-main-news","20":"tag-mainnews","21":"tag-news","22":"tag-otsikot","23":"tag-paauutiset","24":"tag-poliisi","25":"tag-poliisitutkinta","26":"tag-rikokset","27":"tag-rikosepailyt","28":"tag-suomi","29":"tag-top-stories","30":"tag-topstories","31":"tag-uutiset","32":"tag-viranomaiset"},"share_on_mastodon":{"url":"https:\/\/pubeurope.com\/@fi\/115839165003153480","error":""},"_links":{"self":[{"href":"https:\/\/www.europesays.com\/fi\/wp-json\/wp\/v2\/posts\/133574","targetHints":{"allow":["GET"]}}],"collection":[{"href":"https:\/\/www.europesays.com\/fi\/wp-json\/wp\/v2\/posts"}],"about":[{"href":"https:\/\/www.europesays.com\/fi\/wp-json\/wp\/v2\/types\/post"}],"author":[{"embeddable":true,"href":"https:\/\/www.europesays.com\/fi\/wp-json\/wp\/v2\/users\/2"}],"replies":[{"embeddable":true,"href":"https:\/\/www.europesays.com\/fi\/wp-json\/wp\/v2\/comments?post=133574"}],"version-history":[{"count":0,"href":"https:\/\/www.europesays.com\/fi\/wp-json\/wp\/v2\/posts\/133574\/revisions"}],"wp:featuredmedia":[{"embeddable":true,"href":"https:\/\/www.europesays.com\/fi\/wp-json\/wp\/v2\/media\/133575"}],"wp:attachment":[{"href":"https:\/\/www.europesays.com\/fi\/wp-json\/wp\/v2\/media?parent=133574"}],"wp:term":[{"taxonomy":"category","embeddable":true,"href":"https:\/\/www.europesays.com\/fi\/wp-json\/wp\/v2\/categories?post=133574"},{"taxonomy":"post_tag","embeddable":true,"href":"https:\/\/www.europesays.com\/fi\/wp-json\/wp\/v2\/tags?post=133574"}],"curies":[{"name":"wp","href":"https:\/\/api.w.org\/{rel}","templated":true}]}}