{"id":133582,"date":"2026-01-04T22:42:11","date_gmt":"2026-01-04T22:42:11","guid":{"rendered":"https:\/\/www.europesays.com\/fi\/133582\/"},"modified":"2026-01-04T22:42:11","modified_gmt":"2026-01-04T22:42:11","slug":"mtvn-loru-on-loppu-voice-fi","status":"publish","type":"post","link":"https:\/\/www.europesays.com\/fi\/133582\/","title":{"rendered":"MTV:n loru on loppu &#8211; Voice.fi"},"content":{"rendered":"<p>MTV eli Music Television aloitti toimintansa Yhdysvalloissa vuonna 1981.<\/p>\n<p>Eurooppalainen versio MTV Europe n\u00e4ki p\u00e4iv\u00e4nvalon vuonna 1987.<\/p>\n<p>Lue my\u00f6s: <a href=\"https:\/\/www.voice.fi\/viihde\/a-160995\" title=\"Realitysuosikki Jersey Shore palaa t\u00e4n\u00e4\u00e4n ruutuun \u2013 Tied\u00e4tk\u00f6 mit\u00e4 t\u00e4hdille kuuluu nyt?\" class=\"underline-custom !font-montserrat !font-bold !underline-offset-4 !decoration-4 !decoration-tilt-light !text-md\" rel=\"nofollow noopener\" target=\"_blank\">Realitysuosikki Jersey Shore palaa t\u00e4n\u00e4\u00e4n ruutuun \u2013 Tied\u00e4tk\u00f6 mit\u00e4 t\u00e4hdille kuuluu nyt?<\/a><\/p>\n<p>Lue my\u00f6s: <a href=\"https:\/\/www.voice.fi\/muoti-ja-kauneus\/a-226604\" title=\"Shakiran VMA-gaalan cut out -mekko oli koristeltu muotitalo Versacen tavaramerkein\" class=\"underline-custom !font-montserrat !font-bold !underline-offset-4 !decoration-4 !decoration-tilt-light !text-md\" rel=\"nofollow noopener\" target=\"_blank\">Shakiran VMA-gaalan cut out -mekko oli koristeltu muotitalo Versacen tavaramerkein<\/a><\/p>\n<p>MTV:n ohjelmisto koostui ymp\u00e4ri vuorokauden py\u00f6rivist\u00e4 musiikkivideoista, ja kanavalla on ollut massiivinen vaikutus sek\u00e4 pop- ett\u00e4 rockmusiikin kehitykseen.<\/p>\n<p>Nyt t\u00e4m\u00e4 aikakausi on tullut p\u00e4\u00e4t\u00f6kseen, kun MTV sulki pelk\u00e4st\u00e4\u00e4n musiikkia esitt\u00e4vi\u00e4 tv-kanaviaan vuoden 2025 viimeisen\u00e4 p\u00e4iv\u00e4n\u00e4.<\/p>\n<p>Maksulliset musiikkikanavat suljettiin Saksassa, Britanniassa, Ranskassa, Italiassa, Unkarissa, Puolassa, It\u00e4vallassa, Australiassa sek\u00e4 Brasiliassa.<\/p>\n<p>Lue my\u00f6s: <a href=\"https:\/\/www.voice.fi\/viihde\/a-209723\" title=\"Jersey Shore -t\u00e4hte\u00e4 verrataan Kim Kardashianiin \u2013 tuore kuva ker\u00e4si valtavan m\u00e4\u00e4r\u00e4n kommentteja\" class=\"underline-custom !font-montserrat !font-bold !underline-offset-4 !decoration-4 !decoration-tilt-light !text-md\" rel=\"nofollow noopener\" target=\"_blank\">Jersey Shore -t\u00e4hte\u00e4 verrataan Kim Kardashianiin \u2013 tuore kuva ker\u00e4si valtavan m\u00e4\u00e4r\u00e4n kommentteja<\/a><\/p>\n<p>Lue my\u00f6s: <a href=\"https:\/\/www.voice.fi\/viihde\/a-202697\" title=\"Jersey Shore -t\u00e4hti Snooki sai koronatartunnan \u2013 kertoo nyt oireistaan\" class=\"underline-custom !font-montserrat !font-bold !underline-offset-4 !decoration-4 !decoration-tilt-light !text-md\" rel=\"nofollow noopener\" target=\"_blank\">Jersey Shore -t\u00e4hti Snooki sai koronatartunnan \u2013 kertoo nyt oireistaan<\/a><\/p>\n<p>Ainoa toimintaan j\u00e4\u00e4v\u00e4 kanava on MTV:n perinteinen televisiokanava, jolla esitet\u00e4\u00e4n jatkossa viihdeohjelmia, kuten tosi tv-sarjoja.<\/p>\n<p>MTV Music -kanavan toiminnan aloitti aikoinaan sama kappale, jolla sen l\u00e4hetykset my\u00f6s p\u00e4\u00e4tettiin: <strong>The Bugglesin<\/strong> Video Killed the Radio Star.<\/p>\n","protected":false},"excerpt":{"rendered":"MTV eli Music Television aloitti toimintansa Yhdysvalloissa vuonna 1981. Eurooppalainen versio MTV Europe n\u00e4ki p\u00e4iv\u00e4nvalon vuonna 1987. Lue&hellip;\n","protected":false},"author":2,"featured_media":133583,"comment_status":"","ping_status":"","sticky":false,"template":"","format":"standard","meta":{"footnotes":"","_share_on_mastodon":"0"},"categories":[130],"tags":[137,33,31,30,23509,2376,32,23510,109],"class_list":["post-133582","post","type-post","status-publish","format-standard","has-post-thumbnail","category-viihde","tag-entertainment","tag-fi","tag-finland","tag-finnish","tag-kanava-lopettaa","tag-mtv","tag-suomi","tag-tv-kanava","tag-viihde"],"share_on_mastodon":{"url":"https:\/\/pubeurope.com\/@fi\/115839247453998112","error":""},"_links":{"self":[{"href":"https:\/\/www.europesays.com\/fi\/wp-json\/wp\/v2\/posts\/133582","targetHints":{"allow":["GET"]}}],"collection":[{"href":"https:\/\/www.europesays.com\/fi\/wp-json\/wp\/v2\/posts"}],"about":[{"href":"https:\/\/www.europesays.com\/fi\/wp-json\/wp\/v2\/types\/post"}],"author":[{"embeddable":true,"href":"https:\/\/www.europesays.com\/fi\/wp-json\/wp\/v2\/users\/2"}],"replies":[{"embeddable":true,"href":"https:\/\/www.europesays.com\/fi\/wp-json\/wp\/v2\/comments?post=133582"}],"version-history":[{"count":0,"href":"https:\/\/www.europesays.com\/fi\/wp-json\/wp\/v2\/posts\/133582\/revisions"}],"wp:featuredmedia":[{"embeddable":true,"href":"https:\/\/www.europesays.com\/fi\/wp-json\/wp\/v2\/media\/133583"}],"wp:attachment":[{"href":"https:\/\/www.europesays.com\/fi\/wp-json\/wp\/v2\/media?parent=133582"}],"wp:term":[{"taxonomy":"category","embeddable":true,"href":"https:\/\/www.europesays.com\/fi\/wp-json\/wp\/v2\/categories?post=133582"},{"taxonomy":"post_tag","embeddable":true,"href":"https:\/\/www.europesays.com\/fi\/wp-json\/wp\/v2\/tags?post=133582"}],"curies":[{"name":"wp","href":"https:\/\/api.w.org\/{rel}","templated":true}]}}