{"id":133586,"date":"2026-01-04T22:46:08","date_gmt":"2026-01-04T22:46:08","guid":{"rendered":"https:\/\/www.europesays.com\/fi\/133586\/"},"modified":"2026-01-04T22:46:08","modified_gmt":"2026-01-04T22:46:08","slug":"yhdysvaltojen-pitaisi-tehda-putinille-sama-kuin-madurolle","status":"publish","type":"post","link":"https:\/\/www.europesays.com\/fi\/133586\/","title":{"rendered":"Yhdysvaltojen pit\u00e4isi tehd\u00e4 Putinille sama kuin Madurolle"},"content":{"rendered":"<p>T\u00e4h\u00e4n artikkeliin on koottu Ukrainan sodan keskeisimm\u00e4t tapahtumat sunnuntailta 4. tammikuuta 2026. Kyseess\u00e4 on sodan 1411. p\u00e4iv\u00e4.<\/p>\n<p><img decoding=\"async\" class=\"image image-show image-preview\" src=\"https:\/\/www.europesays.com\/fi\/wp-content\/uploads\/2026\/01\/e8849cb0d4c833772e4f5baa06872ab8fcbb2368cf78265f824f3af3c9904b73.jpg\" alt=\"\"\/><img decoding=\"async\" class=\"image image-show\" src=\"https:\/\/www.europesays.com\/fi\/wp-content\/uploads\/2026\/01\/1767566768_389_e8849cb0d4c833772e4f5baa06872ab8fcbb2368cf78265f824f3af3c9904b73.jpg\" alt=\"\"\/><\/p>\n<p>Ukrainan presidentti Volodymyr Zelenskyi kuvattuna joulukuussa, jolloin h\u00e4n vieraili Yhdysvalloissa. ZumaWire \/ MVPHOTOS<\/p>\n<ul>\n<li>Ukrainan presidentti Volodymyr Zelenskyi kommentoi sunnuntaina Yhdysvaltain iskua Venezuelaan.<\/li>\n<li>Ven\u00e4l\u00e4isviranomaisten mukaan Ukraina hy\u00f6kk\u00e4si sunnuntaina Moskovaan droonein.<\/li>\n<li>T\u0161ekiss\u00e4 on noussut kohu puheesta, jossa vihjattiin korruptiosta Ukrainassa.<\/li>\n<\/ul>\n<p class=\"paragraph\">Ukrainan presidentti <a href=\"https:\/\/www.iltalehti.fi\/henkilot\/Volodymyr Zelenskyi\" class=\"article-link-person-page\" rel=\"nofollow noopener\" target=\"_blank\">Volodymyr Zelenskyi<\/a> kommentoi Venezuelan presidentin <a href=\"https:\/\/www.iltalehti.fi\/henkilot\/Nicol\u00e1s Maduro\" class=\"article-link-person-page\" rel=\"nofollow noopener\" target=\"_blank\">Nicol\u00e1s Maduron<\/a> sieppausta sunnuntaina, kertoo <a href=\"https:\/\/www.youtube.com\/watch?v=g2IZLxhksOk\" target=\"_blank\" rel=\"noopener nofollow\">AP<\/a>.<\/p>\n<p class=\"paragraph\">\u2013 Sen voin sanoa, ett\u00e4 jos n\u00e4in voi tehd\u00e4 diktaattoreille, Yhdysvallat tiet\u00e4\u00e4, mit\u00e4 tehd\u00e4 seuraavaksi.<\/p>\n<p class=\"paragraph\">Zelenskyi viittasi siihen, ett\u00e4 Yhdysvaltain pit\u00e4isi ottaa kiinni my\u00f6s Ven\u00e4j\u00e4n presidentti <a href=\"https:\/\/www.iltalehti.fi\/henkilot\/Vladimir Putin\" class=\"article-link-person-page\" rel=\"nofollow noopener\" target=\"_blank\">Vladimir Putin<\/a>.<\/p>\n<p class=\"paragraph\">Ven\u00e4j\u00e4n presidentinvaaleja pidet\u00e4\u00e4n laajasti n\u00e4yt\u00f6svaaleina. Putin k\u00e4y Ukrainassa kansainv\u00e4lisen oikeuden vastaista hy\u00f6kk\u00e4yssotaa.<\/p>\n<p>Moskovaan hy\u00f6k\u00e4ttiin droonein<\/p>\n<p class=\"paragraph\">Moskovan nelj\u00e4st\u00e4 lentoasemasta kolmella rajoitettiin lentoliikennett\u00e4 sunnuntaina droonien vuoksi, kertoo uutistoimisto AFP ven\u00e4l\u00e4isviranomaisten tietoihin perustuen.<\/p>\n<p class=\"paragraph\">Ven\u00e4j\u00e4n ilmailuviranomaisen Rosaviatsijan mukaan lentoliikenne Vnukovon, Domodedovon ja \u017dukovskin kentill\u00e4 keskeytettiin noin tunniksi sunnuntai-iltap\u00e4iv\u00e4n\u00e4. Ven\u00e4j\u00e4n median mukaan tilanne aiheutti runsaasti viiv\u00e4styksi\u00e4 lentoihin.<\/p>\n<p class=\"paragraph\">Moskovan pormestari <a href=\"https:\/\/www.iltalehti.fi\/henkilot\/Sergei Sobjanin\" class=\"article-link-person-page\" rel=\"nofollow noopener\" target=\"_blank\">Sergei Sobjanin<\/a> kertoi Telegram-kanavallaan, ett\u00e4 Ukraina hy\u00f6kk\u00e4si Moskovaan droonein pitkin sunnuntai-iltap\u00e4iv\u00e4\u00e4 ja -iltaa.<\/p>\n<p class=\"paragraph\">Sobjaninin mukaan Ven\u00e4j\u00e4 ampui alas kymmeni\u00e4 drooneja. Niiden ei uutisoitu aiheuttaneen vahinkoa.<\/p>\n<p class=\"paragraph\">Ukraina ei ole toistaiseksi kommentoinut asiaa.<\/p>\n<p>Moskovan pormestarin Sergei Sobjanin kuvattuna loppuvuodesta 2025. Zuma \/ MVPhotos<\/p>\n<p>Kiovassa terrori-isku<\/p>\n<p class=\"paragraph\">Ukrainan p\u00e4\u00e4kaupungissa Kiovassa sunnuntaina tapahtunutta r\u00e4j\u00e4hdyst\u00e4 tutkitaan terrori-iskuna, <a href=\"https:\/\/kyiv.gp.gov.ua\/ua\/news.html?_m=publications&amp;_t=rec&amp;id=408574\" target=\"_blank\" rel=\"noopener nofollow\">kaupungin syytt\u00e4j\u00e4nvirasto<\/a> ilmoittaa.<\/p>\n<p class=\"paragraph\">Kiovan poliisi kertoi katumaasturin r\u00e4j\u00e4ht\u00e4neen sunnuntaina Oblonoskyin alueella. Syytt\u00e4j\u00e4nviraston mukaan yksi sotilas sai sirpalevammoja.<\/p>\n<p>T\u0161ekiss\u00e4 kohu: Puhemies haukkui Ukrainan johtoa &#8221;juntaksi&#8221; ja &#8221;varkaiksi&#8221;<\/p>\n<p class=\"paragraph\">T\u0161ekiss\u00e4 on noussut kohu parlamentin alahuoneen puhemiehen uudenvuodenpuheesta, kertovat paikallismedia <a href=\"https:\/\/www.blesk.cz\/clanek\/zpravy-politika\/830100\/okamuruv-projev-proti-ukrajincum-babis-mlci-ale-prozradil-cestu-na-jednani-koalice-ochotnych.html\" rel=\"noopener nofollow\" target=\"_blank\">Blesk<\/a> ja <a href=\"https:\/\/www.kyivpost.com\/post\/67353\" rel=\"noopener nofollow\" target=\"_blank\">Kyiv Post<\/a>.<\/p>\n<p class=\"paragraph\">\u00c4\u00e4rioikeistolaisen SPD-puolueen puheenjohtaja <a href=\"https:\/\/www.iltalehti.fi\/henkilot\/Tomio Okamura\" class=\"article-link-person-page\" rel=\"nofollow noopener\" target=\"_blank\">Tomio Okamura<\/a> sanoi muun muassa Ukrainan johdon varastavan l\u00e4nsimaista apua rakennuttaakseen itselleen &#8221;kultaisia vessoja&#8221;.<\/p>\n<p class=\"paragraph\">\u2013 Ette voi k\u00e4ytt\u00e4\u00e4 t\u0161ekkil\u00e4isten el\u00e4kel\u00e4isten, vammaisten kansalaisten ja lapsiperheiden rahaa aseiden ostamiseen ja l\u00e4hett\u00e4\u00e4 heit\u00e4 k\u00e4ym\u00e4\u00e4n t\u00e4ysin j\u00e4rjet\u00f6nt\u00e4 sotaa, Okamura sanoi videolla.<\/p>\n<p class=\"paragraph\">\u2013 Rahaa virtaa kaikkiin suuntiin ja kaikki saavat t\u00e4st\u00e4 liiketoiminnasta jotakin. L\u00e4nsimaiset yritykset ja hallitukset, sek\u00e4 ukrainalaiset varkaat\u00a0Zelenskyin\u00a0juntan ymp\u00e4rill\u00e4, jotka rakentavat vessoja kullasta.<\/p>\n<p class=\"paragraph\">Okamura kritisoi Ukrainan aseistamista.<\/p>\n<p class=\"paragraph\">\u2013 Brysselin juna on Yhdysvaltain hallituksen varoituksista huolimatta kohti kolmatta maailmansotaa.<\/p>\n<p class=\"paragraph\">\u2013 Antaa heid\u00e4n varastaa, mutta ei meilt\u00e4.<\/p>\n<p class=\"paragraph\">Oppositiopuolueet ilmoittivat ajavansa Okamuran erottamista puhemiehen paikalta ja vaativat T\u0161ekin p\u00e4\u00e4ministeri <a href=\"https:\/\/www.iltalehti.fi\/henkilot\/Andrej Babi\u0161\" class=\"article-link-person-page\" rel=\"nofollow noopener\" target=\"_blank\">Andrej Babi\u0161ia<\/a> tuomitsemaan hallituskumppaninsa lausunnot. Presidentti <a href=\"https:\/\/www.iltalehti.fi\/henkilot\/Petr Pavel\" class=\"article-link-person-page\" rel=\"nofollow noopener\" target=\"_blank\">Petr Pavel<\/a> kertoo haluavansa keskustella Babi\u0161in kanssa, uutisoi Blesk.<\/p>\n<p class=\"paragraph\">Pitk\u00e4aikainen Ukraina-kriitikko Tomio Okamura m\u00e4\u00e4r\u00e4si puhemiehen\u00e4 ensit\u00f6ikseen Ukrainan lipun poistettavaksi parlamenttirakennuksesta.<\/p>\n<p class=\"paragraph\">T\u0161ekin hallitukseen kuuluvat p\u00e4\u00e4ministeri Babi\u0161in populistipuolue Ano, SPD sek\u00e4 oikeistopopulistinen motoristipuolue.<\/p>\n","protected":false},"excerpt":{"rendered":"T\u00e4h\u00e4n artikkeliin on koottu Ukrainan sodan keskeisimm\u00e4t tapahtumat sunnuntailta 4. tammikuuta 2026. Kyseess\u00e4 on sodan 1411. p\u00e4iv\u00e4. Ukrainan&hellip;\n","protected":false},"author":2,"featured_media":133587,"comment_status":"","ping_status":"","sticky":false,"template":"","format":"standard","meta":{"footnotes":""},"categories":[14],"tags":[35,802,804,22,23,26,27,33,31,30,17,1433,24,25,803,28,29,15,18,21,805,32,19,20,56,16,59,60,61],"class_list":{"0":"post-133586","1":"post","2":"type-post","3":"status-publish","4":"format-standard","5":"has-post-thumbnail","7":"category-ulkomaat","8":"tag-24h","9":"tag-armeijat-ja-aseelliset-joukot","10":"tag-aseelliset-konfliktit","11":"tag-breaking-news","12":"tag-breakingnews","13":"tag-featured-news","14":"tag-featurednews","15":"tag-fi","16":"tag-finland","17":"tag-finnish","18":"tag-headlines","19":"tag-historia","20":"tag-latest-news","21":"tag-latestnews","22":"tag-levottomuudet-ja-sodat","23":"tag-main-news","24":"tag-mainnews","25":"tag-news","26":"tag-otsikot","27":"tag-paauutiset","28":"tag-sota","29":"tag-suomi","30":"tag-top-stories","31":"tag-topstories","32":"tag-ulkomaat","33":"tag-uutiset","34":"tag-world","35":"tag-world-news","36":"tag-worldnews"},"share_on_mastodon":{"url":"https:\/\/pubeurope.com\/@fi\/115839263253812992","error":""},"_links":{"self":[{"href":"https:\/\/www.europesays.com\/fi\/wp-json\/wp\/v2\/posts\/133586","targetHints":{"allow":["GET"]}}],"collection":[{"href":"https:\/\/www.europesays.com\/fi\/wp-json\/wp\/v2\/posts"}],"about":[{"href":"https:\/\/www.europesays.com\/fi\/wp-json\/wp\/v2\/types\/post"}],"author":[{"embeddable":true,"href":"https:\/\/www.europesays.com\/fi\/wp-json\/wp\/v2\/users\/2"}],"replies":[{"embeddable":true,"href":"https:\/\/www.europesays.com\/fi\/wp-json\/wp\/v2\/comments?post=133586"}],"version-history":[{"count":0,"href":"https:\/\/www.europesays.com\/fi\/wp-json\/wp\/v2\/posts\/133586\/revisions"}],"wp:featuredmedia":[{"embeddable":true,"href":"https:\/\/www.europesays.com\/fi\/wp-json\/wp\/v2\/media\/133587"}],"wp:attachment":[{"href":"https:\/\/www.europesays.com\/fi\/wp-json\/wp\/v2\/media?parent=133586"}],"wp:term":[{"taxonomy":"category","embeddable":true,"href":"https:\/\/www.europesays.com\/fi\/wp-json\/wp\/v2\/categories?post=133586"},{"taxonomy":"post_tag","embeddable":true,"href":"https:\/\/www.europesays.com\/fi\/wp-json\/wp\/v2\/tags?post=133586"}],"curies":[{"name":"wp","href":"https:\/\/api.w.org\/{rel}","templated":true}]}}