{"id":133592,"date":"2026-01-04T22:59:09","date_gmt":"2026-01-04T22:59:09","guid":{"rendered":"https:\/\/www.europesays.com\/fi\/133592\/"},"modified":"2026-01-04T22:59:09","modified_gmt":"2026-01-04T22:59:09","slug":"huhu-oneplus-16-voi-tuoda-markkinoille-ennatyksellisen-korkean-virkistystaajuuden-nayton","status":"publish","type":"post","link":"https:\/\/www.europesays.com\/fi\/133592\/","title":{"rendered":"Huhu: OnePlus 16 voi tuoda markkinoille enn\u00e4tyksellisen korkean virkistystaajuuden n\u00e4yt\u00f6n"},"content":{"rendered":"<p>Vuodon mukaan OnePlus 16 saattaa saada \u00e4lypuhelimissa ennenn\u00e4kem\u00e4tt\u00f6m\u00e4n korkean virkistystaajuuden n\u00e4yt\u00f6n.<\/p>\n<p>Hujujen mukaan <a href=\"https:\/\/muropaketti.com\/avainsana\/oneplus\/\" rel=\"nofollow noopener\" target=\"_blank\">OnePlus<\/a> testaa parhaillaan paneelia, jonka virkistystaajuus on v\u00e4hint\u00e4\u00e4n 200 hertsi\u00e4. Tarkkaa lukemaa ei ole paljastettu, mutta todenn\u00e4k\u00f6isimp\u00e4n\u00e4 vaihtoehtona pidet\u00e4\u00e4n 240 hertsi\u00e4. Jo 200 hertsi\u00e4 riitt\u00e4isi rikkomaan nykyiset \u00e4lypuhelinenn\u00e4tykset. Aiheesta <a href=\"https:\/\/playfuldroid.com\/oneplus-16-could-be-equipped-with-a-200hz-refresh-rate-display\/\" target=\"_blank\" rel=\"noreferrer noopener nofollow\">kertoi Playfuldroid<\/a>.<\/p>\n<p>Korkean virkistystaajuuden k\u00e4yt\u00e4nn\u00f6n hy\u00f6dyt her\u00e4tt\u00e4v\u00e4t kuitenkin kysymyksi\u00e4. Harva mobiilipeli tukee n\u00e4in korkeita lukemia, ja ep\u00e4selv\u00e4\u00e4 on my\u00f6s, voiko k\u00e4ytt\u00e4j\u00e4 pakottaa kaikki sovellukset k\u00e4ytt\u00e4m\u00e4\u00e4n maksimitaajuutta. Esimerkiksi OnePlus 15:n kohdalla 165 hertsin virkistystaajuutta tukee vain muutama mobiilipeli. Toisaalta kehittyneet pii-hiiliakut (Si\/C) lupaavat aiempaa suurempaa kapasiteettia, mik\u00e4 voisi kompensoida lis\u00e4\u00e4ntyv\u00e4\u00e4 virrankulutusta.<\/p>\n<p>N\u00e4ytt\u00f6huhun lis\u00e4ksi OnePlus 16:n on aiemmin kerrottu saavan 200 megapikselin kameran, mik\u00e4 viittaisi merkitt\u00e4viin parannuksiin my\u00f6s kuvauspuolella. Toistaiseksi kaikki tiedot perustuvat vuotoihin, eik\u00e4 OnePlus ole kommentoinut asiaa virallisesti.<\/p>\n","protected":false},"excerpt":{"rendered":"Vuodon mukaan OnePlus 16 saattaa saada \u00e4lypuhelimissa ennenn\u00e4kem\u00e4tt\u00f6m\u00e4n korkean virkistystaajuuden n\u00e4yt\u00f6n. Hujujen mukaan OnePlus testaa parhaillaan paneelia, jonka&hellip;\n","protected":false},"author":2,"featured_media":133593,"comment_status":"","ping_status":"","sticky":false,"template":"","format":"standard","meta":{"footnotes":""},"categories":[85],"tags":[33,31,30,419,418,844,32,91,92],"class_list":{"0":"post-133592","1":"post","2":"type-post","3":"status-publish","4":"format-standard","5":"has-post-thumbnail","7":"category-mobiili","8":"tag-fi","9":"tag-finland","10":"tag-finnish","11":"tag-mobiili","12":"tag-mobile","13":"tag-oneplus","14":"tag-suomi","15":"tag-technology","16":"tag-teknologia"},"share_on_mastodon":{"url":"https:\/\/pubeurope.com\/@fi\/115839314494208261","error":""},"_links":{"self":[{"href":"https:\/\/www.europesays.com\/fi\/wp-json\/wp\/v2\/posts\/133592","targetHints":{"allow":["GET"]}}],"collection":[{"href":"https:\/\/www.europesays.com\/fi\/wp-json\/wp\/v2\/posts"}],"about":[{"href":"https:\/\/www.europesays.com\/fi\/wp-json\/wp\/v2\/types\/post"}],"author":[{"embeddable":true,"href":"https:\/\/www.europesays.com\/fi\/wp-json\/wp\/v2\/users\/2"}],"replies":[{"embeddable":true,"href":"https:\/\/www.europesays.com\/fi\/wp-json\/wp\/v2\/comments?post=133592"}],"version-history":[{"count":0,"href":"https:\/\/www.europesays.com\/fi\/wp-json\/wp\/v2\/posts\/133592\/revisions"}],"wp:featuredmedia":[{"embeddable":true,"href":"https:\/\/www.europesays.com\/fi\/wp-json\/wp\/v2\/media\/133593"}],"wp:attachment":[{"href":"https:\/\/www.europesays.com\/fi\/wp-json\/wp\/v2\/media?parent=133592"}],"wp:term":[{"taxonomy":"category","embeddable":true,"href":"https:\/\/www.europesays.com\/fi\/wp-json\/wp\/v2\/categories?post=133592"},{"taxonomy":"post_tag","embeddable":true,"href":"https:\/\/www.europesays.com\/fi\/wp-json\/wp\/v2\/tags?post=133592"}],"curies":[{"name":"wp","href":"https:\/\/api.w.org\/{rel}","templated":true}]}}