{"id":133618,"date":"2026-01-04T23:39:10","date_gmt":"2026-01-04T23:39:10","guid":{"rendered":"https:\/\/www.europesays.com\/fi\/133618\/"},"modified":"2026-01-04T23:39:10","modified_gmt":"2026-01-04T23:39:10","slug":"helsingin-arvoalueella-kadonnut-nainen-on-loytynyt","status":"publish","type":"post","link":"https:\/\/www.europesays.com\/fi\/133618\/","title":{"rendered":"Helsingin arvoalueella kadonnut nainen on l\u00f6ytynyt"},"content":{"rendered":"<p>Poliisi kiitt\u00e4\u00e4 kansalaisia havainnoista ja katoamisilmoituksen jakamisesta.<\/p>\n<p class=\"paragraph\">Helsingin T\u00f6\u00f6l\u00f6ss\u00e4 kateissa ollut nainen on l\u00f6ytynyt kunnossa, poliisi tiedottaa.<\/p>\n<p class=\"paragraph\">Poliisi kiitt\u00e4\u00e4 kansalaisia havainnoista ja katoamisilmoituksen jakamisesta.<\/p>\n<p class=\"paragraph\">Poliisi pyysi aiemmin havaintoja t\u00f6\u00f6l\u00f6l\u00e4isnaisesta, joka oli l\u00e4htenyt ulkoilemaan sunnuntaiaamuna, eik\u00e4 ollut palannut kotiinsa ennen iltaseitsem\u00e4\u00e4.<\/p>\n<p class=\"paragraph\">Juttua p\u00e4ivitetty kauttaaltaan kello 20.10 poliisin tiedotteella siit\u00e4, ett\u00e4 nainen on l\u00f6ytynyt.<\/p>\n","protected":false},"excerpt":{"rendered":"Poliisi kiitt\u00e4\u00e4 kansalaisia havainnoista ja katoamisilmoituksen jakamisesta. Helsingin T\u00f6\u00f6l\u00f6ss\u00e4 kateissa ollut nainen on l\u00f6ytynyt kunnossa, poliisi tiedottaa. Poliisi&hellip;\n","protected":false},"author":2,"featured_media":4008,"comment_status":"","ping_status":"","sticky":false,"template":"","format":"standard","meta":{"footnotes":""},"categories":[12],"tags":[35,22,23,26,27,33,31,30,17,55,24,25,28,29,15,18,21,122,54,52,32,19,20,546,16],"class_list":{"0":"post-133618","1":"post","2":"type-post","3":"status-publish","4":"format-standard","5":"has-post-thumbnail","7":"category-suomi","8":"tag-24h","9":"tag-breaking-news","10":"tag-breakingnews","11":"tag-featured-news","12":"tag-featurednews","13":"tag-fi","14":"tag-finland","15":"tag-finnish","16":"tag-headlines","17":"tag-lainvalvonta","18":"tag-latest-news","19":"tag-latestnews","20":"tag-main-news","21":"tag-mainnews","22":"tag-news","23":"tag-otsikot","24":"tag-paauutiset","25":"tag-pelastaminen","26":"tag-pelastuspalvelut","27":"tag-poliisi","28":"tag-suomi","29":"tag-top-stories","30":"tag-topstories","31":"tag-turvallisuus","32":"tag-uutiset"},"share_on_mastodon":{"url":"https:\/\/pubeurope.com\/@fi\/115839471796966858","error":""},"_links":{"self":[{"href":"https:\/\/www.europesays.com\/fi\/wp-json\/wp\/v2\/posts\/133618","targetHints":{"allow":["GET"]}}],"collection":[{"href":"https:\/\/www.europesays.com\/fi\/wp-json\/wp\/v2\/posts"}],"about":[{"href":"https:\/\/www.europesays.com\/fi\/wp-json\/wp\/v2\/types\/post"}],"author":[{"embeddable":true,"href":"https:\/\/www.europesays.com\/fi\/wp-json\/wp\/v2\/users\/2"}],"replies":[{"embeddable":true,"href":"https:\/\/www.europesays.com\/fi\/wp-json\/wp\/v2\/comments?post=133618"}],"version-history":[{"count":0,"href":"https:\/\/www.europesays.com\/fi\/wp-json\/wp\/v2\/posts\/133618\/revisions"}],"wp:featuredmedia":[{"embeddable":true,"href":"https:\/\/www.europesays.com\/fi\/wp-json\/wp\/v2\/media\/4008"}],"wp:attachment":[{"href":"https:\/\/www.europesays.com\/fi\/wp-json\/wp\/v2\/media?parent=133618"}],"wp:term":[{"taxonomy":"category","embeddable":true,"href":"https:\/\/www.europesays.com\/fi\/wp-json\/wp\/v2\/categories?post=133618"},{"taxonomy":"post_tag","embeddable":true,"href":"https:\/\/www.europesays.com\/fi\/wp-json\/wp\/v2\/tags?post=133618"}],"curies":[{"name":"wp","href":"https:\/\/api.w.org\/{rel}","templated":true}]}}