{"id":133625,"date":"2026-01-05T00:00:19","date_gmt":"2026-01-05T00:00:19","guid":{"rendered":"https:\/\/www.europesays.com\/fi\/133625\/"},"modified":"2026-01-05T00:00:19","modified_gmt":"2026-01-05T00:00:19","slug":"jaajo-linnonmaa-tyostaa-uutta-yllattavaa-luovaa-projektia","status":"publish","type":"post","link":"https:\/\/www.europesays.com\/fi\/133625\/","title":{"rendered":"Jaajo Linnonmaa ty\u00f6st\u00e4\u00e4 uutta yll\u00e4tt\u00e4v\u00e4\u00e4 luovaa projektia"},"content":{"rendered":"<p>\t\t\t\t<b>Jaajo Linnonmaa<\/b> kertoo somessa aloittaneensa uuden luovan projektin: Jaajo ty\u00f6st\u00e4\u00e4 nuortenkirjaa.<\/p>\n<p>Kyseess\u00e4 on tarina yritt\u00e4misest\u00e4 lapsen ja nuoren n\u00e4k\u00f6kulmasta &#8211; rehellisesti, humoristisesti ja ilman silottelua. Ep\u00e4onnistuminen ei ole loppu vaan usein alku.<\/p>\n<p>Jaajo tekee projektista my\u00f6s videosarjan, jossa n\u00e4hd\u00e4\u00e4n miten hahmot kehittyv\u00e4t ja miten tarina muovautuu yhteisty\u00f6ss\u00e4 ammattilaisten kanssa.<\/p>\n<p>Angry Birds- ja Dream Heroes -projekteista tuttu kuvittaja <b>Lauri Konttori<\/b> on l\u00e4hd\u00f6ss\u00e4 ty\u00f6st\u00e4m\u00e4\u00e4n kirjan visuaalista ilmett\u00e4.<\/p>\n<p>&#8221;Uskon, ett\u00e4 tarinoilla on valtava merkitys siin\u00e4, miten nuoret suhtautuvat ty\u00f6h\u00f6n, rahaan ja omiin mahdollisuuksiinsa&#8221;.<\/p>\n<p>Jaajo haastaa ja pyyt\u00e4\u00e4 kaikki asiasta innostuneet mukaan vaikuttamaan lopputulokseen. Someseuraajat ja Jaajo-fanit p\u00e4\u00e4sev\u00e4t vaikuttamaan hahmoihin, tyyliin ja itse tarinaan. &#8221;T\u00e4m\u00e4 syntyy yhdess\u00e4&#8221;.<\/p>\n<p>&#8221;Videoita joka toinen p\u00e4iv\u00e4. P\u00e4\u00e4kanavana mun Tiktok. Kommentit ei mee hukkaan. Niiden mukaan menn\u00e4\u00e4n&#8221;.<\/p>\n<blockquote class=\"instagram-media\" data-instgrm-captioned=\"\" data-instgrm-permalink=\"https:\/\/www.instagram.com\/reel\/DTCta72jBWg\/?utm_source=ig_embed&amp;utm_campaign=loading\" data-instgrm-version=\"14\" style=\" background:#FFF; border:0; border-radius:3px; box-shadow:0 0 1px 0 rgba(0,0,0,0.5),0 1px 10px 0 rgba(0,0,0,0.15); margin: 1px; max-width:540px; min-width:326px; padding:0; width:99.375%; width:-webkit-calc(100% - 2px); width:calc(100% - 2px);\"\/>\n<blockquote class=\"instagram-media\" data-instgrm-captioned=\"\" data-instgrm-permalink=\"https:\/\/www.instagram.com\/reel\/DS-CGrJjBFa\/?utm_source=ig_embed&amp;utm_campaign=loading\" data-instgrm-version=\"14\" style=\" background:#FFF; border:0; border-radius:3px; box-shadow:0 0 1px 0 rgba(0,0,0,0.5),0 1px 10px 0 rgba(0,0,0,0.15); margin: 1px; max-width:540px; min-width:326px; padding:0; width:99.375%; width:-webkit-calc(100% - 2px); width:calc(100% - 2px);\"\/>\n<tr>\n<td><img loading=\"lazy\" decoding=\"async\" src=\"https:\/\/www.europesays.com\/fi\/wp-content\/uploads\/2026\/01\/1767571219_597_pic1.jpg\" width=\"520\" height=\"292\" alt=\"\"\/><\/td>\n<\/tr>\n<p><b>V2.fi | J.A. Kaunisto <\/b>\n\t\t\t\t<\/p>\n<p>\t\t\t<script async src=\"\/\/www.instagram.com\/embed.js\"><\/script><\/p>\n","protected":false},"excerpt":{"rendered":"Jaajo Linnonmaa kertoo somessa aloittaneensa uuden luovan projektin: Jaajo ty\u00f6st\u00e4\u00e4 nuortenkirjaa. Kyseess\u00e4 on tarina yritt\u00e4misest\u00e4 lapsen ja nuoren&hellip;\n","protected":false},"author":2,"featured_media":133626,"comment_status":"","ping_status":"","sticky":false,"template":"","format":"standard","meta":{"footnotes":""},"categories":[130],"tags":[137,33,31,30,188,191,192,185,150,189,187,32,193,194,109,186,190],"class_list":{"0":"post-133625","1":"post","2":"type-post","3":"status-publish","4":"format-standard","5":"has-post-thumbnail","7":"category-viihde","8":"tag-entertainment","9":"tag-fi","10":"tag-finland","11":"tag-finnish","12":"tag-keskustelu","13":"tag-nintendo","14":"tag-pc-pelit","15":"tag-peli","16":"tag-pelit","17":"tag-playstation","18":"tag-starat","19":"tag-suomi","20":"tag-video","21":"tag-videopelit","22":"tag-viihde","23":"tag-viihdeuutiset","24":"tag-xbox"},"share_on_mastodon":{"url":"https:\/\/pubeurope.com\/@fi\/115839554171516592","error":""},"_links":{"self":[{"href":"https:\/\/www.europesays.com\/fi\/wp-json\/wp\/v2\/posts\/133625","targetHints":{"allow":["GET"]}}],"collection":[{"href":"https:\/\/www.europesays.com\/fi\/wp-json\/wp\/v2\/posts"}],"about":[{"href":"https:\/\/www.europesays.com\/fi\/wp-json\/wp\/v2\/types\/post"}],"author":[{"embeddable":true,"href":"https:\/\/www.europesays.com\/fi\/wp-json\/wp\/v2\/users\/2"}],"replies":[{"embeddable":true,"href":"https:\/\/www.europesays.com\/fi\/wp-json\/wp\/v2\/comments?post=133625"}],"version-history":[{"count":0,"href":"https:\/\/www.europesays.com\/fi\/wp-json\/wp\/v2\/posts\/133625\/revisions"}],"wp:featuredmedia":[{"embeddable":true,"href":"https:\/\/www.europesays.com\/fi\/wp-json\/wp\/v2\/media\/133626"}],"wp:attachment":[{"href":"https:\/\/www.europesays.com\/fi\/wp-json\/wp\/v2\/media?parent=133625"}],"wp:term":[{"taxonomy":"category","embeddable":true,"href":"https:\/\/www.europesays.com\/fi\/wp-json\/wp\/v2\/categories?post=133625"},{"taxonomy":"post_tag","embeddable":true,"href":"https:\/\/www.europesays.com\/fi\/wp-json\/wp\/v2\/tags?post=133625"}],"curies":[{"name":"wp","href":"https:\/\/api.w.org\/{rel}","templated":true}]}}