{"id":13363,"date":"2025-08-22T17:49:08","date_gmt":"2025-08-22T17:49:08","guid":{"rendered":"https:\/\/www.europesays.com\/fi\/13363\/"},"modified":"2025-08-22T17:49:08","modified_gmt":"2025-08-22T17:49:08","slug":"venalaiset-valtasivat-uimarannat-suomalaisten-suosimassa-kohteessa","status":"publish","type":"post","link":"https:\/\/www.europesays.com\/fi\/13363\/","title":{"rendered":"Ven\u00e4l\u00e4iset valtasivat uimarannat suomalaisten suosimassa kohteessa"},"content":{"rendered":"<p>Turkissa kuulee paljon ven\u00e4j\u00e4\u00e4. <\/p>\n<p><img decoding=\"async\" class=\"image image-show image-preview\" src=\"https:\/\/www.europesays.com\/fi\/wp-content\/uploads\/2025\/08\/4949e496d43cbd32494dcfcf402ff4034011dbf7a8d9dd4b32e8fd22c30942a3.jpg\" alt=\"\"\/><img decoding=\"async\" class=\"image image-show\" src=\"https:\/\/www.europesays.com\/fi\/wp-content\/uploads\/2025\/08\/1755884948_158_4949e496d43cbd32494dcfcf402ff4034011dbf7a8d9dd4b32e8fd22c30942a3.jpg\" alt=\"\"\/><\/p>\n<p>Turkissa ven\u00e4l\u00e4iset kokevat itsens\u00e4 tervetulleiksi. Kuva otettu rannalta Antalyassa Turkissa. Mostophotos<\/p>\n<p class=\"paragraph\">Ukrainan sodan aikana ven\u00e4l\u00e4isten matkakohteet ovat alkaneet k\u00e4yd\u00e4 v\u00e4hiin. Euroopassa asenteet ven\u00e4l\u00e4isi\u00e4 kohtaan eiv\u00e4t ole parhaat mahdolliset, ja suoria liikenneyhteyksi\u00e4 on laitettu j\u00e4ihin.<\/p>\n<p class=\"paragraph\">Yksi ven\u00e4l\u00e4isten suosituimmista matkakohteista onkin nyt Turkki, kertoo ruotsalaismedia <a href=\"https:\/\/www.svt.se\/nyheter\/utrikes\/har-fylls-stranderna-av-ryssar-vi-behover-inte-skaffa-visum\" target=\"_blank\" rel=\"noopener nofollow\">SVT<\/a>.<\/p>\n<p class=\"paragraph\">SVT vieraili suositussa turkkilaisessa aurinkolomakohde Antalyassa, jossa ven\u00e4l\u00e4iset tuntevat itsens\u00e4 tervetulleiksi. Median mukaan Turkin talous my\u00f6s hy\u00f6tyy ven\u00e4l\u00e4isten turistien rynt\u00e4yksest\u00e4.<\/p>\n<p class=\"paragraph\">\u2013 Ei ole v\u00e4li\u00e4, mist\u00e4 he tulevat. Tienaamme rahaa turisteilla, ja he ovat mukavia ihmisi\u00e4, ravintolan omistaja <strong>Mustafa<\/strong> sanoo medialle.<\/p>\n<p class=\"paragraph\">SVT:n mukaan ven\u00e4j\u00e4\u00e4 kuulee kohteessa todella paljon. Monet paikalliset ravintolaty\u00f6ntekij\u00e4t ovat opetelleet puhumaan ven\u00e4j\u00e4\u00e4 palvellakseen asiakkaita.<\/p>\n<p class=\"paragraph\">Lomailevat ven\u00e4l\u00e4iset eiv\u00e4t halua puhua juuri politiikasta.<\/p>\n<p class=\"paragraph\">\u2013 Sodat ovat poliittisia, ymm\u00e4rr\u00e4ttek\u00f6? Ven\u00e4j\u00e4, Ukraina ja Valko-Ven\u00e4j\u00e4 ovat veljesmaita, ven\u00e4j\u00e4\u00e4 puhuva mies sanoo kuitenkin medialle.<\/p>\n<p class=\"paragraph\">Turkkiin matkustamista helpottaa, ettei sinne vaadita ven\u00e4l\u00e4isilt\u00e4 viisumia.<\/p>\n<p class=\"paragraph\">Nato-maa Turkki on toiminut useaan otteeseen Ven\u00e4j\u00e4n ja Ukrainan v\u00e4listen rauhanneuvottelujen is\u00e4nt\u00e4maana sodan aikana. Toukokuussa Ukrainan presidentti <strong>Volodymyr Zelenskyi<\/strong> kutsui <strong>Vladimir Putinin<\/strong> neuvotteluihin Istanbuliin, mutta Putin <a href=\"https:\/\/www.iltalehti.fi\/ulkomaat\/a8a1c342-a711-47f0-8a8e-ece351b2223c\" rel=\"nofollow noopener\" target=\"_blank\">teki oharit<\/a>.<\/p>\n<p class=\"paragraph\">Torstaina Zelenskyi sanoi, ett\u00e4 USA:n presidentti <strong>Donald Trumpin<\/strong> toivoma tapaaminen Ukrainan ja Ven\u00e4j\u00e4n presidenttien v\u00e4lill\u00e4 voitaisiin Ukrainan n\u00e4k\u00f6kulmasta j\u00e4rjest\u00e4\u00e4 Turkissa. Zelenskyi piti my\u00f6s Sveitsi\u00e4 ja It\u00e4valtaa mahdollisina paikkoina.<\/p>\n<p class=\"paragraph\">N\u00e4ytt\u00e4\u00e4 tosin yh\u00e4 ep\u00e4todenn\u00f6k\u00f6isemm\u00e4lle, ett\u00e4 tapaaminen todella j\u00e4rjestyisi.<\/p>\n<p>Ukrainan presidentti Volodymyr Zelenskyi (oik.) olisi valmis tapaamaan Ven\u00e4j\u00e4n presidentti Vladimir Putinin Turkissa. Kuva otettu Valkoisella talolla 18. elokuuta j\u00e4rjestetyss\u00e4 tapaamisessa USA:n presidentti Donald Trumpin kanssa. EPA \/ AOP<\/p>\n","protected":false},"excerpt":{"rendered":"Turkissa kuulee paljon ven\u00e4j\u00e4\u00e4. Turkissa ven\u00e4l\u00e4iset kokevat itsens\u00e4 tervetulleiksi. Kuva otettu rannalta Antalyassa Turkissa. Mostophotos Ukrainan sodan aikana&hellip;\n","protected":false},"author":2,"featured_media":13364,"comment_status":"","ping_status":"","sticky":false,"template":"","format":"standard","meta":{"footnotes":""},"categories":[14],"tags":[35,22,23,26,27,33,31,30,17,24,25,28,29,923,15,18,21,142,637,144,32,19,20,56,16,638,59,60,61],"class_list":{"0":"post-13363","1":"post","2":"type-post","3":"status-publish","4":"format-standard","5":"has-post-thumbnail","7":"category-ulkomaat","8":"tag-24h","9":"tag-breaking-news","10":"tag-breakingnews","11":"tag-featured-news","12":"tag-featurednews","13":"tag-fi","14":"tag-finland","15":"tag-finnish","16":"tag-headlines","17":"tag-latest-news","18":"tag-latestnews","19":"tag-main-news","20":"tag-mainnews","21":"tag-matkustaminen","22":"tag-news","23":"tag-otsikot","24":"tag-paauutiset","25":"tag-poliitikot","26":"tag-politiikka","27":"tag-presidentti","28":"tag-suomi","29":"tag-top-stories","30":"tag-topstories","31":"tag-ulkomaat","32":"tag-uutiset","33":"tag-valtiovalta","34":"tag-world","35":"tag-world-news","36":"tag-worldnews"},"share_on_mastodon":{"url":"","error":""},"_links":{"self":[{"href":"https:\/\/www.europesays.com\/fi\/wp-json\/wp\/v2\/posts\/13363","targetHints":{"allow":["GET"]}}],"collection":[{"href":"https:\/\/www.europesays.com\/fi\/wp-json\/wp\/v2\/posts"}],"about":[{"href":"https:\/\/www.europesays.com\/fi\/wp-json\/wp\/v2\/types\/post"}],"author":[{"embeddable":true,"href":"https:\/\/www.europesays.com\/fi\/wp-json\/wp\/v2\/users\/2"}],"replies":[{"embeddable":true,"href":"https:\/\/www.europesays.com\/fi\/wp-json\/wp\/v2\/comments?post=13363"}],"version-history":[{"count":0,"href":"https:\/\/www.europesays.com\/fi\/wp-json\/wp\/v2\/posts\/13363\/revisions"}],"wp:featuredmedia":[{"embeddable":true,"href":"https:\/\/www.europesays.com\/fi\/wp-json\/wp\/v2\/media\/13364"}],"wp:attachment":[{"href":"https:\/\/www.europesays.com\/fi\/wp-json\/wp\/v2\/media?parent=13363"}],"wp:term":[{"taxonomy":"category","embeddable":true,"href":"https:\/\/www.europesays.com\/fi\/wp-json\/wp\/v2\/categories?post=13363"},{"taxonomy":"post_tag","embeddable":true,"href":"https:\/\/www.europesays.com\/fi\/wp-json\/wp\/v2\/tags?post=13363"}],"curies":[{"name":"wp","href":"https:\/\/api.w.org\/{rel}","templated":true}]}}