{"id":133637,"date":"2026-01-05T00:29:21","date_gmt":"2026-01-05T00:29:21","guid":{"rendered":"https:\/\/www.europesays.com\/fi\/133637\/"},"modified":"2026-01-05T00:29:21","modified_gmt":"2026-01-05T00:29:21","slug":"autot-tassa-ovat-viime-vuoden-myydyimmat-uudet-autot-rannikkoseutu","status":"publish","type":"post","link":"https:\/\/www.europesays.com\/fi\/133637\/","title":{"rendered":"Autot | T\u00e4ss\u00e4 ovat viime vuoden myydyimm\u00e4t uudet autot &#8211; Rannikkoseutu"},"content":{"rendered":"<ol>\n<li><a href=\"https:\/\/news.google.com\/rss\/articles\/CBMib0FVX3lxTFA3NWNDSDRsQk5xUS1mUlBDejRBUFVEUGlyY2E2ZlMyWEFpZXdIbEcyeFMzQmVMOG1kVmxSUGFNVmk3RWk5U1FkVTVUY0hqWW43Z1Fwd0hEVUllQkFaa2RyOXZIWVNQMHV1UHRNMDFGYw?oc=5\" target=\"_blank\" rel=\"nofollow noopener\">Autot | T\u00e4ss\u00e4 ovat viime vuoden myydyimm\u00e4t uudet autot<\/a>&nbsp;&nbsp;Rannikkoseutu<\/li>\n<li><a href=\"https:\/\/news.google.com\/rss\/articles\/CBMibkFVX3lxTE82NGRGNkRNTUZmNzQ3S28zeGw4U2RmWlpEckVpTUdEV0NrblhHcDY3MkdkZlVWUDJnNHE2ODNRRG1RUmMtSkxfTU5vVzF0YkpTYTNKX0FpREJFWGpXZG40THgwV1Z5dlo5UWVVbUJB?oc=5\" target=\"_blank\" rel=\"nofollow noopener\">Autot | N\u00e4m\u00e4 20 autoa myiv\u00e4t viime vuonna eniten<\/a>&nbsp;&nbsp;HS.fi<\/li>\n<li><a href=\"https:\/\/news.google.com\/rss\/articles\/CBMifkFVX3lxTE1SVFJ6dVNhZldJeEJ3SkV4MXJOTnVYaDJ4QTNFN1FjM1ppQzgtX2Q0eVNpNEk0NEVTdktKTnJZSVVZY3BKTktQSExZMDZHTTBCN3JiYUNTZERwR2tOeG8tTi1KUVVORzJSYTV6NkVnWFI0ZEtmZGUyMHd4bEE0QQ?oc=5\" target=\"_blank\" rel=\"nofollow noopener\">Autokaupan vuosi 2025 j\u00e4i synk\u00e4ksi \u2013 K\u00e4ytettyjen kaupan piristyminen loi toivoa paremmasta<\/a>&nbsp;&nbsp;Kauppalehti<\/li>\n<li><a href=\"https:\/\/news.google.com\/rss\/articles\/CBMigAFBVV95cUxPRS14eEVtdGRkMTVVc3NfdHBxSHF2M3FvNE95WU5DSm5yUldmTXI4cXRvR25iS3dUY3kxZDRBWHBMaTJxUkwyX1NTaDhZMVB0Ym5peEVXSWVYemV4OFh0QXpfTElJakRqVGlySndBVmpVU2Z1bWtIR0NFUHpWNzZtdw?oc=5\" target=\"_blank\" rel=\"nofollow noopener\">N\u00e4it\u00e4 k\u00e4ytettyj\u00e4 autoja liikkeet ostivat eniten vuonna 2025 \u2013 yksi trendi jatkuu my\u00f6s t\u00e4n\u00e4 vuonna<\/a>&nbsp;&nbsp;Iltalehti<\/li>\n<li><a href=\"https:\/\/news.google.com\/rss\/articles\/CBMiVkFVX3lxTE5EWVM2dGxyUmhiRUlEWkY3RV90VmVxdExRenhxUFVxN3ZwRFZYWGlyTm01Rm1oUThUalAyZUFMTVlqVE4tUTFabzJQdU9ZUUVhMkpnRFhn?oc=5\" target=\"_blank\" rel=\"nofollow noopener\">Uusien henkil\u00f6autojen kauppa sujui viime vuonna nihke\u00e4sti \u2013 mutta liikenteen s\u00e4hk\u00f6istyminen eteni<\/a>&nbsp;&nbsp;Etel\u00e4-Suomen Sanomat<\/li>\n<\/ol>\n","protected":false},"excerpt":{"rendered":"Autot | T\u00e4ss\u00e4 ovat viime vuoden myydyimm\u00e4t uudet autot&nbsp;&nbsp;Rannikkoseutu Autot | N\u00e4m\u00e4 20 autoa myiv\u00e4t viime vuonna eniten&nbsp;&nbsp;HS.fi&hellip;\n","protected":false},"author":2,"featured_media":133638,"comment_status":"","ping_status":"","sticky":false,"template":"","format":"standard","meta":{"footnotes":""},"categories":[76],"tags":[79,77,33,31,30,1102,32,78],"class_list":{"0":"post-133637","1":"post","2":"type-post","3":"status-publish","4":"format-standard","5":"has-post-thumbnail","7":"category-talous","8":"tag-business","9":"tag-economy","10":"tag-fi","11":"tag-finland","12":"tag-finnish","13":"tag-rannikkoseutu","14":"tag-suomi","15":"tag-talous"},"share_on_mastodon":{"url":"https:\/\/pubeurope.com\/@fi\/115839668321406082","error":""},"_links":{"self":[{"href":"https:\/\/www.europesays.com\/fi\/wp-json\/wp\/v2\/posts\/133637","targetHints":{"allow":["GET"]}}],"collection":[{"href":"https:\/\/www.europesays.com\/fi\/wp-json\/wp\/v2\/posts"}],"about":[{"href":"https:\/\/www.europesays.com\/fi\/wp-json\/wp\/v2\/types\/post"}],"author":[{"embeddable":true,"href":"https:\/\/www.europesays.com\/fi\/wp-json\/wp\/v2\/users\/2"}],"replies":[{"embeddable":true,"href":"https:\/\/www.europesays.com\/fi\/wp-json\/wp\/v2\/comments?post=133637"}],"version-history":[{"count":0,"href":"https:\/\/www.europesays.com\/fi\/wp-json\/wp\/v2\/posts\/133637\/revisions"}],"wp:featuredmedia":[{"embeddable":true,"href":"https:\/\/www.europesays.com\/fi\/wp-json\/wp\/v2\/media\/133638"}],"wp:attachment":[{"href":"https:\/\/www.europesays.com\/fi\/wp-json\/wp\/v2\/media?parent=133637"}],"wp:term":[{"taxonomy":"category","embeddable":true,"href":"https:\/\/www.europesays.com\/fi\/wp-json\/wp\/v2\/categories?post=133637"},{"taxonomy":"post_tag","embeddable":true,"href":"https:\/\/www.europesays.com\/fi\/wp-json\/wp\/v2\/tags?post=133637"}],"curies":[{"name":"wp","href":"https:\/\/api.w.org\/{rel}","templated":true}]}}