{"id":133639,"date":"2026-01-05T00:30:07","date_gmt":"2026-01-05T00:30:07","guid":{"rendered":"https:\/\/www.europesays.com\/fi\/133639\/"},"modified":"2026-01-05T00:30:07","modified_gmt":"2026-01-05T00:30:07","slug":"latvian-paaministeri-itamerella-on-havaittu-valokuitukaapelin-vaurioituminen-poliisin-mukaan-asiaan-liittyva-alus-on-nyt-latviassa-uutissuomalainen","status":"publish","type":"post","link":"https:\/\/www.europesays.com\/fi\/133639\/","title":{"rendered":"Latvian p\u00e4\u00e4ministeri: It\u00e4merell\u00e4 on havaittu valokuitukaapelin vaurioituminen \u2013 poliisin mukaan asiaan liittyv\u00e4 alus on nyt Latviassa | Uutissuomalainen"},"content":{"rendered":"<p>It\u00e4merell\u00e4 yksityisen yrityksen omistama valokuitukaapeli on vaurioitunut, sanoo Latvian p\u00e4\u00e4ministeri Evika Silina lausunnossaan. Asiasta uutisoi muun muassa uutistoimisto <a href=\"https:\/\/www.reuters.com\/business\/media-telecom\/latvia-pm-says-baltic-sea-optical-cable-has-been-damaged-2026-01-04\/\" rel=\"nofollow noopener\" target=\"_blank\">Reuters<\/a>.<\/p>\n<p>Latvian poliisi <a href=\"https:\/\/x.com\/Valsts_policija\/status\/2007883742363214053\" rel=\"nofollow\">kertoo <\/a>saaneensa tiedon, ett\u00e4 kaapelivaurio tapahtui perjantaina. Poliisin mukaan vaurio tapahtui Latvian aluevesill\u00e4 ja asiasta on aloitettu tutkinta.<\/p>\n<p>Poliisin mukaan viranomaiset ovat nousseet sunnuntaina tapaukseen mahdollisesti liittyv\u00e4lle alukselle, joka on t\u00e4ll\u00e4 hetkell\u00e4 Latviassa. Aluksen miehist\u00f6\u00e4 ei poliisin mukaan ole pid\u00e4tetty, ja miehist\u00f6 tekee yhteisty\u00f6t\u00e4 viranomaisten kanssa.<\/p>\n<p>Poliisin mukaan alus olisi mahdollisesti kulkenut kaapelin yli.<\/p>\n<p>Liettuan kansallisen kriisinhallintakeskuksen mukaan kaapeli kulkee Liettuasta Sventojin kaupungista Latviaan Liepajan kaupunkiin. Kaupungit ovat noin 65 kilometrin p\u00e4\u00e4ss\u00e4 toisistaan.<\/p>\n<p>Kriisinhallintakeskuksen mukaan viel\u00e4 ei ole selv\u00e4\u00e4, mik\u00e4 on aiheuttanut vaurion.<\/p>\n<p>P\u00e4\u00e4ministeri Silina <a href=\"https:\/\/x.com\/EvikaSilina\/status\/2007868806568313341\" rel=\"nofollow\">kertoi<\/a> asiasta my\u00f6s viestipalvelu X:ss\u00e4. H\u00e4nen mukaansa vaurio ei ole vaikuttanut latvialaisten viestint\u00e4palveluiden k\u00e4ytt\u00e4jiin.<\/p>\n<p>Kyseess\u00e4 on jo toinen kaapelirikko It\u00e4merell\u00e4 lyhyen ajan sis\u00e4ll\u00e4. Viimeksi uudenvuodenaattona Elisan omistama tietoliikennekaapeli rikkoutui Suomenlahdella. Tapauksesta ep\u00e4ill\u00e4\u00e4n rahtilaiva Fitburgia. T\u00e4h\u00e4n menness\u00e4 tehtyjen tutkimusten perusteella on Suomen poliisin mukaan syyt\u00e4 ep\u00e4ill\u00e4, ett\u00e4 aluksen ankkuri ja ankkuriketju olivat laahanneet merenpohjaa v\u00e4hint\u00e4\u00e4n kymmeni\u00e4 kilometrej\u00e4 ennen vauriokohtaa.<\/p>\n","protected":false},"excerpt":{"rendered":"It\u00e4merell\u00e4 yksityisen yrityksen omistama valokuitukaapeli on vaurioitunut, sanoo Latvian p\u00e4\u00e4ministeri Evika Silina lausunnossaan. Asiasta uutisoi muun muassa uutistoimisto&hellip;\n","protected":false},"author":2,"featured_media":133640,"comment_status":"","ping_status":"","sticky":false,"template":"","format":"standard","meta":{"footnotes":""},"categories":[14],"tags":[22,23,26,27,33,31,30,17,24,25,121,28,29,3036,15,18,21,637,32,487,149,19,20,56,16,2569,2568,59,60,61],"class_list":{"0":"post-133639","1":"post","2":"type-post","3":"status-publish","4":"format-standard","5":"has-post-thumbnail","7":"category-ulkomaat","8":"tag-breaking-news","9":"tag-breakingnews","10":"tag-featured-news","11":"tag-featurednews","12":"tag-fi","13":"tag-finland","14":"tag-finnish","15":"tag-headlines","16":"tag-latest-news","17":"tag-latestnews","18":"tag-liikenne-ja-kuljetus","19":"tag-main-news","20":"tag-mainnews","21":"tag-meri-ja-rannikkoliikenne","22":"tag-news","23":"tag-otsikot","24":"tag-paauutiset","25":"tag-politiikka","26":"tag-suomi","27":"tag-teknologia-yleista","28":"tag-tietojenkasittely-ja-informaatioteknologia","29":"tag-top-stories","30":"tag-topstories","31":"tag-ulkomaat","32":"tag-uutiset","33":"tag-vesikulkuneuvot","34":"tag-vesiliikenne","35":"tag-world","36":"tag-world-news","37":"tag-worldnews"},"share_on_mastodon":{"url":"","error":"Validation failed: Text character limit of 500 exceeded"},"_links":{"self":[{"href":"https:\/\/www.europesays.com\/fi\/wp-json\/wp\/v2\/posts\/133639","targetHints":{"allow":["GET"]}}],"collection":[{"href":"https:\/\/www.europesays.com\/fi\/wp-json\/wp\/v2\/posts"}],"about":[{"href":"https:\/\/www.europesays.com\/fi\/wp-json\/wp\/v2\/types\/post"}],"author":[{"embeddable":true,"href":"https:\/\/www.europesays.com\/fi\/wp-json\/wp\/v2\/users\/2"}],"replies":[{"embeddable":true,"href":"https:\/\/www.europesays.com\/fi\/wp-json\/wp\/v2\/comments?post=133639"}],"version-history":[{"count":0,"href":"https:\/\/www.europesays.com\/fi\/wp-json\/wp\/v2\/posts\/133639\/revisions"}],"wp:featuredmedia":[{"embeddable":true,"href":"https:\/\/www.europesays.com\/fi\/wp-json\/wp\/v2\/media\/133640"}],"wp:attachment":[{"href":"https:\/\/www.europesays.com\/fi\/wp-json\/wp\/v2\/media?parent=133639"}],"wp:term":[{"taxonomy":"category","embeddable":true,"href":"https:\/\/www.europesays.com\/fi\/wp-json\/wp\/v2\/categories?post=133639"},{"taxonomy":"post_tag","embeddable":true,"href":"https:\/\/www.europesays.com\/fi\/wp-json\/wp\/v2\/tags?post=133639"}],"curies":[{"name":"wp","href":"https:\/\/api.w.org\/{rel}","templated":true}]}}