{"id":133661,"date":"2026-01-05T01:22:07","date_gmt":"2026-01-05T01:22:07","guid":{"rendered":"https:\/\/www.europesays.com\/fi\/133661\/"},"modified":"2026-01-05T01:22:07","modified_gmt":"2026-01-05T01:22:07","slug":"ainakin-80-jemenin-separatistia-kuoli-iskuissa-ja-taisteluissa-uutisia-lyhyesti","status":"publish","type":"post","link":"https:\/\/www.europesays.com\/fi\/133661\/","title":{"rendered":"Ainakin 80 Jemenin separatistia kuoli iskuissa ja taisteluissa | Uutisia lyhyesti"},"content":{"rendered":"<p class=\"aw-1gybjub aw-1p7kakr kEtdKx cEmitX yle__article__paragraph\">Jemeniss\u00e4 ainakin 80 separatistisen Etel\u00e4n siirtym\u00e4neuvoston STC:n taistelijaa on kuollut perjantain ja sunnuntain v\u00e4lisen\u00e4 aikana Saudi-Arabian tukemien joukkojen iskuissa tai taisteluissa niit\u00e4 vastaan. Alustavan uhriluvun kertoi uutistoimisto AFP:lle sunnuntaina STC:n edustaja.<\/p>\n<p class=\"aw-1gybjub aw-1p7kakr kEtdKx cEmitX yle__article__paragraph\">Lis\u00e4ksi noin 150 separatistin kerrottiin haavoittuneen ja 130:n joutuneen vangiksi.<\/p>\n<p class=\"aw-1gybjub aw-1p7kakr kEtdKx cEmitX yle__article__paragraph\">Arabiemiraattien tukemat separatistit ottivat joulukuussa haltuunsa alueita Jemenin kansainv\u00e4lisesti tunnustetulta hallinnolta.<\/p>\n<p class=\"aw-1gybjub aw-1p7kakr kEtdKx cEmitX yle__article__paragraph\">Saudi-Arabian tukemat joukot aloittivat perjantaina operaation vallatakseen alueita takaisin. Saudien tukemien joukkojen edustaja kertoi AFP:lle sunnuntaina, ett\u00e4 ainakin 14 heid\u00e4n taistelijaansa oli kuollut ja yli 30 haavoittunut.<\/p>\n<p class=\"aw-1gybjub aw-1p7kakr kEtdKx cEmitX yle__article__paragraph\">Saudi-Arabia ja Arabiemiraatit ovat pitk\u00e4\u00e4n tukeneet kilpailevia ryhmittymi\u00e4 Jemeniss\u00e4.<\/p>\n","protected":false},"excerpt":{"rendered":"Jemeniss\u00e4 ainakin 80 separatistisen Etel\u00e4n siirtym\u00e4neuvoston STC:n taistelijaa on kuollut perjantain ja sunnuntain v\u00e4lisen\u00e4 aikana Saudi-Arabian tukemien joukkojen&hellip;\n","protected":false},"author":2,"featured_media":74,"comment_status":"","ping_status":"","sticky":false,"template":"","format":"standard","meta":{"footnotes":""},"categories":[14],"tags":[4193,22,23,26,27,33,31,30,17,4259,992,24,25,28,29,15,18,21,3745,32,19,20,56,16,59,60,61],"class_list":{"0":"post-133661","1":"post","2":"type-post","3":"status-publish","4":"format-standard","5":"has-post-thumbnail","7":"category-ulkomaat","8":"tag-arabimaat","9":"tag-breaking-news","10":"tag-breakingnews","11":"tag-featured-news","12":"tag-featurednews","13":"tag-fi","14":"tag-finland","15":"tag-finnish","16":"tag-headlines","17":"tag-jemen","18":"tag-lahi-ita","19":"tag-latest-news","20":"tag-latestnews","21":"tag-main-news","22":"tag-mainnews","23":"tag-news","24":"tag-otsikot","25":"tag-paauutiset","26":"tag-saudi-arabia","27":"tag-suomi","28":"tag-top-stories","29":"tag-topstories","30":"tag-ulkomaat","31":"tag-uutiset","32":"tag-world","33":"tag-world-news","34":"tag-worldnews"},"share_on_mastodon":{"url":"https:\/\/pubeurope.com\/@fi\/115839876664291565","error":""},"_links":{"self":[{"href":"https:\/\/www.europesays.com\/fi\/wp-json\/wp\/v2\/posts\/133661","targetHints":{"allow":["GET"]}}],"collection":[{"href":"https:\/\/www.europesays.com\/fi\/wp-json\/wp\/v2\/posts"}],"about":[{"href":"https:\/\/www.europesays.com\/fi\/wp-json\/wp\/v2\/types\/post"}],"author":[{"embeddable":true,"href":"https:\/\/www.europesays.com\/fi\/wp-json\/wp\/v2\/users\/2"}],"replies":[{"embeddable":true,"href":"https:\/\/www.europesays.com\/fi\/wp-json\/wp\/v2\/comments?post=133661"}],"version-history":[{"count":0,"href":"https:\/\/www.europesays.com\/fi\/wp-json\/wp\/v2\/posts\/133661\/revisions"}],"wp:featuredmedia":[{"embeddable":true,"href":"https:\/\/www.europesays.com\/fi\/wp-json\/wp\/v2\/media\/74"}],"wp:attachment":[{"href":"https:\/\/www.europesays.com\/fi\/wp-json\/wp\/v2\/media?parent=133661"}],"wp:term":[{"taxonomy":"category","embeddable":true,"href":"https:\/\/www.europesays.com\/fi\/wp-json\/wp\/v2\/categories?post=133661"},{"taxonomy":"post_tag","embeddable":true,"href":"https:\/\/www.europesays.com\/fi\/wp-json\/wp\/v2\/tags?post=133661"}],"curies":[{"name":"wp","href":"https:\/\/api.w.org\/{rel}","templated":true}]}}