{"id":133690,"date":"2026-01-05T02:28:13","date_gmt":"2026-01-05T02:28:13","guid":{"rendered":"https:\/\/www.europesays.com\/fi\/133690\/"},"modified":"2026-01-05T02:28:13","modified_gmt":"2026-01-05T02:28:13","slug":"f1-legenda-michael-schumacher-taytti-vuosia-tytar-gina-maria-jakoi-harvinaisen-kuvan","status":"publish","type":"post","link":"https:\/\/www.europesays.com\/fi\/133690\/","title":{"rendered":"F1-legenda Michael Schumacher t\u00e4ytti vuosia: Tyt\u00e4r Gina-Maria jakoi harvinaisen kuvan"},"content":{"rendered":"<p>            All Over Press\n        <\/p>\n<p class=\"subtitle \">Michaelia ei ole n\u00e4hty julkisuudessa sitten vuoden 2013 lasketteluonnettomuuden.<\/p>\n<p class=\"article-content article-content-width !bg-background\">Formulalegenda  vietti 3. tammikuuta syntym\u00e4p\u00e4iv\u00e4\u00e4ns\u00e4. Ik\u00e4\u00e4 ikoniselle kuljettajalle on kertynyt 57 vuotta.\u00a0<\/p>\n<p class=\"article-content article-content-width !bg-background\">Michaelin tyt\u00e4r , 28, muisti is\u00e4\u00e4ns\u00e4 t\u00e4m\u00e4n merkkip\u00e4iv\u00e4n\u00e4. Ratsastajana uraa luova Gina julkaisi lauantaina (3.2.) Instagramissa harvinaisen perhekuvan.\u00a0<\/p>\n<p>                <img decoding=\"async\" src=\"https:\/\/www.europesays.com\/fi\/wp-content\/uploads\/2026\/01\/2036955.webp.jpeg\" width=\"576\" height=\"317\" alt=\"Michael ja Mika H\u00e4kkinen hallitsivat aikoinaan formularatoja. Kuva vuodelta 1997.\" loading=\"lazy\" \/>            <\/p>\n<p>\n            Michael ja Mika H\u00e4kkinen hallitsivat aikoinaan formularatoja. Kuva vuodelta 1997.<br \/>\n            All Over Press\n        <\/p>\n<p class=\"article-content article-content-width !bg-background\">Kuva lienee ainakin parinkymmenen vuoden takaa, sill\u00e4 Gina ja t\u00e4m\u00e4n -pikkuveli, 26, ovat otoksessa viel\u00e4 melko pieni\u00e4. \u00c4iti   pitelee syliss\u00e4\u00e4n perheen pient\u00e4 valkoista koiraa, Michaelin nauraessa lastensa takana. Koko perhe hymyilee kuvassa iloisesti.\u00a0<\/p>\n<p>        <a itemprop=\"url\" href=\"https:\/\/www.seiska.fi\/rikos\/shokkiuutinen-michael-schumacherin-kotoa-torkea-rikosepaily\/1963489\" rel=\"nofollow noopener\" target=\"_blank\"><\/p>\n<p>\nUhrina hoitaja\n<\/p>\n<p class=\"section-date\">\n        <strong class=\"article-section\" data-section=\"rikos\"><br \/>\n            rikos<br \/>\n        <\/strong><br \/>\n        15.10.2025 18:00\n    <\/p>\n<p>Shokkiuutinen Michael Schumacherin kotoa: T\u00f6rke\u00e4 rikosep\u00e4ily\n    <\/p>\n<p itemprop=\"description\" class=\"subtitle \">\n    Michael Schumacherin hoitajan ep\u00e4ill\u00e4\u00e4n joutuneen j\u00e4rkytt\u00e4v\u00e4n rikoksen kohteeksi.\n<\/p>\n<p>        <\/a><\/p>\n<p class=\"article-content article-content-width !bg-background\">\u2013 Paras ikuisesti. Hyv\u00e4\u00e4 syntym\u00e4p\u00e4iv\u00e4\u00e4 is\u00e4, Gina kirjoittaa vapaasti suomennettuna.\u00a0<\/p>\n<p>Kansankin rakastama<\/p>\n<p class=\"article-content article-content-width !bg-background\">Julkaisu on selv\u00e4sti koskettanut somekansaa. Se on ker\u00e4nnyt muutamassa tunnissa reippaat 41 000 tykk\u00e4yst\u00e4.\u00a0<\/p>\n<p class=\"article-content article-content-width !bg-background\">Michaelille on my\u00f6s satanut sankoin joukoin onnitteluja kommenttikent\u00e4n puolella.\u00a0<\/p>\n<p class=\"article-content article-content-width !bg-background\">\u2013 Minulle h\u00e4n ei ole ainoastaan idoli ja roolimalli, vaan my\u00f6s el\u00e4v\u00e4 legenda, joka on muovannut moottoriurheilua l\u00e4htem\u00e4tt\u00f6m\u00e4ll\u00e4 tavalla. H\u00e4nen nimens\u00e4 edustaa kunnianhimoa, kurinalaisuutta, n\u00f6yryytt\u00e4 ja poikkeuksellista tahdonvoimaa, er\u00e4s F1-t\u00e4hden ihailija muotoilee julkaisun alla.<\/p>\n<p>Taustalla tragedia<\/p>\n<p class=\"article-content article-content-width !bg-background\">Michaelia ei ole n\u00e4hty julkisuudessa yli 12 vuoteen. H\u00e4n loukkaantui joulukuussa 2013 vakavasti lasketteluonnettomuudessa.\u00a0<\/p>\n<p>        <a itemprop=\"url\" href=\"https:\/\/www.seiska.fi\/ulkomaat\/michael-schumacherin-voinnissa-kaanne-tama-tiedetaan\/1961032\" rel=\"nofollow noopener\" target=\"_blank\"><\/p>\n<p>\nMichael Schumacherista lehtihuhu\n<\/p>\n<p class=\"section-date\">\n        <strong class=\"article-section\" data-section=\"ulkomaat\"><br \/>\n            ulkomaat<br \/>\n        <\/strong><br \/>\n        14.10.2025 07:21\n    <\/p>\n<p>Michael Schumacherin voinnissa k\u00e4\u00e4nne? T\u00e4m\u00e4 tiedet\u00e4\u00e4n\n    <\/p>\n<p itemprop=\"description\" class=\"subtitle \">\n    Italialaistoimittaja puhuu F1-legendan t\u00e4m\u00e4nhetkisest\u00e4 tilasta.\n<\/p>\n<p>        <\/a><\/p>\n<p class=\"article-content article-content-width !bg-background\">Schumacherit ovat suojelleet entisen formulakuljettajan yksityisyytt\u00e4 tarkasti. He eiv\u00e4t ole kertoneet Michaelin terveydentilasta julkisesti, eik\u00e4 t\u00e4m\u00e4n nykykunnosta ole varmaa tietoa.\u00a0<\/p>\n<p class=\"article-content article-content-width !bg-background\">Michaelin uskotaan kuitenkin olleen l\u00e4sn\u00e4 Ginan syyskuussa 2024 Espanjassa j\u00e4rjestetyiss\u00e4 h\u00e4iss\u00e4. Varmuutta asiasta ei ole saatu.<\/p>\n<p class=\"italic m-italic article-content article-content-width !bg-background\">Jos upotus ei toimi, <a href=\"https:\/\/www.instagram.com\/p\/DTD3EXmCEQk\/\" target=\"_blank\" rel=\"nofollow noopener\">voit katsoa julkaisun t\u00e4\u00e4lt\u00e4<\/a>.<\/p>\n<p><script async src=\"\/\/www.instagram.com\/embed.js\"><\/script><\/p>\n","protected":false},"excerpt":{"rendered":"All Over Press Michaelia ei ole n\u00e4hty julkisuudessa sitten vuoden 2013 lasketteluonnettomuuden. Formulalegenda vietti 3. tammikuuta syntym\u00e4p\u00e4iv\u00e4\u00e4ns\u00e4. Ik\u00e4\u00e4&hellip;\n","protected":false},"author":2,"featured_media":133691,"comment_status":"","ping_status":"","sticky":false,"template":"","format":"standard","meta":{"footnotes":""},"categories":[136],"tags":[407,12228,137,33,31,30,12227,408,19849,12229,12230,7099,98,32,410,1700,109,3398],"class_list":{"0":"post-133690","1":"post","2":"type-post","3":"status-publish","4":"format-standard","5":"has-post-thumbnail","7":"category-julkkikset","8":"tag-celebrities","9":"tag-corinna-schumacher","10":"tag-entertainment","11":"tag-fi","12":"tag-finland","13":"tag-finnish","14":"tag-gina-maria-bethke","15":"tag-julkkikset","16":"tag-lasketteluonnettomuus","17":"tag-michael-schumacher","18":"tag-mick-schumacher","19":"tag-mika-hakkinen","20":"tag-perhe","21":"tag-suomi","22":"tag-syntymapaiva","23":"tag-urheilulaji","24":"tag-viihde","25":"tag-yksityisyys"},"share_on_mastodon":{"url":"https:\/\/pubeurope.com\/@fi\/115840136167376351","error":""},"_links":{"self":[{"href":"https:\/\/www.europesays.com\/fi\/wp-json\/wp\/v2\/posts\/133690","targetHints":{"allow":["GET"]}}],"collection":[{"href":"https:\/\/www.europesays.com\/fi\/wp-json\/wp\/v2\/posts"}],"about":[{"href":"https:\/\/www.europesays.com\/fi\/wp-json\/wp\/v2\/types\/post"}],"author":[{"embeddable":true,"href":"https:\/\/www.europesays.com\/fi\/wp-json\/wp\/v2\/users\/2"}],"replies":[{"embeddable":true,"href":"https:\/\/www.europesays.com\/fi\/wp-json\/wp\/v2\/comments?post=133690"}],"version-history":[{"count":0,"href":"https:\/\/www.europesays.com\/fi\/wp-json\/wp\/v2\/posts\/133690\/revisions"}],"wp:featuredmedia":[{"embeddable":true,"href":"https:\/\/www.europesays.com\/fi\/wp-json\/wp\/v2\/media\/133691"}],"wp:attachment":[{"href":"https:\/\/www.europesays.com\/fi\/wp-json\/wp\/v2\/media?parent=133690"}],"wp:term":[{"taxonomy":"category","embeddable":true,"href":"https:\/\/www.europesays.com\/fi\/wp-json\/wp\/v2\/categories?post=133690"},{"taxonomy":"post_tag","embeddable":true,"href":"https:\/\/www.europesays.com\/fi\/wp-json\/wp\/v2\/tags?post=133690"}],"curies":[{"name":"wp","href":"https:\/\/api.w.org\/{rel}","templated":true}]}}