{"id":133712,"date":"2026-01-05T03:07:14","date_gmt":"2026-01-05T03:07:14","guid":{"rendered":"https:\/\/www.europesays.com\/fi\/133712\/"},"modified":"2026-01-05T03:07:14","modified_gmt":"2026-01-05T03:07:14","slug":"rikkoutunut-venttiili-aiheutti-kaukolampokatkon-tampereen-atalassa-noin-300-ihmista-oli-ilman-lammitysta-ja-lamminta-vetta","status":"publish","type":"post","link":"https:\/\/www.europesays.com\/fi\/133712\/","title":{"rendered":"Rikkoutunut venttiili aiheutti kaukol\u00e4mp\u00f6katkon Tampereen Atalassa \u2013 noin 300 ihmist\u00e4 oli ilman l\u00e4mmityst\u00e4 ja l\u00e4mmint\u00e4 vett\u00e4"},"content":{"rendered":"<p>Hajonnut venttiili aiheutti reilut kolme tuntia kest\u00e4neen kaukol\u00e4mp\u00f6katkon Tampereen Atalassa sunnuntai-iltana.<\/p>\n<p>4.1. 18:41 | P\u00e4ivitetty 4.1. 21:15<\/p>\n<p class=\"article-body mb-nof-24 px-nof-16\">Aamulehti<\/p>\n<p class=\"article-body mb-nof-24 px-nof-16\">Tampereen Atalassa oli sunnuntai-iltana kaukol\u00e4mp\u00f6katko. Arviolta noin 300 ihmist\u00e4 oli ilman l\u00e4mmityst\u00e4 ja l\u00e4mmint\u00e4 k\u00e4ytt\u00f6vett\u00e4 reilut kolme tuntia.<\/p>\n<p class=\"article-body mb-nof-24 px-nof-16\">Tampereen Energian <a class=\"underline underline-offset-[0.12em] [text-decoration-thickness:var(--generic-link-underline-thickness)] [text-decoration-color:var(--generic-link-underline-color)] [text-decoration-skip-ink:var(--generic-link-underline-skip-ink)] break-words\" href=\"https:\/\/www.tampereenenergia.fi\/yhteystiedot\/asiakaspalvelu\/vikapalvelu-24-7\/\" rel=\"nofollow noopener\" target=\"_blank\">h\u00e4iri\u00f6kartassa <\/a>l\u00e4mm\u00f6tt\u00f6mi\u00e4 asiakkaita oli alueella 13. Asiakkaita ovat esimerkiksi taloyhti\u00f6t. Valtaosalla vika oli kartan mukaan alkanut puoli kuuden j\u00e4lkeen illalla. Alueella on pienkerrostaloja sek\u00e4 rivitaloja.<\/p>\n<p class=\"article-body mb-nof-24 px-nof-16\">Katkon aiheutti kaukol\u00e4mp\u00f6putken vuoto. Tampereen Energian rakennuttajap\u00e4\u00e4llikk\u00f6 <a class=\"font-bold underline-offset-[0.12em] [text-decoration:var(--person-link-text-decoration)] ![text-decoration-color:var(--person-link-text-decoration-color)]\" href=\"https:\/\/www.aamulehti.fi\/haku\/?query=Marko%20Pajusen\" rel=\"nofollow noopener\" target=\"_blank\">Marko Pajusen<\/a> mukaan vuoto saatiin korjattua noin varttia vaille yhdeks\u00e4lt\u00e4 illalla.<\/p>\n<p class=\"article-body mb-nof-24 px-nof-16\">Nikinv\u00e4yl\u00e4ll\u00e4 olleen vuodon aiheutti Pajusen mukaan hajonnut venttiili, joka oli alkanut vuotamaan kadulle kuumaa vett\u00e4. Tarkkaa syyt\u00e4 venttiilin hajoamiselle ei ole viel\u00e4 selvitetty, mutta Pajunen ep\u00e4ilee sen todenn\u00e4k\u00f6isesti olleen ruostunut.<\/p>\n<p class=\"article-body mb-nof-24 px-nof-16\">Tampereen Energian viestint\u00e4p\u00e4\u00e4llikk\u00f6 <a class=\"font-bold underline-offset-[0.12em] [text-decoration:var(--person-link-text-decoration)] ![text-decoration-color:var(--person-link-text-decoration-color)]\" href=\"https:\/\/www.aamulehti.fi\/haku\/?query=Riitta%20Savola\" rel=\"nofollow noopener\" target=\"_blank\">Riitta Savola<\/a> muistutti jo aiemmin, etteiv\u00e4t l\u00e4mm\u00f6t palaudu samalla hetkell\u00e4 kaikille. Tuolloin korjausten arvioitiin valmistuvan iltakymmeneen menness\u00e4.<\/p>\n<p class=\"article-body mb-nof-24 px-nof-16\">\u201dKeli ei suosi kyll\u00e4 kaukol\u00e4mp\u00f6vuotoa. Talot j\u00e4\u00e4htyv\u00e4t nopeasti ja suihku on kylm\u00e4, jos aikoo ennen kello 22:ta menn\u00e4\u201d, Savola sanoi puoli seitsem\u00e4n aikaan.<\/p>\n<p class=\"article-body nof-ui-body-medium mb-nof-24 px-nof-16\">T\u00e4m\u00e4 oli p\u00e4ivittyv\u00e4 uutinen.<\/p>\n","protected":false},"excerpt":{"rendered":"Hajonnut venttiili aiheutti reilut kolme tuntia kest\u00e4neen kaukol\u00e4mp\u00f6katkon Tampereen Atalassa sunnuntai-iltana. 4.1. 18:41 | P\u00e4ivitetty 4.1. 21:15 Aamulehti&hellip;\n","protected":false},"author":2,"featured_media":1431,"comment_status":"","ping_status":"","sticky":false,"template":"","format":"standard","meta":{"footnotes":""},"categories":[12],"tags":[157,22,23,26,27,33,31,30,17,24,25,28,29,15,18,21,32,19,20,16],"class_list":{"0":"post-133712","1":"post","2":"type-post","3":"status-publish","4":"format-standard","5":"has-post-thumbnail","7":"category-suomi","8":"tag-aamulehti","9":"tag-breaking-news","10":"tag-breakingnews","11":"tag-featured-news","12":"tag-featurednews","13":"tag-fi","14":"tag-finland","15":"tag-finnish","16":"tag-headlines","17":"tag-latest-news","18":"tag-latestnews","19":"tag-main-news","20":"tag-mainnews","21":"tag-news","22":"tag-otsikot","23":"tag-paauutiset","24":"tag-suomi","25":"tag-top-stories","26":"tag-topstories","27":"tag-uutiset"},"share_on_mastodon":{"url":"https:\/\/pubeurope.com\/@fi\/115840289610592734","error":""},"_links":{"self":[{"href":"https:\/\/www.europesays.com\/fi\/wp-json\/wp\/v2\/posts\/133712","targetHints":{"allow":["GET"]}}],"collection":[{"href":"https:\/\/www.europesays.com\/fi\/wp-json\/wp\/v2\/posts"}],"about":[{"href":"https:\/\/www.europesays.com\/fi\/wp-json\/wp\/v2\/types\/post"}],"author":[{"embeddable":true,"href":"https:\/\/www.europesays.com\/fi\/wp-json\/wp\/v2\/users\/2"}],"replies":[{"embeddable":true,"href":"https:\/\/www.europesays.com\/fi\/wp-json\/wp\/v2\/comments?post=133712"}],"version-history":[{"count":0,"href":"https:\/\/www.europesays.com\/fi\/wp-json\/wp\/v2\/posts\/133712\/revisions"}],"wp:featuredmedia":[{"embeddable":true,"href":"https:\/\/www.europesays.com\/fi\/wp-json\/wp\/v2\/media\/1431"}],"wp:attachment":[{"href":"https:\/\/www.europesays.com\/fi\/wp-json\/wp\/v2\/media?parent=133712"}],"wp:term":[{"taxonomy":"category","embeddable":true,"href":"https:\/\/www.europesays.com\/fi\/wp-json\/wp\/v2\/categories?post=133712"},{"taxonomy":"post_tag","embeddable":true,"href":"https:\/\/www.europesays.com\/fi\/wp-json\/wp\/v2\/tags?post=133712"}],"curies":[{"name":"wp","href":"https:\/\/api.w.org\/{rel}","templated":true}]}}