{"id":133717,"date":"2026-01-05T03:27:09","date_gmt":"2026-01-05T03:27:09","guid":{"rendered":"https:\/\/www.europesays.com\/fi\/133717\/"},"modified":"2026-01-05T03:27:09","modified_gmt":"2026-01-05T03:27:09","slug":"aron-kiviharju-hammastyttaa-satakunnan-kansa","status":"publish","type":"post","link":"https:\/\/www.europesays.com\/fi\/133717\/","title":{"rendered":"Aron Kiviharju: h\u00e4mm\u00e4stytt\u00e4\u00e4 &#8211; Satakunnan Kansa"},"content":{"rendered":"<p>Nuoret Leijonat eteni v\u00e4lieriin USA:n kustannuksella. Seuraavaksi Suomi kohtaa Ruotsin.<\/p>\n<p>4.1. 22:17<\/p>\n<p class=\"article-body mb-nof-24 px-nof-16\">Saint Paul<\/p>\n<p class=\"article-body mb-nof-24 px-nof-16\">Nuoret Leijonat p\u00e4\u00e4si kostamaan USA:lle t\u00e4m\u00e4n kotikaukalossa MM-kisojen puoliv\u00e4lier\u00e4ss\u00e4 Saint Paulissa.<\/p>\n<p class=\"article-body mb-nof-24 px-nof-16\">USA kukisti Suomen viime vuonna MM-finaalin jatkoajalla, mutta t\u00e4ll\u00e4 kertaa <a class=\"font-bold underline-offset-[0.12em] [text-decoration:var(--person-link-text-decoration)] ![text-decoration-color:var(--person-link-text-decoration-color)]\" href=\"https:\/\/www.satakunnankansa.fi\/haku\/?query=Arttu%20V%C3%A4lil%C3%A4\" rel=\"nofollow noopener\" target=\"_blank\">Arttu V\u00e4lil\u00e4<\/a> laukoi jatkoajalla kiekon verkkoon ja tuotti kisais\u00e4nn\u00e4lle valtavan pettymyksen.<\/p>\n<p class=\"article-body mb-nof-24 px-nof-16\">Suomen pelaajista ei kuitenkaan huokunut mink\u00e4\u00e4nlaista vahingoniloa ottelun j\u00e4lkeen.<\/p>\n<p class=\"article-body mb-nof-24 px-nof-16\">Kapteeni <a class=\"font-bold underline-offset-[0.12em] [text-decoration:var(--person-link-text-decoration)] ![text-decoration-color:var(--person-link-text-decoration-color)]\" href=\"https:\/\/www.satakunnankansa.fi\/haku\/?query=Aron%20Kiviharju\" rel=\"nofollow noopener\" target=\"_blank\">Aron Kiviharju<\/a>, 19, ja t\u00e4htivahti <a class=\"font-bold underline-offset-[0.12em] [text-decoration:var(--person-link-text-decoration)] ![text-decoration-color:var(--person-link-text-decoration-color)]\" href=\"https:\/\/www.satakunnankansa.fi\/haku\/?query=Petteri%20Rimpinen\" rel=\"nofollow noopener\" target=\"_blank\">Petteri Rimpinen<\/a>, 19, esiintyiv\u00e4t amerikkalaistoimittajien haastatteluissa niin tyylikk\u00e4\u00e4sti, ett\u00e4 n\u00e4m\u00e4 olivat suorastaan ihmeiss\u00e4\u00e4n suomalaisten kypsyydest\u00e4.<\/p>\n<p class=\"article-body mb-nof-24 px-nof-16\">Videot molempien haastatteluista levi\u00e4\u00e4 sosiaalisessa mediassa, ja ihmiset ihastelevat nuoren kipparin vastauksia. Kiviharju kehui USAn pelaajia ja valmennusta.<\/p>\n<p class=\"article-body mb-nof-24 px-nof-16\">\u201dSuomalaiset ovat niin tyylikk\u00e4it\u00e4\u201d, er\u00e4s kiekkofani kommentoi sosiaalisessa mediassa.<\/p>\n<p class=\"article-body mb-nof-24 px-nof-16\">My\u00f6s Kiviharjun virheet\u00f6nt\u00e4 englantia ihasteltiin.<\/p>\n<p class=\"article-body mb-nof-24 px-nof-16\">Lis\u00e4ksi Kiviharju jutteli pitk\u00e4\u00e4n <a class=\"font-bold underline-offset-[0.12em] [text-decoration:var(--person-link-text-decoration)] ![text-decoration-color:var(--person-link-text-decoration-color)]\" href=\"https:\/\/www.satakunnankansa.fi\/haku\/?query=Cole%20Eisermanin\" rel=\"nofollow noopener\" target=\"_blank\">Cole Eisermanin<\/a>, 19, kanssa sek\u00e4 j\u00e4\u00e4ll\u00e4 ottelun j\u00e4lkeen ett\u00e4 my\u00f6hemmin haastattelualueella. Amerikkalaiset panivat t\u00e4m\u00e4nkin merkille.<\/p>\n<p class=\"article-body mb-nof-24 px-nof-16\">\u201dIs\u00e4 (<a class=\"font-bold underline-offset-[0.12em] [text-decoration:var(--person-link-text-decoration)] ![text-decoration-color:var(--person-link-text-decoration-color)]\" href=\"https:\/\/www.satakunnankansa.fi\/haku\/?query=Jani%20Kiviharju\" rel=\"nofollow noopener\" target=\"_blank\">Jani Kiviharju<\/a>) on opettanut tietyt periaatteet. Kun kyp\u00e4r\u00e4n remmi ly\u00f6d\u00e4\u00e4n kiinni, niin silloin tehd\u00e4\u00e4n aivan kaikki voittamisen eteen. Mutta kun loppusumeri soi, niin sen j\u00e4lkeen on aika kunnioittaa vastustajaa\u201d, Kiviharju kertoi Suomen v\u00e4lip\u00e4iv\u00e4n harjoitusten j\u00e4lkeen.<\/p>\n<p class=\"article-body mb-nof-24 px-nof-16\">Kiviharju on tuntenut Eisermanin jo pitk\u00e4\u00e4n, ja he ovat pelanneet useita kertoja vastakkain maajoukkuepaidassa.<\/p>\n<p class=\"article-body mb-nof-24 px-nof-16\">\u201dTotesimme, ett\u00e4 olemme saaneet pelata hemmetinmoisia pelej\u00e4 vastakkain juniorimaajoukkuepolun aikana. T\u00e4m\u00e4 oli meid\u00e4n ik\u00e4luokalle viimeinen kerta vastakkain\u201d, Kiviharju sanoo.<\/p>\n<p><img decoding=\"async\" src=\"https:\/\/www.europesays.com\/fi\/wp-content\/uploads\/2026\/01\/1767532568_528_468.jpg\" alt=\"Cole Eiserman ja muut yhdysvaltalaiset joutuivat pettym\u00e4\u00e4n.\" class=\"_Img_1rerz_1\" style=\"aspect-ratio:1.5\" loading=\"eager\"\/><\/p>\n<p class=\"article-picture-caption\">Cole Eiserman ja muut yhdysvaltalaiset joutuivat pettym\u00e4\u00e4n. Kuva:\u00a0Matt Krohn<\/p>\n<p class=\"article-body mb-nof-24 px-nof-16\">Ensimm\u00e4isell\u00e4 kierroksella NHL:\u00e4\u00e4n varattu Eiserman oli viel\u00e4 pitk\u00e4\u00e4n ottelun j\u00e4lkeenkin tullut paiskaamaan Kiviharjun k\u00e4tt\u00e4.<\/p>\n<p class=\"article-body mb-nof-24 px-nof-16\">\u201dOlimme jo tapaamassa vanhempiamme tuolla yl\u00e4kerrassa, niin h\u00e4n tuli viel\u00e4 silloinkin juttelemaan. Kertoo siit\u00e4, miten hieno urheilija ja ihminen h\u00e4n on.\u201d<\/p>\n<p class=\"article-body mb-nof-24 px-nof-16\">Eiserman kehui Suomea my\u00f6s heti tuoreeltaan ottelun j\u00e4lkeen.<\/p>\n<p class=\"article-body mb-nof-24 px-nof-16\">\u201dHe pelaavat ammattimaista j\u00e4\u00e4kiekkoa. Ei ole sellaista asiaa, mit\u00e4 he eiv\u00e4t osaisi tehd\u00e4\u201d, yhdysvaltalaislupaus kehui.<\/p>\n<p class=\"article-body mb-nof-24 px-nof-16\">Kiviharju kuuli Eisermanin julkisista kommenteista ja ilahtui.<\/p>\n<p class=\"article-body mb-nof-24 px-nof-16\">\u201dEi ole helppo paikka sanoa tuollaisia kommentteja, kun on juuri h\u00e4vinnyt puoliv\u00e4lier\u00e4n kotiyleis\u00f6n edess\u00e4. H\u00e4n on fiksu poika, ja on nostettava hattua, kuinka ammattimainen ja rehellinen h\u00e4n osaa olla.\u201d<\/p>\n<p class=\"article-body mb-nof-24 px-nof-16\">Suomi kohtaa MM-v\u00e4lier\u00e4ss\u00e4 Ruotsin kello 23.30 Suomen aikaa. Toisessa v\u00e4lier\u00e4ss\u00e4 pelaavat Kanada ja T\u0161ekki.<\/p>\n","protected":false},"excerpt":{"rendered":"Nuoret Leijonat eteni v\u00e4lieriin USA:n kustannuksella. Seuraavaksi Suomi kohtaa Ruotsin. 4.1. 22:17 Saint Paul Nuoret Leijonat p\u00e4\u00e4si kostamaan&hellip;\n","protected":false},"author":2,"featured_media":133718,"comment_status":"","ping_status":"","sticky":false,"template":"","format":"standard","meta":{"footnotes":""},"categories":[158],"tags":[33,31,30,80,159,32,160],"class_list":{"0":"post-133717","1":"post","2":"type-post","3":"status-publish","4":"format-standard","5":"has-post-thumbnail","7":"category-urheilu","8":"tag-fi","9":"tag-finland","10":"tag-finnish","11":"tag-satakunnan-kansa","12":"tag-sports","13":"tag-suomi","14":"tag-urheilu"},"share_on_mastodon":{"url":"https:\/\/pubeurope.com\/@fi\/115840368207571625","error":""},"_links":{"self":[{"href":"https:\/\/www.europesays.com\/fi\/wp-json\/wp\/v2\/posts\/133717","targetHints":{"allow":["GET"]}}],"collection":[{"href":"https:\/\/www.europesays.com\/fi\/wp-json\/wp\/v2\/posts"}],"about":[{"href":"https:\/\/www.europesays.com\/fi\/wp-json\/wp\/v2\/types\/post"}],"author":[{"embeddable":true,"href":"https:\/\/www.europesays.com\/fi\/wp-json\/wp\/v2\/users\/2"}],"replies":[{"embeddable":true,"href":"https:\/\/www.europesays.com\/fi\/wp-json\/wp\/v2\/comments?post=133717"}],"version-history":[{"count":0,"href":"https:\/\/www.europesays.com\/fi\/wp-json\/wp\/v2\/posts\/133717\/revisions"}],"wp:featuredmedia":[{"embeddable":true,"href":"https:\/\/www.europesays.com\/fi\/wp-json\/wp\/v2\/media\/133718"}],"wp:attachment":[{"href":"https:\/\/www.europesays.com\/fi\/wp-json\/wp\/v2\/media?parent=133717"}],"wp:term":[{"taxonomy":"category","embeddable":true,"href":"https:\/\/www.europesays.com\/fi\/wp-json\/wp\/v2\/categories?post=133717"},{"taxonomy":"post_tag","embeddable":true,"href":"https:\/\/www.europesays.com\/fi\/wp-json\/wp\/v2\/tags?post=133717"}],"curies":[{"name":"wp","href":"https:\/\/api.w.org\/{rel}","templated":true}]}}