{"id":133723,"date":"2026-01-05T03:33:08","date_gmt":"2026-01-05T03:33:08","guid":{"rendered":"https:\/\/www.europesays.com\/fi\/133723\/"},"modified":"2026-01-05T03:33:08","modified_gmt":"2026-01-05T03:33:08","slug":"vanhat-kuvat-laajavuoren-kauden-1966-avajaispaivasta-tuli-kansanjuhla-kayttoon-saatiin-suomen-tehokkain-hiihtohissi-keski-suomi","status":"publish","type":"post","link":"https:\/\/www.europesays.com\/fi\/133723\/","title":{"rendered":"Vanhat kuvat | Laajavuoren kauden 1966 avajaisp\u00e4iv\u00e4st\u00e4 tuli kansanjuhla \u2013 k\u00e4ytt\u00f6\u00f6n saatiin Suomen tehokkain hiihtohissi | Keski-Suomi"},"content":{"rendered":"<p>Loppuvuodesta 1965 Laajavuori-toimikunta esitteli lehdist\u00f6lle Laajavuoren palveluita.<\/p>\n<p>K\u00e4yt\u00f6ss\u00e4 oli jo kaksi hiihtohissi\u00e4, 240-metrinen valaistu pujottelu- ja sy\u00f6ksylaskurinne sek\u00e4 valaistu kansanrinne, jossa laskulle tuli mittaa jopa kilometri. Laskettelurinteiden taustalla kohosi uusi suurm\u00e4ki. Suurm\u00e4en tornin n\u00e4k\u00f6alatasanne oli 250 metrin korkeudella merenpinnasta. M\u00e4kitornin juurella sijaitsevassa kahviossa oli my\u00f6s ruokailumahdollisuus. Suurm\u00e4en vieress\u00e4 oli pieni hyppyrim\u00e4ki. Alueelta l\u00f6ytyi vartioitu suksivarasto ja pukuhuone. Lis\u00e4ksi yleis\u00f6ll\u00e4 oli k\u00e4yt\u00f6ss\u00e4 hiihtomaja virvoketarjoiluineen, kioski pys\u00e4k\u00f6intialueen l\u00e4hell\u00e4 sek\u00e4 nuotiopaikkoja. Latuja alueella oli 22 kilometrin verran.<\/p>\n","protected":false},"excerpt":{"rendered":"Loppuvuodesta 1965 Laajavuori-toimikunta esitteli lehdist\u00f6lle Laajavuoren palveluita. K\u00e4yt\u00f6ss\u00e4 oli jo kaksi hiihtohissi\u00e4, 240-metrinen valaistu pujottelu- ja sy\u00f6ksylaskurinne sek\u00e4&hellip;\n","protected":false},"author":2,"featured_media":133724,"comment_status":"","ping_status":"","sticky":false,"template":"","format":"standard","meta":{"footnotes":""},"categories":[12],"tags":[22,23,26,27,33,31,30,17,2096,425,24,25,41,28,29,923,15,18,21,32,17151,19,20,16,22629,2107],"class_list":{"0":"post-133723","1":"post","2":"type-post","3":"status-publish","4":"format-standard","5":"has-post-thumbnail","7":"category-suomi","8":"tag-breaking-news","9":"tag-breakingnews","10":"tag-featured-news","11":"tag-featurednews","12":"tag-fi","13":"tag-finland","14":"tag-finnish","15":"tag-headlines","16":"tag-hiihtolajit","17":"tag-jyvaskyla","18":"tag-latest-news","19":"tag-latestnews","20":"tag-liikunta-ja-urheilu","21":"tag-main-news","22":"tag-mainnews","23":"tag-matkustaminen","24":"tag-news","25":"tag-otsikot","26":"tag-paauutiset","27":"tag-suomi","28":"tag-talviurheilukeskus","29":"tag-top-stories","30":"tag-topstories","31":"tag-uutiset","32":"tag-vanhat-kuvat","33":"tag-vapaa-aika"},"share_on_mastodon":{"url":"https:\/\/pubeurope.com\/@fi\/115840391696805886","error":""},"_links":{"self":[{"href":"https:\/\/www.europesays.com\/fi\/wp-json\/wp\/v2\/posts\/133723","targetHints":{"allow":["GET"]}}],"collection":[{"href":"https:\/\/www.europesays.com\/fi\/wp-json\/wp\/v2\/posts"}],"about":[{"href":"https:\/\/www.europesays.com\/fi\/wp-json\/wp\/v2\/types\/post"}],"author":[{"embeddable":true,"href":"https:\/\/www.europesays.com\/fi\/wp-json\/wp\/v2\/users\/2"}],"replies":[{"embeddable":true,"href":"https:\/\/www.europesays.com\/fi\/wp-json\/wp\/v2\/comments?post=133723"}],"version-history":[{"count":0,"href":"https:\/\/www.europesays.com\/fi\/wp-json\/wp\/v2\/posts\/133723\/revisions"}],"wp:featuredmedia":[{"embeddable":true,"href":"https:\/\/www.europesays.com\/fi\/wp-json\/wp\/v2\/media\/133724"}],"wp:attachment":[{"href":"https:\/\/www.europesays.com\/fi\/wp-json\/wp\/v2\/media?parent=133723"}],"wp:term":[{"taxonomy":"category","embeddable":true,"href":"https:\/\/www.europesays.com\/fi\/wp-json\/wp\/v2\/categories?post=133723"},{"taxonomy":"post_tag","embeddable":true,"href":"https:\/\/www.europesays.com\/fi\/wp-json\/wp\/v2\/tags?post=133723"}],"curies":[{"name":"wp","href":"https:\/\/api.w.org\/{rel}","templated":true}]}}