{"id":133727,"date":"2026-01-05T03:53:10","date_gmt":"2026-01-05T03:53:10","guid":{"rendered":"https:\/\/www.europesays.com\/fi\/133727\/"},"modified":"2026-01-05T03:53:10","modified_gmt":"2026-01-05T03:53:10","slug":"voittaja-puhkesi-itkuun-paljasti-sivert-bakkenin-viimeiset-sanat","status":"publish","type":"post","link":"https:\/\/www.europesays.com\/fi\/133727\/","title":{"rendered":"Voittaja puhkesi itkuun \u2013 Paljasti Sivert Bakkenin viimeiset sanat"},"content":{"rendered":"<p>Karoline Simpson-Larsen ammensi vaikealla hetkell\u00e4 voimaa Sivert Bakkenin asenteesta. Yst\u00e4v\u00e4n menett\u00e4minen on ollut norjalaist\u00e4hdelle kova pala.<\/p>\n<p><img decoding=\"async\" class=\"image image-show image-preview\" src=\"https:\/\/www.europesays.com\/fi\/wp-content\/uploads\/2025\/12\/bd943e885934ecce419482f0e28914214c75419bd9bc43f5c8bcd422b9f50103.jpg\" alt=\"\"\/><img decoding=\"async\" class=\"image image-show\" src=\"https:\/\/www.europesays.com\/fi\/wp-content\/uploads\/2025\/12\/1766823610_934_bd943e885934ecce419482f0e28914214c75419bd9bc43f5c8bcd422b9f50103.jpg\" alt=\"\"\/><\/p>\n<p>Sivert Bakken l\u00f6ydettiin kuolleena hotellihuoneestaan. Kimmo Brandt \/ EPA \/ AOP<\/p>\n<p class=\"paragraph\">Norjalainen <strong>Karoline Simpson-Larsen<\/strong> puhkesi sunnuntaina itkuun. Hiiht\u00e4j\u00e4 oli ensimm\u00e4isen\u00e4 Alpe Cermisin huipulla ja voitti Tour de Skin raastavan p\u00e4\u00e4t\u00f6setapin.<\/p>\n<p class=\"paragraph\">Maalissa Simpson-Larsen paljasti ajatelleensa juuri ennen joulua kuollutta ampumahiiht\u00e4j\u00e4\u00e4, <strong>Sivert Bakkenia<\/strong>. Simpson-Larsenin puoliso <strong>Johan-Olav Botn<\/strong> l\u00f6ysi joukkuetoverinsa kuolleena hotellihuoneesta Italian Lavazesta.<\/p>\n<p class=\"paragraph\">Hiiht\u00e4j\u00e4 kommunikoi Bakkenin kanssa vain p\u00e4iv\u00e4 ennen t\u00e4m\u00e4n kuolemaa.<\/p>\n<p class=\"paragraph\">\u2013 Viimeinen asia, jonka h\u00e4n sanoi, oli, ett\u00e4 h\u00e4n uskoo minuun. H\u00e4n sanoi, ett\u00e4 tulisi t\u00e4nne katsomaan [kisoja] Johanin kanssa. Se olisi merkinnyt minulle paljon, Simpson-Larsen sanoi <a href=\"https:\/\/www.svt.se\/sport\/langdskidor\/karoline-simpson-larsen-i-tarar-efter-uppmaningen-fran-sivert-guttorm-bakken\" target=\"_blank\" rel=\"noopener nofollow\">SVT:n mukaan<\/a> Viaplayn l\u00e4hetyksess\u00e4.<\/p>\n<p class=\"paragraph\">Simpson-Larsen ja Botn olivat Bakkenin l\u00e4heisi\u00e4 yst\u00e4vi\u00e4. Norjalaishiiht\u00e4j\u00e4 harkitsi j\u00e4tt\u00e4v\u00e4ns\u00e4 Tour de Skin v\u00e4liin j\u00e4rkytyksen takia.<\/p>\n<p class=\"paragraph\">Sunnuntain haastattelussa Simpson-Larsenin oli vaikea pid\u00e4tt\u00e4\u00e4 kyyneli\u00e4. <a href=\"https:\/\/www.nrk.no\/sport\/tour-de-ski_-simpson-lasen-og-weng-best-i-_-simpson-larsen-har-de-fysiologiske-forutsetningene-for-1.17713374\" target=\"_blank\" rel=\"noopener nofollow\">NRK:lle<\/a> h\u00e4n kertoi saaneensa viime viikkojen traagisista tapahtumista my\u00f6s inspiraatiota.<\/p>\n<p class=\"paragraph\">\u2013 Sivert oli ihminen, joka ei koskaan luovuttanut, vaan aina jatkoi eteenp\u00e4in. Olen yritt\u00e4nyt ammentaa siit\u00e4 inspiraatiota.<\/p>\n<p>Yst\u00e4v\u00e4 l\u00f6ysi<\/p>\n<p>Karoline Simpson-Larsen oli Bakkenin yst\u00e4v\u00e4. Jussi Saarinen<\/p>\n<p class=\"paragraph\">Botn l\u00f6ysi Bakkenin kuolleena hotellihuoneesta 23. joulukuuta. H\u00e4n h\u00e4lytti apua, mutta mit\u00e4\u00e4n ei ollut teht\u00e4viss\u00e4.<\/p>\n<p class=\"paragraph\">Bakkenilla oli kasvoillaan harjoittelumaski, jota k\u00e4ytet\u00e4\u00e4n hapen saannin rajoittamiseen. Maskin avulla simuloidaan korkean paikan harjoittelua. Se oli s\u00e4\u00e4detty vastaamaan 7\u00a0000 metrin korkeutta merenpinnasta.<\/p>\n<p class=\"paragraph\">Ampumahiiht\u00e4j\u00e4n kuolinsyy ei ole selvill\u00e4. Ei ole my\u00f6sk\u00e4\u00e4n tiedossa, onko maskin k\u00e4yt\u00f6ll\u00e4 mit\u00e4\u00e4n yhteytt\u00e4 Bakkenin kuolemaan.<\/p>\n<p><a href=\"https:\/\/www.iltalehti.fi\/telkku\/?utm_source=iltalehti.fi&amp;utm_medium=almainternal&amp;utm_campaign=urheilu_artikkelibanneri&amp;utm_content=banner_612_a\" rel=\"nofollow noopener\" target=\"_blank\"><img decoding=\"async\" src=\"https:\/\/www.europesays.com\/fi\/wp-content\/uploads\/2025\/08\/7ef604e47d46ca174b7df4149bd3557dbde56a86d520f8e1b2125548b0a2e03a.png\" alt=\"TV-ohjelmat t\u00e4n\u00e4\u00e4n, TV-opas\"\/><\/a><\/p>\n","protected":false},"excerpt":{"rendered":"Karoline Simpson-Larsen ammensi vaikealla hetkell\u00e4 voimaa Sivert Bakkenin asenteesta. Yst\u00e4v\u00e4n menett\u00e4minen on ollut norjalaist\u00e4hdelle kova pala. Sivert Bakken&hellip;\n","protected":false},"author":2,"featured_media":126900,"comment_status":"","ping_status":"","sticky":false,"template":"","format":"standard","meta":{"footnotes":""},"categories":[158],"tags":[35,33,31,30,2096,41,3318,2668,159,32,1145,160],"class_list":{"0":"post-133727","1":"post","2":"type-post","3":"status-publish","4":"format-standard","5":"has-post-thumbnail","7":"category-urheilu","8":"tag-24h","9":"tag-fi","10":"tag-finland","11":"tag-finnish","12":"tag-hiihtolajit","13":"tag-liikunta-ja-urheilu","14":"tag-maastohiihto","15":"tag-pohjoismaiset-hiihtolajit","16":"tag-sports","17":"tag-suomi","18":"tag-talviurheilu","19":"tag-urheilu"},"share_on_mastodon":{"url":"https:\/\/pubeurope.com\/@fi\/115840470482353746","error":""},"_links":{"self":[{"href":"https:\/\/www.europesays.com\/fi\/wp-json\/wp\/v2\/posts\/133727","targetHints":{"allow":["GET"]}}],"collection":[{"href":"https:\/\/www.europesays.com\/fi\/wp-json\/wp\/v2\/posts"}],"about":[{"href":"https:\/\/www.europesays.com\/fi\/wp-json\/wp\/v2\/types\/post"}],"author":[{"embeddable":true,"href":"https:\/\/www.europesays.com\/fi\/wp-json\/wp\/v2\/users\/2"}],"replies":[{"embeddable":true,"href":"https:\/\/www.europesays.com\/fi\/wp-json\/wp\/v2\/comments?post=133727"}],"version-history":[{"count":0,"href":"https:\/\/www.europesays.com\/fi\/wp-json\/wp\/v2\/posts\/133727\/revisions"}],"wp:featuredmedia":[{"embeddable":true,"href":"https:\/\/www.europesays.com\/fi\/wp-json\/wp\/v2\/media\/126900"}],"wp:attachment":[{"href":"https:\/\/www.europesays.com\/fi\/wp-json\/wp\/v2\/media?parent=133727"}],"wp:term":[{"taxonomy":"category","embeddable":true,"href":"https:\/\/www.europesays.com\/fi\/wp-json\/wp\/v2\/categories?post=133727"},{"taxonomy":"post_tag","embeddable":true,"href":"https:\/\/www.europesays.com\/fi\/wp-json\/wp\/v2\/tags?post=133727"}],"curies":[{"name":"wp","href":"https:\/\/api.w.org\/{rel}","templated":true}]}}