{"id":133739,"date":"2026-01-05T04:20:21","date_gmt":"2026-01-05T04:20:21","guid":{"rendered":"https:\/\/www.europesays.com\/fi\/133739\/"},"modified":"2026-01-05T04:20:21","modified_gmt":"2026-01-05T04:20:21","slug":"vanhat-kuvat-muistatko-nama-valovoimaiset-taiteilijat-oulun-kulttuurin-helmia-vuosien-varrelta","status":"publish","type":"post","link":"https:\/\/www.europesays.com\/fi\/133739\/","title":{"rendered":"Vanhat kuvat: Muistatko n\u00e4m\u00e4 valovoimaiset taiteilijat? Oulun kulttuurin helmi\u00e4 vuosien varrelta"},"content":{"rendered":"<p class=\"gallery__paragraph\">\n      Oulun kulttuurip\u00e4\u00e4kaupunkivuoden kunniaksi galleriaan on koottu v\u00e4l\u00e4hdyksi\u00e4 kaupungin taide-el\u00e4m\u00e4st\u00e4 ja persoonallisista taiteen tekij\u00f6ist\u00e4 mennein\u00e4 vuosina. Kuvia on 1970-luvulta aina vuoteen 2010 saakka.\n    <\/p>\n<p class=\"gallery__paragraph\">\n      Mukana on esimerkiksi ylioppilasteatterin tunnelmia ja kuuluisia oululaisia kulttuuripersoonia ty\u00f6ns\u00e4 \u00e4\u00e4ress\u00e4. L\u00e4hde mukaan mielenkiintoiselle ja nostalgiselle taidekierrokselle.\n    <\/p>\n","protected":false},"excerpt":{"rendered":"Oulun kulttuurip\u00e4\u00e4kaupunkivuoden kunniaksi galleriaan on koottu v\u00e4l\u00e4hdyksi\u00e4 kaupungin taide-el\u00e4m\u00e4st\u00e4 ja persoonallisista taiteen tekij\u00f6ist\u00e4 mennein\u00e4 vuosina. Kuvia on 1970-luvulta&hellip;\n","protected":false},"author":2,"featured_media":133740,"comment_status":"","ping_status":"","sticky":false,"template":"","format":"standard","meta":{"footnotes":""},"categories":[130],"tags":[137,33,31,30,32,109],"class_list":{"0":"post-133739","1":"post","2":"type-post","3":"status-publish","4":"format-standard","5":"has-post-thumbnail","7":"category-viihde","8":"tag-entertainment","9":"tag-fi","10":"tag-finland","11":"tag-finnish","12":"tag-suomi","13":"tag-viihde"},"share_on_mastodon":{"url":"https:\/\/pubeurope.com\/@fi\/115840576580792042","error":""},"_links":{"self":[{"href":"https:\/\/www.europesays.com\/fi\/wp-json\/wp\/v2\/posts\/133739","targetHints":{"allow":["GET"]}}],"collection":[{"href":"https:\/\/www.europesays.com\/fi\/wp-json\/wp\/v2\/posts"}],"about":[{"href":"https:\/\/www.europesays.com\/fi\/wp-json\/wp\/v2\/types\/post"}],"author":[{"embeddable":true,"href":"https:\/\/www.europesays.com\/fi\/wp-json\/wp\/v2\/users\/2"}],"replies":[{"embeddable":true,"href":"https:\/\/www.europesays.com\/fi\/wp-json\/wp\/v2\/comments?post=133739"}],"version-history":[{"count":0,"href":"https:\/\/www.europesays.com\/fi\/wp-json\/wp\/v2\/posts\/133739\/revisions"}],"wp:featuredmedia":[{"embeddable":true,"href":"https:\/\/www.europesays.com\/fi\/wp-json\/wp\/v2\/media\/133740"}],"wp:attachment":[{"href":"https:\/\/www.europesays.com\/fi\/wp-json\/wp\/v2\/media?parent=133739"}],"wp:term":[{"taxonomy":"category","embeddable":true,"href":"https:\/\/www.europesays.com\/fi\/wp-json\/wp\/v2\/categories?post=133739"},{"taxonomy":"post_tag","embeddable":true,"href":"https:\/\/www.europesays.com\/fi\/wp-json\/wp\/v2\/tags?post=133739"}],"curies":[{"name":"wp","href":"https:\/\/api.w.org\/{rel}","templated":true}]}}