{"id":133743,"date":"2026-01-05T04:25:10","date_gmt":"2026-01-05T04:25:10","guid":{"rendered":"https:\/\/www.europesays.com\/fi\/133743\/"},"modified":"2026-01-05T04:25:10","modified_gmt":"2026-01-05T04:25:10","slug":"900-miljoonan-euron-sairaalatyomaa-tampereella-vaatii-tarkkaa-silmaa-valvoja-paljastaa-tyon-haasteet","status":"publish","type":"post","link":"https:\/\/www.europesays.com\/fi\/133743\/","title":{"rendered":"900 miljoonan euron sairaalaty\u00f6maa Tampereella vaatii tarkkaa silm\u00e4\u00e4 \u2013 Valvoja paljastaa ty\u00f6n haasteet"},"content":{"rendered":"<p>Sairaalan toiminta ei saa keskeyty\u00e4 hetkeksik\u00e4\u00e4n, vaikka vieress\u00e4 r\u00e4j\u00e4ytell\u00e4\u00e4n kalliota. Taysin uudistushankkeen valvoja paljastaa, miten haastavaa ty\u00f6t\u00e4 tehd\u00e4\u00e4n.<\/p>\n<p class=\"article-body mb-nof-24 px-nof-16\">Aamulehti<\/p>\n<p class=\"article-body mb-nof-24 px-nof-16\">Tampereen yliopistollisen sairaalan (Tays) sairaalaty\u00f6maalle on asennettu runsaat 30 t\u00e4rin\u00e4mittaria ymp\u00e4r\u00f6iviin rakennuksiin. Uutta rakennetaan k\u00e4yt\u00f6ss\u00e4 olevan sairaalan vieress\u00e4, eik\u00e4 sairaalan toimintoja voi keskeytt\u00e4\u00e4.<\/p>\n<p class=\"article-body mb-nof-24 px-nof-16\">\u201dKun tehd\u00e4\u00e4n r\u00e4j\u00e4ytyksi\u00e4, ne pit\u00e4\u00e4 sovittaa yhteen esimerkiksi kuvantamistoiminnan kanssa. Ne ovat herkki\u00e4 ja kalliita laitteita, jotka voivat menn\u00e4 t\u00e4rin\u00e4st\u00e4 rikki\u201d, selitt\u00e4\u00e4 uuden lasten- ja nuoriso psykiatrian rakennuksen rakennust\u00f6iden valvoja <a class=\"font-bold underline-offset-[0.12em] [text-decoration:var(--person-link-text-decoration)] ![text-decoration-color:var(--person-link-text-decoration-color)]\" href=\"https:\/\/www.aamulehti.fi\/haku\/?query=Osmo%20Set%C3%A4l%C3%A4\" rel=\"nofollow noopener\" target=\"_blank\">Osmo Set\u00e4l\u00e4 <\/a>Rakennuttajatoimisto HTJ:lt\u00e4.<\/p>\n","protected":false},"excerpt":{"rendered":"Sairaalan toiminta ei saa keskeyty\u00e4 hetkeksik\u00e4\u00e4n, vaikka vieress\u00e4 r\u00e4j\u00e4ytell\u00e4\u00e4n kalliota. Taysin uudistushankkeen valvoja paljastaa, miten haastavaa ty\u00f6t\u00e4 tehd\u00e4\u00e4n.&hellip;\n","protected":false},"author":2,"featured_media":133744,"comment_status":"","ping_status":"","sticky":false,"template":"","format":"standard","meta":{"footnotes":""},"categories":[12],"tags":[157,22,23,26,27,33,31,30,17,24,25,28,29,15,18,21,32,19,20,16],"class_list":{"0":"post-133743","1":"post","2":"type-post","3":"status-publish","4":"format-standard","5":"has-post-thumbnail","7":"category-suomi","8":"tag-aamulehti","9":"tag-breaking-news","10":"tag-breakingnews","11":"tag-featured-news","12":"tag-featurednews","13":"tag-fi","14":"tag-finland","15":"tag-finnish","16":"tag-headlines","17":"tag-latest-news","18":"tag-latestnews","19":"tag-main-news","20":"tag-mainnews","21":"tag-news","22":"tag-otsikot","23":"tag-paauutiset","24":"tag-suomi","25":"tag-top-stories","26":"tag-topstories","27":"tag-uutiset"},"share_on_mastodon":{"url":"https:\/\/pubeurope.com\/@fi\/115840596362004466","error":""},"_links":{"self":[{"href":"https:\/\/www.europesays.com\/fi\/wp-json\/wp\/v2\/posts\/133743","targetHints":{"allow":["GET"]}}],"collection":[{"href":"https:\/\/www.europesays.com\/fi\/wp-json\/wp\/v2\/posts"}],"about":[{"href":"https:\/\/www.europesays.com\/fi\/wp-json\/wp\/v2\/types\/post"}],"author":[{"embeddable":true,"href":"https:\/\/www.europesays.com\/fi\/wp-json\/wp\/v2\/users\/2"}],"replies":[{"embeddable":true,"href":"https:\/\/www.europesays.com\/fi\/wp-json\/wp\/v2\/comments?post=133743"}],"version-history":[{"count":0,"href":"https:\/\/www.europesays.com\/fi\/wp-json\/wp\/v2\/posts\/133743\/revisions"}],"wp:featuredmedia":[{"embeddable":true,"href":"https:\/\/www.europesays.com\/fi\/wp-json\/wp\/v2\/media\/133744"}],"wp:attachment":[{"href":"https:\/\/www.europesays.com\/fi\/wp-json\/wp\/v2\/media?parent=133743"}],"wp:term":[{"taxonomy":"category","embeddable":true,"href":"https:\/\/www.europesays.com\/fi\/wp-json\/wp\/v2\/categories?post=133743"},{"taxonomy":"post_tag","embeddable":true,"href":"https:\/\/www.europesays.com\/fi\/wp-json\/wp\/v2\/tags?post=133743"}],"curies":[{"name":"wp","href":"https:\/\/api.w.org\/{rel}","templated":true}]}}