{"id":133747,"date":"2026-01-05T04:41:08","date_gmt":"2026-01-05T04:41:08","guid":{"rendered":"https:\/\/www.europesays.com\/fi\/133747\/"},"modified":"2026-01-05T04:41:08","modified_gmt":"2026-01-05T04:41:08","slug":"salatut-elamat-kolme-nayttelijaa-lahtevat-sarjasta","status":"publish","type":"post","link":"https:\/\/www.europesays.com\/fi\/133747\/","title":{"rendered":"Salatut el\u00e4m\u00e4t: Kolme n\u00e4yttelij\u00e4\u00e4 l\u00e4htev\u00e4t sarjasta"},"content":{"rendered":"<p class=\"article-content article-content-width !bg-background\">Salatut el\u00e4m\u00e4t -sarjan kuvitteellisella Pihlajakadulla k\u00e4y kuhina, sill\u00e4 kolme hahmoa poistuu sarjasta.<\/p>\n<p class=\"article-content article-content-width !bg-background\">N\u00e4yttelij\u00e4t <a alt=\"Haku\" class=\"text-primary-red font-extrabold\" href=\"https:\/\/www.seiska.fi\/haku?q=Elmeri Yl\u00e4-Rautio\" rel=\"nofollow noopener\" target=\"_blank\">Elmeri Yl\u00e4-Rautio<\/a>, <a alt=\"Haku\" class=\"text-primary-red font-extrabold\" href=\"https:\/\/www.seiska.fi\/haku?q=Akseli Sarvilinna\" rel=\"nofollow noopener\" target=\"_blank\">Akseli Sarvilinna<\/a> ja <a alt=\"Haku\" class=\"text-primary-red font-extrabold\" href=\"https:\/\/www.seiska.fi\/haku?q=Leevi Rapeli\" rel=\"nofollow noopener\" target=\"_blank\">Leevi Rapeli<\/a> poistuvat astuessaan asepalvelukseen.<\/p>\n<p class=\"article-content article-content-width !bg-background\">Hahmojen kohtalot selvi\u00e4v\u00e4t sarjassa my\u00f6hemmin.<\/p>\n<p>Elmeri sai yst\u00e4v\u00e4ns\u00e4 ty\u00f6kavereiksi<\/p>\n<p class=\"article-content article-content-width !bg-background\">Elmeri Yl\u00e4-Rautio n\u00e4yttelee sarjassa Matias Kajanderia. Hahmo n\u00e4htiin ensimm\u00e4ist\u00e4 kertaa sarjassa kev\u00e4\u00e4ll\u00e4 2020.<\/p>\n<p>                <img decoding=\"async\" src=\"https:\/\/www.europesays.com\/fi\/wp-content\/uploads\/2026\/01\/2034695.webp.jpeg\" width=\"576\" height=\"274\" alt=\"Elmeri kirjoitti ylioppilaaksi kev\u00e4\u00e4ll\u00e4 2025.\" loading=\"lazy\" \/>            <\/p>\n<p>\n            Elmeri kirjoitti ylioppilaaksi kev\u00e4\u00e4ll\u00e4 2025.<br \/>\n            Timo Korhonen\n        <\/p>\n<p class=\"article-content article-content-width !bg-background\">Elmeri on aiemmin n\u00e4ytellyt Kansallisteatterissa Macbeth-n\u00e4ytelm\u00e4ss\u00e4 sek\u00e4 Siskonpeti-sarjan muutamassa sketsiss\u00e4. Elmerin is\u00e4 on tehnyt pitk\u00e4\u00e4 uraa Kansallisteatterissa. Elmerin sisko Reetta Yl\u00e4-Rautio on veljens\u00e4 tapaan n\u00e4yttelij\u00e4. H\u00e4n on n\u00e4ytellyt muun muassa Kullannuput-tv-sarjassa.<\/p>\n<p class=\"article-content article-content-width !bg-background\">Akseli Sarvilinna n\u00e4yttelee sarjassa Vertti Sepp\u00e4st\u00e4. Syksyll\u00e4 2023 Vertti nappasi roolinsa sarjasta.\u00a0<\/p>\n<p>                <img decoding=\"async\" src=\"https:\/\/www.europesays.com\/fi\/wp-content\/uploads\/2026\/01\/2012116.webp.jpeg\" width=\"576\" height=\"274\" alt=\"Akseli kirjoitti ylioppilaaksi joulukuussa 2025.\" loading=\"lazy\" \/>            <\/p>\n<p>\n            Akseli kirjoitti ylioppilaaksi joulukuussa 2025.<br \/>\n            MTV Oy \/ Kimmo Jaatinen\n        <\/p>\n<p class=\"article-content article-content-width !bg-background\">Akseli p\u00e4\u00e4tyi hakemaan sarjaan mukaan, kun h\u00e4nen yst\u00e4v\u00e4ns\u00e4 Elmeri Yl\u00e4-Rautio vinkkasi, ett\u00e4 ohjelmaan haetaan uutta nuorta. Kyseess\u00e4 on nuorukaisen ensimm\u00e4inen rooli.<\/p>\n<p class=\"article-content article-content-width !bg-background\">Leevi Rapeli n\u00e4yttelee sarjassa Magnus Mustavaaraa. Ensimm\u00e4iset kohtaukset h\u00e4n kuvasi tammikuussa 2024. Leevi kuuli roolista yst\u00e4v\u00e4lt\u00e4\u00e4n Elmeri Yl\u00e4-Rautiolta.<\/p>\n<p>                <img decoding=\"async\" src=\"https:\/\/www.europesays.com\/fi\/wp-content\/uploads\/2026\/01\/2034719.webp.jpeg\" width=\"576\" height=\"274\" alt=\"N\u00e4yttelij\u00e4 kirjoitti ylioppilaaksi kev\u00e4\u00e4ll\u00e4 2025.\" loading=\"lazy\" \/>            <\/p>\n<p>\n            N\u00e4yttelij\u00e4 kirjoitti ylioppilaaksi kev\u00e4\u00e4ll\u00e4 2025.<br \/>\n            Timo Korhonen\n        <\/p>\n<p class=\"article-content article-content-width !bg-background\">Leevi esiintyi pienen\u00e4 p\u00e4iv\u00e4kodin n\u00e4ytelmiss\u00e4 ja innostui n\u00e4yttelemisest\u00e4. Siskon painostuksesta alkoi monivuotinen kes\u00e4teatteriharrastus Teatteri Hy\u00f6kyvuoressa.<\/p>\n<p class=\"italic m-italic article-content article-content-width !bg-background\">Salatut el\u00e4m\u00e4t maanantaista torstaihin MTV3:lla ja MTV Katsomossa, seuraavan viikon jaksot etuk\u00e4teen perjantaisin MTV Katsomo+ -tilauksella.<\/p>\n","protected":false},"excerpt":{"rendered":"Salatut el\u00e4m\u00e4t -sarjan kuvitteellisella Pihlajakadulla k\u00e4y kuhina, sill\u00e4 kolme hahmoa poistuu sarjasta. N\u00e4yttelij\u00e4t Elmeri Yl\u00e4-Rautio, Akseli Sarvilinna ja&hellip;\n","protected":false},"author":2,"featured_media":112353,"comment_status":"","ping_status":"","sticky":false,"template":"","format":"standard","meta":{"footnotes":""},"categories":[133],"tags":[20299,23523,137,33,31,30,14397,905,622,209,12504,4463,32,206,1318,156,109],"class_list":{"0":"post-133747","1":"post","2":"type-post","3":"status-publish","4":"format-standard","5":"has-post-thumbnail","7":"category-televisiot","8":"tag-akseli-sarvilinna","9":"tag-elmeri-yla-rautio","10":"tag-entertainment","11":"tag-fi","12":"tag-finland","13":"tag-finnish","14":"tag-leevi-rapeli","15":"tag-mtv3","16":"tag-nayttelijat","17":"tag-salatut-elamat","18":"tag-salatut-elamat-nayttelija","19":"tag-salkkarit","20":"tag-suomi","21":"tag-televisiot","22":"tag-tv-ohjelma","23":"tag-tv","24":"tag-viihde"},"share_on_mastodon":{"url":"https:\/\/pubeurope.com\/@fi\/115840659187579897","error":""},"_links":{"self":[{"href":"https:\/\/www.europesays.com\/fi\/wp-json\/wp\/v2\/posts\/133747","targetHints":{"allow":["GET"]}}],"collection":[{"href":"https:\/\/www.europesays.com\/fi\/wp-json\/wp\/v2\/posts"}],"about":[{"href":"https:\/\/www.europesays.com\/fi\/wp-json\/wp\/v2\/types\/post"}],"author":[{"embeddable":true,"href":"https:\/\/www.europesays.com\/fi\/wp-json\/wp\/v2\/users\/2"}],"replies":[{"embeddable":true,"href":"https:\/\/www.europesays.com\/fi\/wp-json\/wp\/v2\/comments?post=133747"}],"version-history":[{"count":0,"href":"https:\/\/www.europesays.com\/fi\/wp-json\/wp\/v2\/posts\/133747\/revisions"}],"wp:featuredmedia":[{"embeddable":true,"href":"https:\/\/www.europesays.com\/fi\/wp-json\/wp\/v2\/media\/112353"}],"wp:attachment":[{"href":"https:\/\/www.europesays.com\/fi\/wp-json\/wp\/v2\/media?parent=133747"}],"wp:term":[{"taxonomy":"category","embeddable":true,"href":"https:\/\/www.europesays.com\/fi\/wp-json\/wp\/v2\/categories?post=133747"},{"taxonomy":"post_tag","embeddable":true,"href":"https:\/\/www.europesays.com\/fi\/wp-json\/wp\/v2\/tags?post=133747"}],"curies":[{"name":"wp","href":"https:\/\/api.w.org\/{rel}","templated":true}]}}