{"id":133760,"date":"2026-01-05T04:57:09","date_gmt":"2026-01-05T04:57:09","guid":{"rendered":"https:\/\/www.europesays.com\/fi\/133760\/"},"modified":"2026-01-05T04:57:09","modified_gmt":"2026-01-05T04:57:09","slug":"helsingin-pisimpien-kuntoportaiden-ymparisto-uusitaan-vihdoin-tallaista-aluetta-kaupunkilaiset-toivovat-paikalliset","status":"publish","type":"post","link":"https:\/\/www.europesays.com\/fi\/133760\/","title":{"rendered":"Helsingin pisimpien kuntoportaiden ymp\u00e4rist\u00f6 uusitaan vihdoin \u2013 t\u00e4llaista aluetta kaupunkilaiset toivovat | Paikalliset"},"content":{"rendered":"<p>Malminkartanon t\u00e4ytt\u00f6m\u00e4en eli Malminkartanonhuipun pitk\u00e4\u00e4n suunnitteilla olleet uudistukset ovat vihdoin nytk\u00e4ht\u00e4m\u00e4ss\u00e4 eteenp\u00e4in.<\/p>\n<p>\t\t\t\t\t<img class=\"diks-card__image\" src=\"https:\/\/www.europesays.com\/fi\/wp-content\/uploads\/2026\/01\/7546788.jpg\"   loading=\"lazy\" decoding=\"sync\" alt=\"\"\/><\/p>\n<p>M\u00e4en ymp\u00e4rille on l\u00e4hivuosina tulossa varsinainen liikkujien omatoiminen viihdekeskus, mik\u00e4li kaikki suunnitelmat toteutuvat.<\/p>\n<p>Suunnitelmat ovat alustavia. Varsinainen toteutussuunnittelu tehd\u00e4\u00e4n alkuvuodesta. Rakentaminen alkaa arviolta vuonna 2027.<\/p>\n<p><strong class=\"diks-storyline__impact\">Kaupunki <\/strong>laati alustavan ideasuunnitelman ja pyysi joulukuussa kaupunkilaisilta kommentteja, joita saatiin paljon.<\/p>\n<p>\u2013\u2009Alueen kehitt\u00e4minen selv\u00e4sti kiinnostaa, sill\u00e4 saimme kyselyyn yli 800 vastausta, toteaa maisema-arkkitehti <strong>Anni Hietanen <\/strong>Helsingin Uutisille.<\/p>\n<p><strong class=\"diks-storyline__impact\">Avoimissa<\/strong> vastauksissa korostuivat Hietasen mukaan erityisesti polkujuoksijat, jotka toivoivat polkujen s\u00e4ilyv\u00e4n, ja parkourin harrastajat, jotka olivat kiinnostuneita suunnitelmassa esitetyst\u00e4 parkour-radasta.<\/p>\n<p>\u2013 P\u00e4\u00e4kaupunkiseudulla ei ole parkour-aluetta, joka soveltuisi lasten lis\u00e4ksi my\u00f6s aikuisille ja ammattilaisille, joten radan suunnittelussa toivottiin otettavan t\u00e4m\u00e4 my\u00f6s huomioon, Hietanen kertoo.<\/p>\n<p>My\u00f6s valaistuksen parantaminen alueella koettiin t\u00e4rke\u00e4ksi. <\/p>\n<p>T\u00e4ytt\u00f6m\u00e4ki on ollut t\u00e4rke\u00e4 paikka my\u00f6s muun muassa Helsingin pormestari <strong>Daniel Sazonoville <\/strong>(kok.), joka <a href=\"https:\/\/www.helsinginuutiset.fi\/paikalliset\/8564778\" rel=\"nofollow noopener\" target=\"_blank\">asui lapsena Malminkartanossa<\/a>. HU haastatteli Sazonovia vaalien alla viime kev\u00e4\u00e4n\u00e4.<\/p>\n<p><strong class=\"diks-storyline__impact\">Alueelle<\/strong> jo ehdotetuista uusista toiminnoista vastaajia kiinnosti erityisesti uusi ulkokuntoilualue, kahvila, wc ja vesipiste.<\/p>\n<p>\u2013\u2009Kahvilaa ja wc:t\u00e4 on jo pidemp\u00e4\u00e4n toivottu alueelle. Vastauksissa korostui, ett\u00e4 suunnitelmaa ja alueen kehitt\u00e4mist\u00e4 pidettiin p\u00e4\u00e4osin positiivisena asiana.<\/p>\n<p>Kaupunki sai Hietasen mukaan kyselyst\u00e4 arvokasta tietoa ja hyvi\u00e4 ajatuksia.<\/p>\n<p>\u2013\u2009Huomionarvoista on mielest\u00e4ni se, ett\u00e4 kyselyss\u00e4 esitetyt ehdotukset ja toiveet olivat monelta osin toteutuskelpoisia ja sellaisia, joita olemme jo itsekin tunnistaneet suunnittelun aikana.<\/p>\n<p><strong class=\"diks-storyline__impact\">Kaupungin<\/strong> laatimissa alustavissa suunnitelmissa nykyisen tekonurmikent\u00e4n viereen Naapuripellontien varteen on suunniteltu kahvilaa ja wc-tiloja.<\/p>\n<p>Alueelle on tulossa my\u00f6s uusi ulkokuntoilualue kaikenik\u00e4isille, parkour-rata, monitoimikentt\u00e4 muun muassa katukoripallon pelaamiseen ja katsomo kent\u00e4n yhteyteen. <\/p>\n<p>Kuntoportaat ja tekonurmikentt\u00e4 s\u00e4ilyv\u00e4t. Kuntoportaisiin on esitetty valaistusta, joka reagoi liikkeeseen. Se kannustaa kaupungin mukaan ihmisi\u00e4 liikkumaan. <\/p>\n<p>\t\t\t\t\t<img class=\"diks-card__image\" src=\"https:\/\/www.europesays.com\/fi\/wp-content\/uploads\/2026\/01\/11124666.jpg\"   loading=\"lazy\" decoding=\"sync\" alt=\"\"\/><\/p>\n<p><strong class=\"diks-storyline__impact\">My\u00f6s <\/strong>t\u00e4ytt\u00f6m\u00e4en korkeinta kohtaa eli huipulla olevaa tasannetta halutaan kehitt\u00e4\u00e4.<\/p>\n<p>Suunnitelmissa tasanteelle voitaisiin lis\u00e4t\u00e4 kaukoputkia, opasteita ja erilaisia oleskeluryhmi\u00e4.<\/p>\n<p>Tasanteella halutaan mahdollistaa my\u00f6s erilaisten pientapahtumien, kuten yhdistysten j\u00e4rjest\u00e4m\u00e4t ulkoryhm\u00e4liikuntatunnit, taidepajat tai vastaavat tilaisuudet.<\/p>\n<p>Huipun valaistus on tarkoitus jatkossakin pit\u00e4\u00e4 maltillisena, mik\u00e4 mahdollistaa taivaanilmi\u00f6iden tarkkailun my\u00f6s pime\u00e4ll\u00e4.<\/p>\n<p>Huipulta l\u00e4htev\u00e4t reitit on tarkoitus s\u00e4ilytt\u00e4\u00e4 nykyisell\u00e4\u00e4n. Reiteille puolestaan lis\u00e4t\u00e4\u00e4n valaistusta ja uusia paikkoja istuskelulle.<\/p>\n<p>Huipun etel\u00e4rinteelle on ehdotettu oleskelunurmea piknikille tai aluetta esimerkiksi ulkoilmaelokuvateatterille.<\/p>\n<p>Alueen lounaisosaan on esitetty koirapuistoa agility-radalla.<\/p>\n<p>Toimintojen sijoittelussa on huomioitu olemassa olevat luontoarvot.<\/p>\n<p>\t\t\t\t\t<img class=\"diks-card__image\" src=\"https:\/\/www.europesays.com\/fi\/wp-content\/uploads\/2026\/01\/11098794.jpg\"   loading=\"lazy\" decoding=\"sync\" alt=\"\"\/><\/p>\n<p><strong class=\"diks-storyline__impact\">Kaupungin<\/strong> tarkoituksena on luoda Malminkartanonhuipun alueesta laadukas ja vetovoimainen ulkoilukohde monenlaiseen liikunnan harrastamiseen helsinkil\u00e4isille, mutta my\u00f6s muualta tuleville. Alue sijaitsee Vantaan ja Espoon rajalla.<\/p>\n<p><strong class=\"diks-storyline__impact\">Malminkartanon <\/strong>entisen j\u00e4tem\u00e4en kuntoportaat ovat yhdet Helsingin suosituimmista.<\/p>\n<p>Portaat uusittiin vuonna 2021. Portaissa on 426 askelmaa, ja ne ovat Helsingin pisimm\u00e4t.<\/p>\n","protected":false},"excerpt":{"rendered":"Malminkartanon t\u00e4ytt\u00f6m\u00e4en eli Malminkartanonhuipun pitk\u00e4\u00e4n suunnitteilla olleet uudistukset ovat vihdoin nytk\u00e4ht\u00e4m\u00e4ss\u00e4 eteenp\u00e4in. M\u00e4en ymp\u00e4rille on l\u00e4hivuosina tulossa varsinainen&hellip;\n","protected":false},"author":2,"featured_media":133761,"comment_status":"","ping_status":"","sticky":false,"template":"","format":"standard","meta":{"footnotes":""},"categories":[113],"tags":[446,33,31,30,104,402,118,32,119,447],"class_list":{"0":"post-133760","1":"post","2":"type-post","3":"status-publish","4":"format-standard","5":"has-post-thumbnail","7":"category-ymparisto","8":"tag-environment","9":"tag-fi","10":"tag-finland","11":"tag-finnish","12":"tag-helsinki","13":"tag-rakentaminen-kiinteistot","14":"tag-science","15":"tag-suomi","16":"tag-tiede","17":"tag-ymparisto"},"share_on_mastodon":{"url":"https:\/\/pubeurope.com\/@fi\/115840722071065962","error":""},"_links":{"self":[{"href":"https:\/\/www.europesays.com\/fi\/wp-json\/wp\/v2\/posts\/133760","targetHints":{"allow":["GET"]}}],"collection":[{"href":"https:\/\/www.europesays.com\/fi\/wp-json\/wp\/v2\/posts"}],"about":[{"href":"https:\/\/www.europesays.com\/fi\/wp-json\/wp\/v2\/types\/post"}],"author":[{"embeddable":true,"href":"https:\/\/www.europesays.com\/fi\/wp-json\/wp\/v2\/users\/2"}],"replies":[{"embeddable":true,"href":"https:\/\/www.europesays.com\/fi\/wp-json\/wp\/v2\/comments?post=133760"}],"version-history":[{"count":0,"href":"https:\/\/www.europesays.com\/fi\/wp-json\/wp\/v2\/posts\/133760\/revisions"}],"wp:featuredmedia":[{"embeddable":true,"href":"https:\/\/www.europesays.com\/fi\/wp-json\/wp\/v2\/media\/133761"}],"wp:attachment":[{"href":"https:\/\/www.europesays.com\/fi\/wp-json\/wp\/v2\/media?parent=133760"}],"wp:term":[{"taxonomy":"category","embeddable":true,"href":"https:\/\/www.europesays.com\/fi\/wp-json\/wp\/v2\/categories?post=133760"},{"taxonomy":"post_tag","embeddable":true,"href":"https:\/\/www.europesays.com\/fi\/wp-json\/wp\/v2\/tags?post=133760"}],"curies":[{"name":"wp","href":"https:\/\/api.w.org\/{rel}","templated":true}]}}