{"id":133762,"date":"2026-01-05T05:05:10","date_gmt":"2026-01-05T05:05:10","guid":{"rendered":"https:\/\/www.europesays.com\/fi\/133762\/"},"modified":"2026-01-05T05:05:10","modified_gmt":"2026-01-05T05:05:10","slug":"oululaiselta-teija-soinilta-pyydettiin-kuvia-lahteista-ja-ne-veivat-hanet-heti-toiseen-universumiin","status":"publish","type":"post","link":"https:\/\/www.europesays.com\/fi\/133762\/","title":{"rendered":"Oululaiselta Teija Soinilta pyydettiin kuvia l\u00e4hteist\u00e4, ja ne veiv\u00e4t h\u00e4net heti toiseen universumiin"},"content":{"rendered":"<p>\n      Puut paukkuvat Viinivaaran er\u00e4maa-alueella, muuten mets\u00e4 on hiljaa. Isohete-l\u00e4hteen pohjalla olevista hiekkasilmist\u00e4 purkautuu kirkasta pohjavett\u00e4. \u00c4\u00e4nt\u00e4 ei kuulu, vaikka vett\u00e4 pulppuaa railakkaasti \u2013 kuin joku kyynelehtisi ilosta tai surusta maan uumenissa.\n    <\/p>\n<p>\n      Oululainen valokuvaaja Teija Soini kiinnitt\u00e4\u00e4 kameransa kolmijalkaan. Muutama sata metri\u00e4 k\u00e4vely\u00e4, kantohanki ja tallattu polku ovat kuljettaneet kuvaajan kiehtovan luonnonilmi\u00f6n \u00e4\u00e4relle.\n    <\/p>\n<p class=\"article__paragraph\">\n      Soini on ihastunut l\u00e4hteisiin. Ihastus alkoi, kun h\u00e4n kuvasi l\u00e4hteit\u00e4 Jenni R\u00e4in\u00e4n kirjaan Veden ajat. Silloin kuvattiin sek\u00e4 Kaavilla Pohjois-Savossa ett\u00e4 Viinivaarassa.\n    <\/p>\n<p class=\"article__paragraph\">\n      \u2013 N\u00e4in silloin isoja l\u00e4hteit\u00e4 ensimm\u00e4ist\u00e4 kertaa aidosti, Soini kertoo.\n    <\/p>\n<p class=\"article__paragraph\">\n      \u2013 Ne olivat vain niin kauniita. Minua alkoi kiinnostaa, kuinka v\u00e4h\u00e4n l\u00e4hteit\u00e4 tunnetaan ja huomioidaan.\n    <\/p>\n<p>    <img decoding=\"async\" class=\"responsive-image article__image-image lozad\"   src=\"https:\/\/www.europesays.com\/fi\/wp-content\/uploads\/2026\/01\/5uXVcRcoHDDvNWTskCoKOB51JKAAZZUyhP8Mqi32oiImJgIpDyqaP4uHNaWiRLkdzwZzV3mdLBo9mgzl4iT1VDDvbiWgZVbIK5_o.jpeg\" alt=\"Isohetteen p\u00e4\u00e4dyss\u00e4 pulppuaa vieri vieress\u00e4 toistakymment\u00e4 l\u00e4hteen hiekkasilm\u00e4\u00e4.\"\/><\/p>\n<p>\n                Isohetteen p\u00e4\u00e4dyss\u00e4 pulppuaa vieri vieress\u00e4 toistakymment\u00e4 l\u00e4hteen hiekkasilm\u00e4\u00e4.\n              <\/p>\n<p>\n                Kuva: Teija Soini\n              <\/p>\n<p class=\"article__paragraph\">\n      El\u00e4viksi koetut l\u00e4hteet ovat kautta aikojen ruokkineet ihmisten mielikuvitusta ja synnytt\u00e4neet uskomuksia.\n    <\/p>\n<p class=\"article__paragraph\">\n      L\u00e4hteiden vesi purkautuu pintaan ruhjeiden ja huokoisten maakerrostumien kautta.\n    <\/p>\n<p class=\"article__paragraph\">\n      Tieto-Finlandia -ehdokkaana olleessa R\u00e4in\u00e4n kirjassa kerrotaan, ett\u00e4 keltit kuvailivat erityisi\u00e4 luontokohteita \u2013 kuten l\u00e4hteit\u00e4 \u2013 \u201dohuiksi paikoiksi\u201d.\n    <\/p>\n<p class=\"article__paragraph\">\n      Uskottiin, ett\u00e4 niiss\u00e4 yhteys maailmojen v\u00e4lill\u00e4 olisi ohuempi kuin muualla.\n    <\/p>\n<p class=\"article__paragraph\">\n      \u2013 Kasveille ja eli\u00f6ille l\u00e4hde on kuin toinen universumi, Soini toteaa.\n    <\/p>\n<p>&#8221;Olen ihan varma, ett\u00e4 kaikki eiv\u00e4t ole n\u00e4hneet n\u00e4it\u00e4 l\u00e4hteit\u00e4.&#8221;<\/p>\n<p class=\"article__paragraph\">\n      R\u00e4in\u00e4n kirjassa Soinin kuvat ovat mustavalkoisia. Omaa n\u00e4yttelyprojektiaan varten h\u00e4n kuvaa sek\u00e4 still-kuvia ett\u00e4 videoita veden alta ja p\u00e4\u00e4lt\u00e4 v\u00e4rill\u00e4.\n    <\/p>\n<p class=\"article__paragraph\">\n      Kes\u00e4isen l\u00e4hteen sis\u00e4lt\u00e4 vedenalaisella kameralla kuvatulla videolla avautuu mielikuvituksellinen maisema, joka hehkuu keltaisena ja vihre\u00e4n\u00e4. N\u00e4kym\u00e4 l\u00e4hteen pinnan alta muistuttaa kiehtovalla tavalla avaruudesta otettuja kerroksellisia astrokuvia.\n    <\/p>\n<p class=\"article__paragraph\">\n      Leviin ja lehtivarsiin kiinnittyneet pienet vesikuplat n\u00e4ytt\u00e4v\u00e4t aidoilta helmilt\u00e4.\n    <\/p>\n<p class=\"article__paragraph\">\n      Satuset\u00e4 Sakari Topeliuksen tunnetussa kertomuksessa prinsessa Adalmina pudottaa haltijattarelta syntym\u00e4lahjaksi saamansa helmen l\u00e4hteeseen. Samalla h\u00e4n kadottaa kauneuden, joka ylitt\u00e4\u00e4 auringon s\u00e4teilyn, rikkauden, joka syvyydess\u00e4\u00e4n on kuin meren \u00e4\u00e4rett\u00f6myys, ja viisauden, joka on ter\u00e4v\u00e4mpi kuin pohjoistuulen viima.\n    <\/p>\n<p>    <img decoding=\"async\" class=\"responsive-image article__image-image lozad\"   src=\"https:\/\/www.europesays.com\/fi\/wp-content\/uploads\/2026\/01\/Vc_THLomIAYAFNtx7JtFyXsVP1j-SkvXUr7ciZe1ZJSvMCAksU0EUzV4h1pS1fGpDhgNjASIpDm4VpyJpSgzTh_ulmiBa9-Rzdoi.jpeg\" alt=\"L\u00e4hteen pohjalta kes\u00e4ll\u00e4 otetussa Teija Soinin kuvassa leviin ja lehtivarsiin kiinnittyneet pienet vesikuplat n\u00e4ytt\u00e4v\u00e4t aidoilta helmilt\u00e4.\"\/><\/p>\n<p>\n                L\u00e4hteen pohjalta kes\u00e4ll\u00e4 otetussa Teija Soinin kuvassa leviin ja lehtivarsiin kiinnittyneet pienet vesikuplat n\u00e4ytt\u00e4v\u00e4t aidoilta helmilt\u00e4.\n              <\/p>\n<p>\n                Kuva: Teija Soini\n              <\/p>\n<p>    <img decoding=\"async\" class=\"responsive-image article__image-image lozad\"   src=\"https:\/\/www.europesays.com\/fi\/wp-content\/uploads\/2026\/01\/zIMHg64D92gRjdauFUqgmAnvaAiRlk-i-yWsLpJSq0TeMlQVFLSPDhOQb3Qky0rglQXHe__Mq6xN3n4u0-Dzo23ct11ZbCLwqgMS.jpeg\" alt=\"Teija Soini korostaa, kuinka l\u00e4hde on kasveille ja eli\u00f6ille kuin toinen universumi.\"\/><\/p>\n<p>\n                Teija Soini korostaa, kuinka l\u00e4hde on kasveille ja eli\u00f6ille kuin toinen universumi.\n              <\/p>\n<p>\n                Kuva: Teija Soini\n              <\/p>\n<p class=\"article__paragraph\">\n      Kansan uskomusten mukaan l\u00e4hteill\u00e4 oli haltijansa. Niille annettiin uhrilahjoja maksuna vedest\u00e4.\n    <\/p>\n<p class=\"article__paragraph\">\n      T\u00e4m\u00e4 ei ole pelkk\u00e4 myytti, sill\u00e4 l\u00e4hteist\u00e4 on l\u00f6ydetty esikristilliselle kaudelle ajoittuvia meripihkakoruja, pronssisia rintaneuloja, vanhoja rahoja ja keih\u00e4\u00e4nk\u00e4rki\u00e4.\n    <\/p>\n<p class=\"article__paragraph\">\n      L\u00e4hteille on uhrattu my\u00f6s leip\u00e4\u00e4 ja suolaa.\n    <\/p>\n<p class=\"article__paragraph\">\n      Oulun, Utaj\u00e4rven, Puolangan ja Pudasj\u00e4rven v\u00e4lisell\u00e4 er\u00e4maa-alueella sijaitsevalta Viinivaaran alueelta l\u00f6ytyy 26 avol\u00e4hdett\u00e4 ja saman verran tihkupintal\u00e4hteit\u00e4. Alue on suojeltu Natura-kohde.\n    <\/p>\n<p class=\"article__paragraph\">\n      Isohete-l\u00e4hteen p\u00e4\u00e4dyss\u00e4 liehakoi toistakymment\u00e4 l\u00e4hteensilm\u00e4\u00e4. Nousevan talviauringon valo v\u00e4lkehtii veden kalvolla ja puro solisee vapaana, vaikka on pikku pakkanen.\n    <\/p>\n<p class=\"article__paragraph\">\n      \u2013 Kun pohjavesi nousee voimalla, se liikuttaa k\u00e4pyj\u00e4 ja muita vedess\u00e4 olevia asioita, Soini toteaa.\n    <\/p>\n<p class=\"article__paragraph\">\n      \u2013Vedenalaisissa kuvissa n\u00e4kyy my\u00f6s kaikenlaista eli\u00f6t\u00e4.\n    <\/p>\n<p class=\"article__paragraph\">\n      Yhdess\u00e4 alan tutkijan kanssa Soini on tunnistanut vedest\u00e4 esimerkiksi surviaiss\u00e4\u00e4sken ja vesiperhosen toukkia, jotka k\u00e4tkeytyv\u00e4t pikkukivist\u00e4 muodostuneeseen koteloon.\n    <\/p>\n<p class=\"article__paragraph\">\n      \u2013Ne n\u00e4ytt\u00e4v\u00e4t vedess\u00e4 pikku kepeilt\u00e4, tikuilta.\n    <\/p>\n<p class=\"article__paragraph\">\n      Kun hammasharjalla varovasti rapsuttaa l\u00e4hteess\u00e4 olevien kiven pintaa, vesin\u00e4ytteiss\u00e4 tulee esiin pieneli\u00f6t\u00e4, yksisoluisia piilevi\u00e4, joita Soini on projektissaan kuvannut mikroskoopin avulla.\n    <\/p>\n<p class=\"article__paragraph\">\n      \u2013 Toukat kuoriutuvat ja lentelev\u00e4t. Linnut sy\u00f6v\u00e4t niit\u00e4. L\u00e4hteet ovat osa luonnon monimuotoisuutta ja elon keh\u00e4\u00e4.\n    <\/p>\n<p>    <img decoding=\"async\" class=\"responsive-image article__image-image lozad\"   src=\"https:\/\/www.europesays.com\/fi\/wp-content\/uploads\/2026\/01\/mRIGWnWTL1P873FAky29EhOl87mPhUXp-hjeQ0z1EcREOTLxEi1_3EThcfiLTzc2zjE_zN5lz8x6mXfj5xH36whjH3PH51XReNmv.jpeg\" alt=\"Viinil\u00e4n l\u00e4hde on yksi Viinivaaran alueen isoimpia avol\u00e4hteit\u00e4.\"\/><\/p>\n<p>\n                Viinil\u00e4n l\u00e4hde on yksi Viinivaaran alueen isoimpia avol\u00e4hteit\u00e4.\n              <\/p>\n<p>\n                Kuva: Teija Soini\n              <\/p>\n<p class=\"article__paragraph\">\n      Ajomatka Isohetteelt\u00e4 H\u00e4myhetteelle ei ole pitk\u00e4. H\u00e4myhetteell\u00e4 Soini n\u00e4ki joulukuun alussa ahman tuoreet j\u00e4ljet. Nyt l\u00e4heiselle Hanganhetteelle johtavat kantap\u00e4\u00e4st\u00e4 kapenevat, isot, mutta jo kuluneet tassunj\u00e4ljet.\n    <\/p>\n<p class=\"article__paragraph\">\n      Soini on k\u00e4ynyt kuvaamassa useita alueen l\u00e4hteit\u00e4. Mutta ei l\u00e4hesk\u00e4\u00e4n kaikkia. H\u00e4n korostaa, ett\u00e4 aikomuksena on edet\u00e4 asiassa yh\u00e4 syvemm\u00e4lle.\n    <\/p>\n<p class=\"article__paragraph\">\n      \u2013 T\u00e4m\u00e4 on pitk\u00e4kestoinen projekti, Soini sanoo.\n    <\/p>\n<p class=\"article__paragraph\">\n      H\u00e4nell\u00e4 on tavoitteena viel\u00e4 nauhoittaa \u00e4\u00e4nt\u00e4 l\u00e4hteiden sis\u00e4lt\u00e4 ja ehk\u00e4 my\u00f6s kuvata ihmisi\u00e4, joille l\u00e4hteet ovat olleet merkityksellisi\u00e4 tai tiivis osa heid\u00e4n el\u00e4m\u00e4\u00e4ns\u00e4.\n    <\/p>\n<p class=\"article__paragraph\">\n      \u2013 Voi vinkata, jos tiet\u00e4\u00e4 sellaisia ihmisi\u00e4, Soini pyyt\u00e4\u00e4.\n    <\/p>\n<p class=\"article__paragraph\">\n      \u2013 Mielell\u00e4\u00e4n kuulisin, jos ihmiset tiet\u00e4v\u00e4t luonnontilaisia l\u00e4hteit\u00e4 muualtakin. Vaikka l\u00e4hde on merkitty, sit\u00e4 voi olla vaikea l\u00f6yt\u00e4\u00e4 kasvillisuuden alta. Vasta pieni osa maamme l\u00e4hteist\u00e4 on kartalla.\n    <\/p>\n<p>    <img decoding=\"async\" class=\"responsive-image article__image-image lozad\"   src=\"https:\/\/www.europesays.com\/fi\/wp-content\/uploads\/2026\/01\/W2r0YgafAwrLk55OHTz3ZqLOciwOlV6dDtjzIu3vliBSuhL1Is8B49poFATANjDTIGRY2LY_G8gsFbNhNNJvtqIoy08X-mnOaK_k.jpeg\" alt=\"Teija Soini kaipaa erilaisia kertomuksia l\u00e4hteist\u00e4. H\u00e4n toivoo tavoittavansa henkil\u00f6it\u00e4, joille l\u00e4hteet ovat olleet merkityksellisi\u00e4 tai tiivis osa heid\u00e4n el\u00e4m\u00e4\u00e4ns\u00e4.\"\/><\/p>\n<p>\n                Teija Soini kaipaa erilaisia kertomuksia l\u00e4hteist\u00e4. H\u00e4n toivoo tavoittavansa henkil\u00f6it\u00e4, joille l\u00e4hteet ovat olleet merkityksellisi\u00e4 tai tiivis osa heid\u00e4n el\u00e4m\u00e4\u00e4ns\u00e4.\n              <\/p>\n<p>\n                Kuva: Teija Soini\n              <\/p>\n<p>    <img decoding=\"async\" class=\"responsive-image article__image-image lozad\"   src=\"https:\/\/www.europesays.com\/fi\/wp-content\/uploads\/2026\/01\/kztKh2H3O9TIwsCbgQ51ODY2OYPgLmhKe9Fua2TvBkK4m6LVQvoL6SSDMcw0rDqW6o6ATHUMQT2eGrxOeNx-sVQbPPdMwdw4b34t.jpeg\" alt=\"L\u00e4hteiden kauneus ja syv\u00e4llisyys lumosivat valokuvaaja Teija Soinin. Kuvassa on lumih\u00e4rm\u00e4inen Viinivaaran Hanganhete.\"\/><\/p>\n<p>\n                L\u00e4hteiden kauneus ja syv\u00e4llisyys lumosivat valokuvaaja Teija Soinin. Kuvassa on lumih\u00e4rm\u00e4inen Viinivaaran Hanganhete.\n              <\/p>\n<p>\n                Kuva: Teija Soini\n              <\/p>\n<p class=\"article__paragraph\">\n      Melko kuivan n\u00e4k\u00f6isen H\u00e4myhetteen reunalla k\u00f6n\u00f6tt\u00e4v\u00e4n puun rungolla kasvaa eksoottisen n\u00e4k\u00f6ist\u00e4 raidankeuhkoj\u00e4k\u00e4l\u00e4\u00e4, joka on luokiteltu silm\u00e4ll\u00e4pidett\u00e4v\u00e4ksi. Alueelta l\u00f6ytyy my\u00f6s suojeltua lapinsirppisammalta.\n    <\/p>\n<p class=\"article__paragraph\">\n      Teija Soinilta on elokuussa tulossa l\u00e4hteist\u00e4 n\u00e4yttely Oulun kirjallisuuden taloon.\n    <\/p>\n<p class=\"article__paragraph\">\n      \u2013 Koko projekti l\u00e4hti siit\u00e4, ett\u00e4 haluan n\u00e4ytt\u00e4\u00e4 ihmisille pienvesi\u00e4, kuinka t\u00e4rkeit\u00e4, hienoja ja monimuotoisia elinymp\u00e4rist\u00f6j\u00e4 ne ovat. Olen ihan varma, ett\u00e4 kaikki eiv\u00e4t ole n\u00e4hneet n\u00e4it\u00e4 l\u00e4hteit\u00e4. Niit\u00e4 pit\u00e4isi suojella, ja suojellaankin.\n    <\/p>\n<p>\n      Vaasan hallinto-oikeus hylk\u00e4si joulukuun alussa valitukset Oulun Veden luvasta ottaa vett\u00e4 Viinivaarasta. Pohjavedenotto rajataan yhteens\u00e4 6 400 kuutioon vuorokaudessa. Kalevan uutisessa (3.12.2025) kerrottiin, ett\u00e4 Kiiminkijoen kalatalousalue aikoo hakea valituslupaa Korkeimmalta hallinto-oikeudelta.\n    <\/p>\n","protected":false},"excerpt":{"rendered":"Puut paukkuvat Viinivaaran er\u00e4maa-alueella, muuten mets\u00e4 on hiljaa. Isohete-l\u00e4hteen pohjalla olevista hiekkasilmist\u00e4 purkautuu kirkasta pohjavett\u00e4. \u00c4\u00e4nt\u00e4 ei kuulu,&hellip;\n","protected":false},"author":2,"featured_media":133763,"comment_status":"","ping_status":"","sticky":false,"template":"","format":"standard","meta":{"footnotes":""},"categories":[135],"tags":[389,387,388,390,137,33,31,30,32,394,393,391,392,109],"class_list":{"0":"post-133762","1":"post","2":"type-post","3":"status-publish","4":"format-standard","5":"has-post-thumbnail","7":"category-taiteet-ja-suunnittelu","8":"tag-arts","9":"tag-arts-and-design","10":"tag-artsanddesign","11":"tag-design","12":"tag-entertainment","13":"tag-fi","14":"tag-finland","15":"tag-finnish","16":"tag-suomi","17":"tag-suunnittelu","18":"tag-taiteet","19":"tag-taiteet-ja-suunnittelu","20":"tag-taiteetsuunnittelu","21":"tag-viihde"},"share_on_mastodon":{"url":"https:\/\/pubeurope.com\/@fi\/115840753595241784","error":""},"_links":{"self":[{"href":"https:\/\/www.europesays.com\/fi\/wp-json\/wp\/v2\/posts\/133762","targetHints":{"allow":["GET"]}}],"collection":[{"href":"https:\/\/www.europesays.com\/fi\/wp-json\/wp\/v2\/posts"}],"about":[{"href":"https:\/\/www.europesays.com\/fi\/wp-json\/wp\/v2\/types\/post"}],"author":[{"embeddable":true,"href":"https:\/\/www.europesays.com\/fi\/wp-json\/wp\/v2\/users\/2"}],"replies":[{"embeddable":true,"href":"https:\/\/www.europesays.com\/fi\/wp-json\/wp\/v2\/comments?post=133762"}],"version-history":[{"count":0,"href":"https:\/\/www.europesays.com\/fi\/wp-json\/wp\/v2\/posts\/133762\/revisions"}],"wp:featuredmedia":[{"embeddable":true,"href":"https:\/\/www.europesays.com\/fi\/wp-json\/wp\/v2\/media\/133763"}],"wp:attachment":[{"href":"https:\/\/www.europesays.com\/fi\/wp-json\/wp\/v2\/media?parent=133762"}],"wp:term":[{"taxonomy":"category","embeddable":true,"href":"https:\/\/www.europesays.com\/fi\/wp-json\/wp\/v2\/categories?post=133762"},{"taxonomy":"post_tag","embeddable":true,"href":"https:\/\/www.europesays.com\/fi\/wp-json\/wp\/v2\/tags?post=133762"}],"curies":[{"name":"wp","href":"https:\/\/api.w.org\/{rel}","templated":true}]}}