{"id":133769,"date":"2026-01-05T05:12:11","date_gmt":"2026-01-05T05:12:11","guid":{"rendered":"https:\/\/www.europesays.com\/fi\/133769\/"},"modified":"2026-01-05T05:12:11","modified_gmt":"2026-01-05T05:12:11","slug":"ess-viikko-grammy-ehdokas-danitello-tuottaa-globaaleja-hitteja-kotistudiollaan-lahdessa-tykkaan-rauhasta-ja-tietynlaisesta-kuplasta-paijat-hame","status":"publish","type":"post","link":"https:\/\/www.europesays.com\/fi\/133769\/","title":{"rendered":"ESS Viikko | Grammy-ehdokas Danitello tuottaa globaaleja hittej\u00e4 kotistudiollaan Lahdessa \u2013 &#8221;Tykk\u00e4\u00e4n rauhasta ja tietynlaisesta kuplasta&#8221; | P\u00e4ij\u00e4t-H\u00e4me"},"content":{"rendered":"<p>Pian 28 vuotta t\u00e4ytt\u00e4v\u00e4 <strong>Daniel Okas<\/strong> el\u00e4\u00e4 melko erilaista arkea kuin moni muu ik\u00e4isens\u00e4 lahtelainen. H\u00e4n tuottaa taiteilijanimell\u00e4 Danitello kotimaan t\u00e4htiartistien lis\u00e4ksi musiikkia useille kansainv\u00e4lisille artisteille.<\/p>\n<p>\u2013\u2009S\u00e4vell\u00e4n, soitan ja sanoitan musiikkia. Jos kuulee tuottamani biisin vaikka radiosta, niin kaikki mit\u00e4 korva kuulee, niin olen sen takana, eli olen soittanut ne soittimet. Totta kai siin\u00e4 artisti laulaa, mutta olen ottanut teknisesti vokaalit sis\u00e4\u00e4n ja \u00e4\u00e4nitt\u00e4nyt ne, avaa Okas.<\/p>\n<p>H\u00e4n aloitti 5-vuotiaana soittamaan klassista pianoa viulisti\u00e4itins\u00e4 jalanj\u00e4ljiss\u00e4.<\/p>\n<p>\u2013\u2009Soitin monta vuotta Lahden konservatoriolla. Sielt\u00e4 se l\u00e4hti, ja jossain kohtaa alettiin frendien kanssa tekem\u00e4\u00e4n biisej\u00e4, ja sit\u00e4 kautta se on edennyt t\u00e4h\u00e4n pisteeseen.<\/p>\n<p>Mainitun pisteen voisi kiteytt\u00e4\u00e4 Okaksen saamaan Grammy-ehdokkuuteen <strong>Santeri Kauppisen<\/strong> kanssa tuottamastaan <strong>Burna Boyn<\/strong> No Sign of Weakness -levyst\u00e4. Grammyt laitetaan jakoon 1. helmikuuta Yhdysvalloissa.<\/p>\n<p>\t\t<a class=\"diks-gallery__link\" href=\"https:\/\/i.media.fi\/incoming\/zhj619\/8745156.jpg\/alternates\/FREE_1440\/8745156.jpg\" data-thumbnail=\"\" data-sub-html=\"Arkistokuva Okaksen studiolta vuodelta 2023. Joonas Laine\" aria-label=\"Katso isompi kuva\" rel=\"nofollow noopener\" target=\"_blank\"><br \/>\n\t\t\t\t<img class=\"diks-figure__image\" src=\"https:\/\/www.europesays.com\/fi\/wp-content\/uploads\/2026\/01\/8745156.jpg\" loading=\"lazy\" decoding=\"sync\" alt=\"\"\/><\/p>\n<p>\t\t\t<\/a><br \/>\n\t\t\t\t\tArkistokuva Okaksen studiolta vuodelta 2023. Joonas Laine<\/p>\n<p><strong class=\"diks-storyline__impact\">12. joulukuuta Danitello<\/strong> julkaisi oman ensimm\u00e4isen tuottaja-albuminsa, jota h\u00e4n on ty\u00f6st\u00e4nyt viimeisen kahden vuoden aikana. Mukana Tello Tape -albumilla on artisteja, joiden kanssa h\u00e4n on tehnyt musiikkia muutenkin, muun muassa <strong>Mirella<\/strong> ja <strong>Robin Packalen<\/strong>. Nimen Tello Tape keksi Okaksen yst\u00e4v\u00e4 <strong>Ares<\/strong>, joka on my\u00f6skin mukana tuoreella albumilla.<\/p>\n<p>Albumin kappaleissa kuullaan useita feattej\u00e4, mik\u00e4 on osaltaan mutkistanut albumin ty\u00f6st\u00e4misen aikataulua.<\/p>\n<p>\u2013\u2009Musiikillisesti ei ole ollut \u201dty\u00f6maa\u201d, ollaan tehty meid\u00e4n juttua, mutta toki, kun puhutaan Suomen isoimmista artisteista, niin julkaisuaikataulujen palapelin kokoamisessa on ollut aika paljon s\u00e4\u00e4t\u00f6\u00e4. Olen nyt onnellinen, ett\u00e4 kaikki saatiin onnistumaan kuitenkin parhain p\u00e4in.<\/p>\n<p>Kokonaisuudessaan albumilla on yhdeks\u00e4n kappaletta, joissa on mukana 13 feattaajaa. Yksi heist\u00e4 on lahtelaisl\u00e4ht\u00f6inen <strong>Alina Burnet<\/strong>, joka feattaa samassa kappaleessa JVG:n kanssa.<\/p>\n<blockquote class=\"voice-no-read rs_skip diks-blockquote\">\n<p class=\"diks-blockquote__text\">Sain mukaan just niit\u00e4 hahmoja, keit\u00e4 katson yl\u00f6sp\u00e4in t\u00e4\u00e4ll\u00e4 Suomessa.<\/p>\n<\/blockquote>\n<p>\u2013\u2009Sain mukaan tuohon projektiin just niit\u00e4 hahmoja, keit\u00e4 katson yl\u00f6sp\u00e4in t\u00e4\u00e4ll\u00e4 Suomessa. Nyt on eritt\u00e4in hyv\u00e4 fiilis, kun homma on saatu malliin.<\/p>\n<p><strong class=\"diks-storyline__impact\">Musiikintekij\u00e4n\u00e4 Okas kertoo<\/strong> toimivansa intuitiota hy\u00f6dynt\u00e4en.<\/p>\n<p>\u2013\u2009Koen, ett\u00e4 n\u00e4m\u00e4 artistit, muun muassa ket\u00e4 t\u00e4ss\u00e4 levyll\u00e4 on, niin hekin toimivat nimenomaan intuitiolla.<\/p>\n<p>Tuottaja-albumit ovat tunnetumpia julkaisutapoja ulkomailla verrattuna kotimaan musiikkimaailmaan. Okas kertoo saaneensa inspiraation kollegansa Santeri Kauppisen, eli MD$:n julkaisemista tuottajasinkuista. Oman tuottaja-albumin tekeminen oli py\u00f6rinyt Danitellon mieless\u00e4 vuosia.<\/p>\n<p>\u2013\u2009Koin aikaisemmin, etten saisi mukaan viel\u00e4 niit\u00e4 artisteja, jotka haluaisin toteuttamaan visioni. Pari vuotta sitten olin urallisesti sellaisessa asemassa, ett\u00e4 oli oikea hetki t\u00e4lle. Kokonaisvaltainen visio oli vied\u00e4 artisteja hieman erilaisiin bokseihin, miss\u00e4 heit\u00e4 on aikaisemmin kuultu. Tuottajana kunnioitan toki artistin lainalaisuuksia, mutta on tuolla muutamia biisej\u00e4, joissa on menty tosi kauas siit\u00e4 mink\u00e4tyylist\u00e4 on aikaisemmin julkaistu.<\/p>\n<p><strong class=\"diks-storyline__impact\">Suurimman osan vuodesta<\/strong> Danitello viett\u00e4\u00e4 ulkomailla. H\u00e4nell\u00e4 on sek\u00e4 Lahdessa ett\u00e4 Helsingiss\u00e4 omat studiot. Kansainv\u00e4lisist\u00e4 artisteista Danitello on ty\u00f6skennellyt l\u00e4hiaikoina Burna Boyn lis\u00e4ksi muun muassa <strong>G-\u00adEazyn<\/strong>,<strong> Draken<\/strong>, <strong>Chino Pacasin<\/strong>, <strong>Fuerza Regidan<\/strong> ja<strong> Mick Jaggerin <\/strong>kanssa.<\/p>\n<p>\u2013\u2009Aika legendaaristen artistien kanssa on p\u00e4\u00e4ssyt tekem\u00e4\u00e4n yhteisty\u00f6t\u00e4. Se on mielet\u00f6nt\u00e4, ett\u00e4 Lahdesta l\u00e4ht\u00f6isin, kumminkin maailman mittaluokassa puhutaan pienest\u00e4 tuppukyl\u00e4st\u00e4, niin voi l\u00e4hte\u00e4 tuonne maailmalle ja p\u00e4\u00e4ty\u00e4 tuollaisiin huoneisiin tasa-arvoisena tekij\u00e4n\u00e4.<\/p>\n<p>Studiot ovat tulleet tutuiksi muun muassa Berliiniss\u00e4 ja Los Angelesissa, mutta mik\u00e4 saa Danitellon asumaan Lahdessa?<\/p>\n<p>\u2013\u2009Tykk\u00e4\u00e4n rauhasta ja tietynlaisesta kuplasta. Artistitkin voivat tulla t\u00e4nne kuplautumaan. T\u00e4\u00e4ll\u00e4 voi keskitty\u00e4 tekemiseen eri tavalla verrattuna stadin hektisyyteen.<\/p>\n<blockquote class=\"voice-no-read rs_skip diks-blockquote\">\n<p class=\"diks-blockquote__text\">Loppujen lopuksi kaikki l\u00e4htee siit\u00e4, ett\u00e4 mun on vaan pakko tehd\u00e4 musiikkia.<\/p>\n<\/blockquote>\n<p>Daniel omistaa yhdess\u00e4 pikkuveljens\u00e4,<strong> Paul Okaksen<\/strong> kanssa Lahdesta omakotitalon, jossa heill\u00e4 on kotistudio ty\u00f6skentely\u00e4 varten.<\/p>\n<p>\t\t<a class=\"diks-gallery__link\" href=\"https:\/\/i.media.fi\/incoming\/gtzam1\/11210973.jpg\/alternates\/FREE_1440\/11210973.jpg\" data-thumbnail=\"\" data-sub-html=\"Musiikkituottaja Daniel \u201dDanitello\u201d Okas tekee tiivist\u00e4 yhteisty\u00f6t\u00e4 pikkuveljens\u00e4 Paul \u201dPablo\u201d Okaksen kanssa. Johannes Piipari\" aria-label=\"Katso isompi kuva\" rel=\"nofollow noopener\" target=\"_blank\"><br \/>\n\t\t\t\t<img class=\"diks-figure__image\" src=\"https:\/\/www.europesays.com\/fi\/wp-content\/uploads\/2026\/01\/11210973.jpg\" loading=\"lazy\" decoding=\"sync\" alt=\"\"\/><\/p>\n<p>\t\t\t<\/a><br \/>\n\t\t\t\t\tMusiikkituottaja Daniel \u201dDanitello\u201d Okas tekee tiivist\u00e4 yhteisty\u00f6t\u00e4 pikkuveljens\u00e4 Paul \u201dPablo\u201d Okaksen kanssa. Johannes Piipari<\/p>\n<p><strong class=\"diks-storyline__impact\">Yhteisen talon lis\u00e4ksi <\/strong>veljekset tekev\u00e4t tiiviisti yhteisty\u00f6t\u00e4 my\u00f6s musiikin saralla. Nuorempi Okas, taiteilijanimelt\u00e4\u00e4n Pablo, miksaa p\u00e4\u00e4osin kaikki Danitellon tuottamat kappaleet. Ulkomailla ty\u00f6skennelless\u00e4\u00e4n Daniel l\u00e4hett\u00e4\u00e4 tekem\u00e4ns\u00e4 raidat Paulille, joka tekee miksausty\u00f6n kotistudiolla.<\/p>\n<p>Vaikka Daniel onkin merkitt\u00e4v\u00e4n osan vuodesta poissa kotoa, voisi n\u00e4inkin tiivis yhteisty\u00f6 aiheuttaa kitkaa veljesten v\u00e4lille. Miten yhteisty\u00f6 sujuu?<\/p>\n<p>\u2013\u2009Meill\u00e4 se toimii eritt\u00e4in hyvin, eli saada mahdollisimman hyv\u00e4 biisi tehty\u00e4 ja saadaan se soundaamaan mahdollisimman hyv\u00e4lt\u00e4. Pablo tiet\u00e4\u00e4 tasan tarkkaan, mit\u00e4 m\u00e4 haluan silt\u00e4 miksilt\u00e4, ja m\u00e4 tied\u00e4n jo etuk\u00e4teen, mit\u00e4 Pablo sille tekee. Harvemmin joudumme edes tekem\u00e4\u00e4n mit\u00e4\u00e4n revisiota. Aika usein meid\u00e4n yhteisty\u00f6ll\u00e4 julkaisemme biisin ykk\u00f6sversion.<\/p>\n<p><strong class=\"diks-storyline__impact\">Tulevaisuuden suunnitelmat <\/strong>ovat musiikin parissa.<\/p>\n<p>\u2013\u2009Haluan tehd\u00e4 isoja globaaleja hittej\u00e4 ja maailman isoimpia biisej\u00e4. Se on se, mihin m\u00e4 t\u00e4ht\u00e4\u00e4n, mink\u00e4 takia m\u00e4 menet\u00e4n y\u00f6unia aika usein. Haluan j\u00e4tt\u00e4\u00e4 j\u00e4ljen musiikkihistoriaan. Loppujen lopuksi kaikki l\u00e4htee siit\u00e4, ett\u00e4 mun on vaan pakko tehd\u00e4 musiikkia. Rakastan musiikin tekemist\u00e4, en saa mist\u00e4\u00e4n asiasta t\u00e4ss\u00e4 maailmassa samanlaisia kiksej\u00e4, Okas summaa.<\/p>\n<p>Danitellolla vapaa-aika ja ty\u00f6kuviot eiv\u00e4t merkitt\u00e4v\u00e4sti eroa toisistaan.<\/p>\n<p>\u2013\u2009Kyll\u00e4 t\u00e4m\u00e4 aikalailla on sellaista seitsem\u00e4n p\u00e4iv\u00e4\u00e4 viikossa aamusta iltaan tekemist\u00e4. V\u00e4lill\u00e4 on palavereita, mutta v\u00e4it\u00e4n, ett\u00e4 teen usein v\u00e4hint\u00e4\u00e4n 80 tuntia viikossa pelk\u00e4st\u00e4\u00e4n musiikkia, ja sen p\u00e4\u00e4lle on sitten pakolliset bisnesjutut.<\/p>\n","protected":false},"excerpt":{"rendered":"Pian 28 vuotta t\u00e4ytt\u00e4v\u00e4 Daniel Okas el\u00e4\u00e4 melko erilaista arkea kuin moni muu ik\u00e4isens\u00e4 lahtelainen. H\u00e4n tuottaa taiteilijanimell\u00e4&hellip;\n","protected":false},"author":2,"featured_media":133770,"comment_status":"","ping_status":"","sticky":false,"template":"","format":"standard","meta":{"footnotes":""},"categories":[130],"tags":[138,137,23532,33,31,30,104,740,1801,4343,47,32,109],"class_list":{"0":"post-133769","1":"post","2":"type-post","3":"status-publish","4":"format-standard","5":"has-post-thumbnail","7":"category-viihde","8":"tag-audio","9":"tag-entertainment","10":"tag-ess-viikko","11":"tag-fi","12":"tag-finland","13":"tag-finnish","14":"tag-helsinki","15":"tag-intuitio","16":"tag-lahti","17":"tag-los-angeles","18":"tag-musiikki","19":"tag-suomi","20":"tag-viihde"},"share_on_mastodon":{"url":"https:\/\/pubeurope.com\/@fi\/115840781068832064","error":""},"_links":{"self":[{"href":"https:\/\/www.europesays.com\/fi\/wp-json\/wp\/v2\/posts\/133769","targetHints":{"allow":["GET"]}}],"collection":[{"href":"https:\/\/www.europesays.com\/fi\/wp-json\/wp\/v2\/posts"}],"about":[{"href":"https:\/\/www.europesays.com\/fi\/wp-json\/wp\/v2\/types\/post"}],"author":[{"embeddable":true,"href":"https:\/\/www.europesays.com\/fi\/wp-json\/wp\/v2\/users\/2"}],"replies":[{"embeddable":true,"href":"https:\/\/www.europesays.com\/fi\/wp-json\/wp\/v2\/comments?post=133769"}],"version-history":[{"count":0,"href":"https:\/\/www.europesays.com\/fi\/wp-json\/wp\/v2\/posts\/133769\/revisions"}],"wp:featuredmedia":[{"embeddable":true,"href":"https:\/\/www.europesays.com\/fi\/wp-json\/wp\/v2\/media\/133770"}],"wp:attachment":[{"href":"https:\/\/www.europesays.com\/fi\/wp-json\/wp\/v2\/media?parent=133769"}],"wp:term":[{"taxonomy":"category","embeddable":true,"href":"https:\/\/www.europesays.com\/fi\/wp-json\/wp\/v2\/categories?post=133769"},{"taxonomy":"post_tag","embeddable":true,"href":"https:\/\/www.europesays.com\/fi\/wp-json\/wp\/v2\/tags?post=133769"}],"curies":[{"name":"wp","href":"https:\/\/api.w.org\/{rel}","templated":true}]}}