{"id":133783,"date":"2026-01-05T05:38:07","date_gmt":"2026-01-05T05:38:07","guid":{"rendered":"https:\/\/www.europesays.com\/fi\/133783\/"},"modified":"2026-01-05T05:38:07","modified_gmt":"2026-01-05T05:38:07","slug":"prinssi-georgen-12-elama-muuttuu-tana-vuonna-williamilla-ja-catherinella-edessa-tiukka-valinta","status":"publish","type":"post","link":"https:\/\/www.europesays.com\/fi\/133783\/","title":{"rendered":"Prinssi Georgen, 12, el\u00e4m\u00e4 muuttuu t\u00e4n\u00e4 vuonna \u2013 Williamilla ja Catherinella edess\u00e4 tiukka valinta"},"content":{"rendered":"<p>Prinssi George saavuttaa t\u00e4n\u00e4 vuonna teini-i\u00e4n. Tuleva vuosi pit\u00e4\u00e4 sis\u00e4ll\u00e4\u00e4n suuria muutoksia.<\/p>\n<p><img decoding=\"async\" class=\"image image-show image-preview\" src=\"https:\/\/www.europesays.com\/fi\/wp-content\/uploads\/2026\/01\/af4a78ab39be247136328b6d31c0f567a0527f02fc99c5201e486217ffa13a40.jpg\" alt=\"\"\/><img decoding=\"async\" class=\"image image-show\" src=\"https:\/\/www.europesays.com\/fi\/wp-content\/uploads\/2026\/01\/1767591487_721_af4a78ab39be247136328b6d31c0f567a0527f02fc99c5201e486217ffa13a40.jpg\" alt=\"\"\/><\/p>\n<p>Prinssi George on Williamin ja Catherinen vanhin lapsi. Kuva joulukuulta 2025. AOP<\/p>\n<p class=\"paragraph\">Britannian pikkuprinssi <a href=\"https:\/\/www.iltalehti.fi\/henkilot\/George\" class=\"article-link-person-page\" rel=\"nofollow noopener\" target=\"_blank\">George<\/a> t\u00e4ytt\u00e4\u00e4 hein\u00e4kuussa 13 vuotta, mik\u00e4 tarkoittaa, ett\u00e4 h\u00e4nest\u00e4 tulee teini-ik\u00e4inen.<\/p>\n<p class=\"paragraph\">George aloittaa t\u00e4n\u00e4 vuonna yl\u00e4koulun. T\u00e4m\u00e4 tarkoittaa, ett\u00e4 prinssi George j\u00e4tt\u00e4\u00e4 Lambrook-koulun Berkshiress\u00e4 ja syyskuusta alkaen aloittaa uudessa koulussa.<\/p>\n<p class=\"paragraph\">Kuninkaallisasiantuntija <strong>Katie Nicholl<\/strong> arvioi tilannetta <a href=\"https:\/\/www.mirror.co.uk\/news\/royals\/prince-george-facing-huge-change-36356329\" target=\"_blank\" rel=\"noopener nofollow\">Mirror<\/a>-lehdelle. H\u00e4n uskoo muutosten vaikuttavan koko perheeseen.<\/p>\n<p class=\"paragraph\">\u2013 Georgen uusi koulu tulee olemaan koko perheelle suuri siirtym\u00e4, Nicholl arvioi.<\/p>\n<p class=\"paragraph\">\u2013 Muutoksia on n\u00e4k\u00f6piiriss\u00e4, mutta t\u00e4m\u00e4 perhe ei pelk\u00e4\u00e4 niit\u00e4. Uskon, ett\u00e4 George on enemm\u00e4n kuin valmis t\u00e4h\u00e4n seuraavaan el\u00e4m\u00e4nvaiheeseensa, kuninkaallisasiantuntija jatkaa.<\/p>\n<p class=\"paragraph\">Erityisesti prinsessa <a href=\"https:\/\/www.iltalehti.fi\/henkilot\/Catherine\" class=\"article-link-person-page\" rel=\"nofollow noopener\" target=\"_blank\">Catherine<\/a> on antanut kaikkensa perheen lasten koulunk\u00e4ynnille. Mirrorin mukaan prinsessan voi n\u00e4hd\u00e4 s\u00e4\u00e4nn\u00f6llisesti urheilukent\u00e4n laidalla kannustamassa lapsiaan tai ostamassa koulun hyv\u00e4ntekev\u00e4isyysarpajaisista arpajaislipukkeita siit\u00e4kin huolimatta, ett\u00e4 h\u00e4nen kerrottiin sairastuneen sy\u00f6p\u00e4\u00e4n vuonna 2024.<\/p>\n<p class=\"paragraph\">\u2013 Niin\u00e4 p\u00e4ivin\u00e4, jolloin voin tarpeeksi hyvin, on ilo olla mukana koulun arjessa, Catherine totesi aiemmin.<\/p>\n<p>Prinssi Georgen menee mit\u00e4 luultavammin sis\u00e4oppilaitokseen. AOP<\/p>\n<p>Kaksi vaihtoehtoa<\/p>\n<p class=\"paragraph\">Kensingtonin palatsi ei ole toistaiseksi kertonut julkisuuteen, mihin kouluun prinssi George menee. Spekulaatioiden mukaan yksi k\u00e4rkivaihtoehdoista on arvostettu Marlboroughin sis\u00e4oppilaitos, joka sijaitsee Wiltshiress\u00e4 tai Etonin poikakoulu Berkshiress\u00e4. L\u00e4hteet kertovat Walesin prinssi <a href=\"https:\/\/www.iltalehti.fi\/henkilot\/William\" class=\"article-link-person-page\" rel=\"nofollow noopener\" target=\"_blank\">Williamin<\/a> ja prinsessa Catherinen vierailleen molemmissa kouluissa. Lukuvuosimaksut molemmissa kouluissa ovat noin 68\u00a0000 euroa vuodessa.<\/p>\n<p class=\"paragraph\">\u2013 Tied\u00e4n, ett\u00e4 prinssipari on tutustunut my\u00f6s joihinkin yksityisiin p\u00e4iv\u00e4kouluihin, mutta uskon Georgen menev\u00e4n sis\u00e4oppilaitokseen Williamin ja Catherinen tapaan, asiantuntija Nicholl sanoo Mirrorille.<\/p>\n<p class=\"paragraph\">Kuninkaallisasiantuntijan mukaan prinssipari k\u00e4ytt\u00e4\u00e4 paljon aikaa koulun valintaan.<\/p>\n<p class=\"paragraph\">\u2013 He ovat ottaneet Georgen tiiviisti mukaan valintaan ja varmistavat, ett\u00e4 koulu tarjoaa h\u00e4nelle parhaan mahdollisen alun el\u00e4m\u00e4\u00e4n ja tulevaisuuteen, Nicholl lis\u00e4\u00e4.<\/p>\n<p class=\"paragraph\">Eton ja Marlborough ovat Williamille ja Catherinelle t\u00e4rkeit\u00e4 paikkoja, sill\u00e4 he viettiv\u00e4t teinivuotensa n\u00e4iss\u00e4 kouluissa. My\u00f6s prinssi Harry k\u00e4vi aikanaan Etonin poikakoulun. T\u00e4m\u00e4 oli hovilta poikkeuksellinen ratkaisu ja perinteiden rikkominen, sill\u00e4 prinssi Philip ja kuningas Charles ovat k\u00e4yneet Gordonstounin koulua Skotlannissa.<\/p>\n<p>Asiantuntijoiden mukaan prinssipari k\u00e4ytt\u00e4\u00e4 paljon aikaa koulun valitsemiseen. AOP<\/p>\n<p class=\"paragraph\">Etonin poikakoulu on my\u00f6s kirjailija ja kuninkaallisasiantuntija <a href=\"https:\/\/www.iltalehti.fi\/henkilot\/Hugo Vickers\" class=\"article-link-person-page\" rel=\"nofollow noopener\" target=\"_blank\">Hugo Vickersin<\/a> mielest\u00e4 varmin vaihtoehto Georgen tulevaksi kouluksi.<\/p>\n<p class=\"paragraph\">\u2013 Se on eritt\u00e4in hyv\u00e4 koulu ja monin tavoin askeleen edell\u00e4 aikaansa. Tietenkin se sijaitsee my\u00f6s Windsorissa ja aivan Forest Lodgen eli perheen uuden kodin l\u00e4heisyydess\u00e4, Vickers sanoi aiemmin OK!-uutissivustolle.<\/p>\n<p class=\"paragraph\">Williamin ja Catherinen <a href=\"https:\/\/www.iltalehti.fi\/kuninkaalliset\/8135d992-8583-43b7-9380-a90f97b4dd3b\" rel=\"nofollow noopener\" target=\"_blank\">perheen el\u00e4m\u00e4 muuttui lokakuussa 2025<\/a>, kun he muuttivat loppuel\u00e4m\u00e4ns\u00e4 kotiin Forest Lodge -nimiseen kartanoon Windsorin linnan maille. Perheen lapset George, prinsessa <a href=\"https:\/\/www.iltalehti.fi\/henkilot\/Charlotte\" class=\"article-link-person-page\" rel=\"nofollow noopener\" target=\"_blank\">Charlotte<\/a>, 10, ja prinssi <a href=\"https:\/\/www.iltalehti.fi\/henkilot\/Louis\" class=\"article-link-person-page\" rel=\"nofollow noopener\" target=\"_blank\">Louis<\/a>, 7, k\u00e4yv\u00e4t koulua Windsorin alueella.<\/p>\n<p class=\"paragraph\">Uusi 18,7 miljoonan euron koti on suurempi kuin heid\u00e4n aiempi asumuksensa. Uuden kodin my\u00f6t\u00e4 perhe p\u00e4\u00e4si l\u00e4helle luontoa, mik\u00e4 on unelmien t\u00e4yttymys tavallista el\u00e4m\u00e4\u00e4 ihannoivalle perheelle.<\/p>\n<p class=\"paragraph\">L\u00e4hde: <a href=\"https:\/\/www.mirror.co.uk\/news\/royals\/prince-george-facing-huge-change-36356329\" target=\"_blank\" rel=\"noopener nofollow\">Mirror<\/a><\/p>\n","protected":false},"excerpt":{"rendered":"Prinssi George saavuttaa t\u00e4n\u00e4 vuonna teini-i\u00e4n. Tuleva vuosi pit\u00e4\u00e4 sis\u00e4ll\u00e4\u00e4n suuria muutoksia. Prinssi George on Williamin ja Catherinen&hellip;\n","protected":false},"author":2,"featured_media":133784,"comment_status":"","ping_status":"","sticky":false,"template":"","format":"standard","meta":{"footnotes":""},"categories":[130],"tags":[35,137,33,31,30,653,652,99,100,98,32,109],"class_list":{"0":"post-133783","1":"post","2":"type-post","3":"status-publish","4":"format-standard","5":"has-post-thumbnail","7":"category-viihde","8":"tag-24h","9":"tag-entertainment","10":"tag-fi","11":"tag-finland","12":"tag-finnish","13":"tag-julkkisperheet","14":"tag-kuninkaalliset","15":"tag-lapset","16":"tag-lapset-ja-nuoret","17":"tag-perhe","18":"tag-suomi","19":"tag-viihde"},"share_on_mastodon":{"url":"https:\/\/pubeurope.com\/@fi\/115840883341537792","error":""},"_links":{"self":[{"href":"https:\/\/www.europesays.com\/fi\/wp-json\/wp\/v2\/posts\/133783","targetHints":{"allow":["GET"]}}],"collection":[{"href":"https:\/\/www.europesays.com\/fi\/wp-json\/wp\/v2\/posts"}],"about":[{"href":"https:\/\/www.europesays.com\/fi\/wp-json\/wp\/v2\/types\/post"}],"author":[{"embeddable":true,"href":"https:\/\/www.europesays.com\/fi\/wp-json\/wp\/v2\/users\/2"}],"replies":[{"embeddable":true,"href":"https:\/\/www.europesays.com\/fi\/wp-json\/wp\/v2\/comments?post=133783"}],"version-history":[{"count":0,"href":"https:\/\/www.europesays.com\/fi\/wp-json\/wp\/v2\/posts\/133783\/revisions"}],"wp:featuredmedia":[{"embeddable":true,"href":"https:\/\/www.europesays.com\/fi\/wp-json\/wp\/v2\/media\/133784"}],"wp:attachment":[{"href":"https:\/\/www.europesays.com\/fi\/wp-json\/wp\/v2\/media?parent=133783"}],"wp:term":[{"taxonomy":"category","embeddable":true,"href":"https:\/\/www.europesays.com\/fi\/wp-json\/wp\/v2\/categories?post=133783"},{"taxonomy":"post_tag","embeddable":true,"href":"https:\/\/www.europesays.com\/fi\/wp-json\/wp\/v2\/tags?post=133783"}],"curies":[{"name":"wp","href":"https:\/\/api.w.org\/{rel}","templated":true}]}}