{"id":133791,"date":"2026-01-05T05:44:10","date_gmt":"2026-01-05T05:44:10","guid":{"rendered":"https:\/\/www.europesays.com\/fi\/133791\/"},"modified":"2026-01-05T05:44:10","modified_gmt":"2026-01-05T05:44:10","slug":"trumpin-tiedeviha-ajaa-huippututkijoita-eurooppaan-ylen-haastateltava-pelkaa-kostoa-ulkomaat","status":"publish","type":"post","link":"https:\/\/www.europesays.com\/fi\/133791\/","title":{"rendered":"Trumpin tiedeviha ajaa huippu\u00adtutkijoita Eurooppaan \u2013 Ylen haastateltava pelk\u00e4\u00e4 kostoa | Ulkomaat"},"content":{"rendered":"<p class=\"aw-1gybjub aw-1p7kakr kEtdKx cEmitX yle__article__paragraph\"><strong class=\"aw-ak79eh KyCXm yle__article__strong\">WIEN<\/strong> Ulkomaalaisten opiskelijoiden pid\u00e4tyksi\u00e4, tutkimusohjelmien lopettamisia, virkanimitysten j\u00e4\u00e4dytyksi\u00e4. N\u00e4in alkoi presidentti <strong class=\"aw-ak79eh KyCXm yle__article__strong\">Donald Trumpin<\/strong> valtakausi yhdysvaltalaisissa yliopistoissa ja korkeakouluissa.<\/p>\n<p class=\"aw-1gybjub aw-1p7kakr kEtdKx cEmitX yle__article__paragraph\">Trumpin toinen kausi on ollut tutkimukselle huomattavasti ensimm\u00e4ist\u00e4 <a class=\"aw-iao6s4 iHOxEa yle__article__link\" href=\"https:\/\/www.ucs.org\/about\/news\/report-shows-trump-administration-has-carried-out-more-400-attacks-science-six-months\" role=\"link\" rel=\"nofollow noopener\" target=\"_blank\">rankempi<\/a>, koska luuta alkoi nyt pyyhki\u00e4 nopeammin ja perusteellisemmin.<\/p>\n<p class=\"aw-1gybjub aw-1p7kakr kEtdKx cEmitX yle__article__paragraph\">Yhdysvalloissa j\u00e4rjestett\u00e4vien tiedekonferenssien osallistujam\u00e4\u00e4r\u00e4t <a class=\"aw-iao6s4 iHOxEa yle__article__link\" href=\"https:\/\/www.nature.com\/articles\/d41586-025-04083-4\" role=\"link\" rel=\"nofollow noopener\" target=\"_blank\">laskevat<\/a>. Tuoreimman <a class=\"aw-iao6s4 iHOxEa yle__article__link\" href=\"https:\/\/eu.usatoday.com\/story\/news\/politics\/2025\/12\/16\/trump-dismantle-national-center-atmospheric-research-climate\/87798771007\/\" role=\"link\" rel=\"nofollow noopener\" target=\"_blank\">uutisen mukaan<\/a> Trumpin hallinto sulkee kokonaan yhden maan johtavista s\u00e4\u00e4- ja ilmastotutkimuslaitoksista.<\/p>\n<p class=\"aw-1gybjub aw-1p7kakr kEtdKx cEmitX yle__article__paragraph\">T\u00e4h\u00e4n saumaan iskev\u00e4t nyt aktiivisesti jotkut l\u00e4nsimaat. Esimerkiksi Ranskan, Hollannin ja viimeksi <a class=\"aw-iao6s4 iHOxEa yle__article__link\" href=\"https:\/\/www.ft.com\/content\/c664e121-482a-4fcb-8e5a-c3b280bfb7ea\" role=\"link\" rel=\"nofollow noopener\" target=\"_blank\">Kanadan<\/a> yliopistoihin on perustettu suunnattuja ohjelmia, joiden tarkoitus on houkutella Yhdysvalloista tieteilij\u00f6it\u00e4.<\/p>\n<p class=\"aw-1gybjub aw-1p7kakr kEtdKx cEmitX yle__article__paragraph\">Erityisen hyvin tilanteen hy\u00f6dynt\u00e4misess\u00e4 on onnistunut It\u00e4valta. Pieni EU-maa on houkutellut jo liki 30 tutkijaa yliopistoihinsa Yhdysvalloista vasta viime toukokuussa alkaneen hankkeensa avulla.<\/p>\n<p class=\"aw-1gybjub aw-1p7kakr kEtdKx cEmitX yle__article__paragraph\">Alppimaa odottaa saavansa yht\u00e4 ison joukon lis\u00e4\u00e4 tieteilij\u00f6it\u00e4 t\u00e4m\u00e4n vuoden alussa. Parhaillaan It\u00e4vallan yliopistoissa on k\u00e4ynniss\u00e4 l\u00e4hes 60 valintaprosessia, maan tiedeministeri\u00f6 kertoo.<\/p>\n<p class=\"aw-1gybjub aw-1p7kakr kEtdKx cEmitX yle__article__paragraph\"><strong class=\"aw-ak79eh KyCXm yle__article__strong\">Videolla It\u00e4vallan tiedeakatemian p\u00e4\u00e4johtaja kertoo, miten ohjelma sai yll\u00e4tt\u00e4v\u00e4n k\u00e4\u00e4nteen:<\/strong><\/p>\n<p>Kuvaus: Mohamed Sharif El Bouari \/ YleTutkija pelk\u00e4si joutuvansa vaikeuksiin kommenteistaan<\/p>\n<p class=\"aw-1gybjub aw-1p7kakr kEtdKx cEmitX yle__article__paragraph\">Yle haastatteli Wieniss\u00e4 Trumpin hallintoa pakoon l\u00e4htenytt\u00e4 korkean profiilin tieteentekij\u00e4\u00e4. Yle ei paljasta tieteilij\u00e4n nime\u00e4 t\u00e4lle haastattelusta mahdollisesti koituvien vaikeuksia vuoksi.<\/p>\n<p class=\"aw-1gybjub aw-1p7kakr kEtdKx cEmitX yle__article__paragraph\">Haastateltu tutkija matkustaa yh\u00e4 silloin t\u00e4ll\u00f6in Yhdysvaltoihin, ja h\u00e4n pelk\u00e4\u00e4 joutuvansa vaikeuksiin rajaviranomaisten kanssa. My\u00f6s monet tutkijan kollegoista suunnittelevat l\u00e4ht\u00f6\u00e4 Yhdysvalloista, koska uusia esteit\u00e4 tutkimukseen tulee jatkuvasti.<\/p>\n<p class=\"aw-1gybjub aw-1p7kakr kEtdKx cEmitX yle__article__paragraph\">Yhdysvaltalaisten tieteentekij\u00f6iden pelko on tullut tutuksi kollegoille It\u00e4vallassa.<\/p>\n<p class=\"aw-1gybjub aw-1p7kakr kEtdKx cEmitX yle__article__paragraph\">\u2013 Yhdysvalloissa vallitsee nyt tieteess\u00e4 suhteellinen vapaus. Vapaus, joka voi muuttua p\u00e4iv\u00e4st\u00e4 toiseen. N\u00e4in kollegat meille kertovat. Ja juuri se aiheuttaa pelkoa, sanoo It\u00e4vallan tiedeakatemian p\u00e4\u00e4johtaja <strong class=\"aw-ak79eh KyCXm yle__article__strong\">Heinz Fa\u00dfmann<\/strong> Ylen haastattelussa.<\/p>\n<p><img decoding=\"async\" alt=\"Koristeltua beessinv\u00e4rist\u00e4 marmorisein\u00e4\u00e4 ja eteenp\u00e4in pylv\u00e4ikk\u00f6k\u00e4yt\u00e4v\u00e4\u00e4, jolla n\u00e4kyy kaksi tummaa hahmoa.\" src=\"https:\/\/www.europesays.com\/fi\/wp-content\/uploads\/2026\/01\/39-1571157694285b03adf2.jpeg\" loading=\"lazy\" class=\"aw-1l9m598 hKVVvP\"\/><\/p>\n<p>Avaa kuvien katselu<\/p>\n<p>Yle haastatteli Wieniss\u00e4 tutkijaa, joka l\u00e4hti aikoinaan Euroopasta Yhdysvaltoihin parempien tutkimusolosuhteiden vuoksi. Trumpin valtaannousun j\u00e4lkeen h\u00e4n palasi. Kuva: Anna Karismo \/ YleTulijat huippuyliopistoista<\/p>\n<p class=\"aw-1gybjub aw-1p7kakr kEtdKx cEmitX yle__article__paragraph\">It\u00e4vallan ohjelmassa yliopistot voivat palkata tutkijatohtoreita Yhdysvalloista ilman pitk\u00e4\u00e4 hakuprosessia syyskuun 2026 loppuun asti. Valtio maksaa valtaosan palkoista, yliopistojen maksuosuudeksi j\u00e4\u00e4 nelj\u00e4nnes kustannuksista.<\/p>\n<p class=\"aw-1gybjub aw-1p7kakr kEtdKx cEmitX yle__article__paragraph\">Lis\u00e4ksi It\u00e4vallan tiedeakatemia on my\u00f6nt\u00e4nyt 25 yhdysvaltalaiselle tutkijatohtorille puolen miljoonan euron stipendit nelj\u00e4ksi vuodeksi.<\/p>\n<p class=\"aw-1gybjub aw-1p7kakr kEtdKx cEmitX yle__article__paragraph\">It\u00e4valtalaisten sy\u00f6ttiin on tarttunut huippunimi\u00e4 parhaista yliopistoista.<\/p>\n<p class=\"aw-1gybjub aw-1p7kakr kEtdKx cEmitX yle__article__paragraph\">\u2013 Se todella yll\u00e4tti minut, Fa\u00dfmann sanoo.<\/p>\n<p class=\"aw-1gybjub aw-1p7kakr kEtdKx cEmitX yle__article__paragraph\">Samalla my\u00f6s tavallisiin yliopistojen ty\u00f6nhakuihin tulee yh\u00e4 enemm\u00e4n hakemuksia Atlantin takaa.<\/p>\n<p class=\"aw-1gybjub aw-1p7kakr kEtdKx cEmitX yle__article__paragraph\">\u2013 Kun aiemmin haimme tutkimushankkeeseen vet\u00e4j\u00e4\u00e4, saimme ehk\u00e4 10\u201315 prosenttia hakemuksista Yhdysvalloista. Nyt osuus on 40\u201345 prosenttia.<\/p>\n<p class=\"aw-1gybjub aw-1p7kakr kEtdKx cEmitX yle__article__paragraph\">Fa\u00dfmannin hallinnoiman APART-USA-<a class=\"aw-iao6s4 iHOxEa yle__article__link\" href=\"https:\/\/www.oeaw.ac.at\/news\/harvard-princeton-mit-25-spitzenforschende-wechseln-mit-oeaw-stipendien-von-den-usa-nach-oesterreich\" role=\"link\" rel=\"nofollow noopener\" target=\"_blank\">ohjelman<\/a> kautta tulevat tutkijat ovat It\u00e4vallassa v\u00e4hint\u00e4\u00e4n nelj\u00e4 vuotta.<\/p>\n<p class=\"aw-1gybjub aw-1p7kakr kEtdKx cEmitX yle__article__paragraph\">\u2013 Heist\u00e4 saattaa tulla professoreita sin\u00e4 aikana, tai he jatkavat tutkimusprojektejaan. He voivat my\u00f6s houkutella uutta rahoitusta It\u00e4valtaan.<\/p>\n<p class=\"aw-1gybjub aw-1p7kakr kEtdKx cEmitX yle__article__paragraph\">Tarkoitus on tutustuttaa tutkijat Eurooppaan, jotta he n\u00e4kev\u00e4t, ett\u00e4 t\u00e4m\u00e4 on \u201derinomainen tutkimusmanner, jossa on paljon mahdollisuuksia\u201d.<\/p>\n<p><img decoding=\"async\" alt=\"Sivuprofiilissa my\u00f6h\u00e4iskeski-ik\u00e4inen pukumies, taustalla n\u00e4kyy kolme ihmishahmoa ja kultaista sein\u00e4\u00e4.\" src=\"https:\/\/www.europesays.com\/fi\/wp-content\/uploads\/2026\/01\/39-15713976942ba79848c7.jpeg\" loading=\"lazy\" class=\"aw-1l9m598 hKVVvP\"\/><\/p>\n<p>Avaa kuvien katselu<\/p>\n<p>Tiedeakatemian p\u00e4\u00e4johtaja Heinz Fa\u00dfmann oli It\u00e4vallan sitoutumaton koulutusministeri kahteen otteeseen vuosina 2017\u20132021.  Kuva: Alamy\/All Over Press\u201dEuroopalla on nyt mahdollisuus\u201d<\/p>\n<p class=\"aw-1gybjub aw-1p7kakr kEtdKx cEmitX yle__article__paragraph\">It\u00e4valtalaiset tarttuivat heti toimeen, kun Trumpin tutkimuspolitiikka alkoi valjeta. Trumpin hallinto on leikannut kokonaisia tutkimusalueita ja asettanut tutkijoille aiempaa tiukempia viisumim\u00e4\u00e4r\u00e4yksi\u00e4.<\/p>\n<p class=\"aw-1gybjub aw-1p7kakr kEtdKx cEmitX yle__article__paragraph\">Fa\u00dfmannin mukaan It\u00e4vallan rahoitusohjelma on yksi Euroopan suurimmista. Etenkin amerikkalaiset l\u00e4\u00e4ketieteen, teknisen alan, luonnonvarojen ja biotieteiden tutkijat ovat olleet kiinnostuneita.<\/p>\n<p class=\"aw-1gybjub aw-1p7kakr kEtdKx cEmitX yle__article__paragraph\">Pelk\u00e4st\u00e4\u00e4n Wienin yliopiston l\u00e4\u00e4ketieteellinen tiedekunta on saanut t\u00e4h\u00e4n menness\u00e4 20 hakemusta Yhdysvalloista.<\/p>\n<p class=\"aw-1gybjub aw-1p7kakr kEtdKx cEmitX yle__article__paragraph\">Fa\u00dfmannin mielest\u00e4 Euroopalla on nyt paikka k\u00e4\u00e4nt\u00e4\u00e4 historiassa tapahtunut tutkijoiden muuttoliike \u2013 aivopako \u2013 toiseen suuntaan.<\/p>\n<p class=\"aw-1gybjub aw-1p7kakr kEtdKx cEmitX yle__article__paragraph\">\u2013 Toisen maailmansodan j\u00e4lkeen muuttoliike on ollut ep\u00e4symmetrinen. Se tarkoittaa, ett\u00e4 lahjakkuutemme l\u00e4htiv\u00e4t Euroopasta Yhdysvaltoihin ja antoivat panoksensa siell\u00e4 talouteen ja tieteeseen. Nyt voimme tuoda ainakin osan takaisin ja jopa k\u00e4\u00e4nt\u00e4\u00e4 muuttoliikkeen suunnan.<\/p>\n<p><img decoding=\"async\" alt=\"Kolme hymyilev\u00e4\u00e4 ihmist\u00e4 mielenosoituskyltteineen modernien rakennusten edess\u00e4 auringonpaisteessa.\" src=\"https:\/\/www.europesays.com\/fi\/wp-content\/uploads\/2026\/01\/39-157113069427aaae6ca9.jpeg\" loading=\"lazy\" class=\"aw-1l9m598 hKVVvP\"\/><\/p>\n<p>Avaa kuvien katselu<\/p>\n<p>Tuhannet tutkijat, tieteilij\u00e4t ja akateemiset ty\u00f6ntekij\u00e4t osoittivat mielt\u00e4\u00e4n Pariisissa viime maaliskuussa ilmaistakseen pettymyksens\u00e4 Trumpin k\u00e4ynnist\u00e4miin laajoihin hy\u00f6kk\u00e4yksiin tiedett\u00e4 ja tutkijoita vastaan.  Kuva: Alamy\/All Over PressKiinnostus Suomeenkin kasvanut<\/p>\n<p class=\"aw-1gybjub aw-1p7kakr kEtdKx cEmitX yle__article__paragraph\">My\u00f6s Euroopan unioni sai viime vuonna enn\u00e4tysm\u00e4\u00e4r\u00e4n hakemuksia tutkimus- ja innovaatioapurahoihinsa. Joidenkin apurahojen hakemukset Yhdysvalloista kolminkertaistuivat edellisvuoteen verrattuna.<\/p>\n<p class=\"aw-1gybjub aw-1p7kakr kEtdKx cEmitX yle__article__paragraph\">EU k\u00e4ynnisti viime kev\u00e4\u00e4n\u00e4 500 miljoonan euron Choose Europe -ohjelman vikittelem\u00e4\u00e4n juuri Yhdysvalloista tutkijoita.<\/p>\n<p class=\"aw-1gybjub aw-1p7kakr kEtdKx cEmitX yle__article__paragraph\">My\u00f6s Suomen Akatemialla on oma 50 miljoonan euron <a class=\"aw-iao6s4 iHOxEa yle__article__link\" href=\"https:\/\/yle.fi\/a\/74-20159059\" role=\"link\" rel=\"nofollow noopener\" target=\"_blank\">hankkeensa<\/a>. Hakemukset Yhdysvalloista ovat lis\u00e4\u00e4ntyneet Suomen eri yliopistoissa.<\/p>\n<p><img decoding=\"async\" alt=\"Wien keskusta, joulutori, jossa on ihmisi\u00e4.\" src=\"https:\/\/www.europesays.com\/fi\/wp-content\/uploads\/2026\/01\/39-15676546939845e20dbe.jpeg\" loading=\"lazy\" class=\"aw-1l9m598 hKVVvP\"\/><\/p>\n<p>Avaa kuvien katselu<\/p>\n<p>Eurooppa vet\u00e4\u00e4 yhdysvaltalaisia turisteja, ja nyt manner houkuttelee my\u00f6s tutkijoita. Juuri p\u00e4\u00e4ttynyt joulutoriaika on yksi Wienin matkailun sesongeista.  Kuva: El Bouari Mohamed Sharif  \/ YlePalkka pienenee, mutta turvallisuus paranee<\/p>\n<p class=\"aw-1gybjub aw-1p7kakr kEtdKx cEmitX yle__article__paragraph\">Ranskaan <a class=\"aw-iao6s4 iHOxEa yle__article__link\" href=\"https:\/\/www.connaissancedesenergies.org\/afp\/trump-et-la-science-une-trentaine-de-chercheurs-quittent-les-etats-unis-pour-la-france-251204\" role=\"link\" rel=\"nofollow noopener\" target=\"_blank\">on muuttanut<\/a> t\u00e4h\u00e4n menness\u00e4 30 tutkijaa Trumpin toisen kauden aikana Safe place for science &#8211; eli Tieteen turvapaikka -ohjelman puitteissa.<\/p>\n<p class=\"aw-1gybjub aw-1p7kakr kEtdKx cEmitX yle__article__paragraph\">Minnesotasta Aix-en-Provenceen asettunut politiikan tutkimuksen professori <strong class=\"aw-ak79eh KyCXm yle__article__strong\">Lisa Hilbink<\/strong> kuvaili vastik\u00e4\u00e4n <a class=\"aw-iao6s4 iHOxEa yle__article__link\" href=\"https:\/\/www.radiofrance.fr\/franceinter\/podcasts\/interception\/interception-du-dimanche-14-decembre-2025-4959825\" role=\"link\" rel=\"nofollow noopener\" target=\"_blank\">Ranskan yleisradioyhti\u00f6lle<\/a> Yhdysvaltojen tutkimustilanteen olevan kuin autorit\u00e4\u00e4risiss\u00e4 valtioissa.<\/p>\n<p class=\"aw-1gybjub aw-1p7kakr kEtdKx cEmitX yle__article__paragraph\">Hilbink on itse erikoistunut oikeusvaltion ja tuomarien roolin tutkimiseen demokratiassa, ja h\u00e4nen miehens\u00e4 on ilmastotutkija \u2013 kumpikin aiheita, joiden tutkimusta Trump pyrkii v\u00e4hent\u00e4m\u00e4\u00e4n.<\/p>\n<p class=\"aw-1gybjub aw-1p7kakr kEtdKx cEmitX yle__article__paragraph\">\u2013 Minnesotan yliopisto oli yksi Trumpin ensimm\u00e4isi\u00e4 kohteita heti helmikuussa. Joitakin ulkomaalaisia opiskelijoita pid\u00e4tettiin. Meit\u00e4 kohdeltiin kuin vihollista, Hilbink kertoo haastattelussa.<\/p>\n<p class=\"aw-1gybjub aw-1p7kakr kEtdKx cEmitX yle__article__paragraph\">Hilbinkin mukaan demokratian tutkijoita rajoitetaan nyt tiukasti Yhdysvalloissa.<\/p>\n<p class=\"aw-1gybjub aw-1p7kakr kEtdKx cEmitX yle__article__paragraph\">Ylen ja ranskalaismedioiden haastattelemat tutkijat kertovat, ett\u00e4 vaikka heid\u00e4n palkkansa pienenev\u00e4t Euroopassa, he kokevat olevansa etuoikeutettuja.<\/p>\n<p class=\"aw-1gybjub aw-1p7kakr kEtdKx cEmitX yle__article__paragraph\">\u2013 Tunnen jopa syyllisyytt\u00e4 siit\u00e4, ett\u00e4 juuri min\u00e4 p\u00e4\u00e4sin l\u00e4htem\u00e4\u00e4n, Hilbink sanoo.<\/p>\n<p class=\"aw-1gybjub aw-1p7kakr kEtdKx cEmitX yle__article__paragraph\">Hilbinkin valtti kolmivuotisen sopimuksen saamisessa oli, ett\u00e4 h\u00e4n puhuu sujuvaa ranskaa.<\/p>\n","protected":false},"excerpt":{"rendered":"WIEN Ulkomaalaisten opiskelijoiden pid\u00e4tyksi\u00e4, tutkimusohjelmien lopettamisia, virkanimitysten j\u00e4\u00e4dytyksi\u00e4. N\u00e4in alkoi presidentti Donald Trumpin valtakausi yhdysvaltalaisissa yliopistoissa ja korkeakouluissa.&hellip;\n","protected":false},"author":2,"featured_media":133792,"comment_status":"","ping_status":"","sticky":false,"template":"","format":"standard","meta":{"footnotes":""},"categories":[5],"tags":[22,23,26,27,33,31,30,17,24,25,28,29,15,18,21,637,6811,32,78,3388,119,19,20,472,56,16,619],"class_list":{"0":"post-133791","1":"post","2":"type-post","3":"status-publish","4":"format-standard","5":"has-post-thumbnail","7":"category-otsikot","8":"tag-breaking-news","9":"tag-breakingnews","10":"tag-featured-news","11":"tag-featurednews","12":"tag-fi","13":"tag-finland","14":"tag-finnish","15":"tag-headlines","16":"tag-latest-news","17":"tag-latestnews","18":"tag-main-news","19":"tag-mainnews","20":"tag-news","21":"tag-otsikot","22":"tag-paauutiset","23":"tag-politiikka","24":"tag-presidentti-trumpin-hallinto","25":"tag-suomi","26":"tag-talous","27":"tag-tekninen-kehitys","28":"tag-tiede","29":"tag-top-stories","30":"tag-topstories","31":"tag-tutkimus","32":"tag-ulkomaat","33":"tag-uutiset","34":"tag-yhdysvallat"},"share_on_mastodon":{"url":"https:\/\/pubeurope.com\/@fi\/115840906922948437","error":""},"_links":{"self":[{"href":"https:\/\/www.europesays.com\/fi\/wp-json\/wp\/v2\/posts\/133791","targetHints":{"allow":["GET"]}}],"collection":[{"href":"https:\/\/www.europesays.com\/fi\/wp-json\/wp\/v2\/posts"}],"about":[{"href":"https:\/\/www.europesays.com\/fi\/wp-json\/wp\/v2\/types\/post"}],"author":[{"embeddable":true,"href":"https:\/\/www.europesays.com\/fi\/wp-json\/wp\/v2\/users\/2"}],"replies":[{"embeddable":true,"href":"https:\/\/www.europesays.com\/fi\/wp-json\/wp\/v2\/comments?post=133791"}],"version-history":[{"count":0,"href":"https:\/\/www.europesays.com\/fi\/wp-json\/wp\/v2\/posts\/133791\/revisions"}],"wp:featuredmedia":[{"embeddable":true,"href":"https:\/\/www.europesays.com\/fi\/wp-json\/wp\/v2\/media\/133792"}],"wp:attachment":[{"href":"https:\/\/www.europesays.com\/fi\/wp-json\/wp\/v2\/media?parent=133791"}],"wp:term":[{"taxonomy":"category","embeddable":true,"href":"https:\/\/www.europesays.com\/fi\/wp-json\/wp\/v2\/categories?post=133791"},{"taxonomy":"post_tag","embeddable":true,"href":"https:\/\/www.europesays.com\/fi\/wp-json\/wp\/v2\/tags?post=133791"}],"curies":[{"name":"wp","href":"https:\/\/api.w.org\/{rel}","templated":true}]}}