{"id":133807,"date":"2026-01-05T06:22:08","date_gmt":"2026-01-05T06:22:08","guid":{"rendered":"https:\/\/www.europesays.com\/fi\/133807\/"},"modified":"2026-01-05T06:22:08","modified_gmt":"2026-01-05T06:22:08","slug":"tangokuningas-amadeus-lundberg-paljastaa-rahasijoituksensa-ja-perhe-elamansa-lahdessa","status":"publish","type":"post","link":"https:\/\/www.europesays.com\/fi\/133807\/","title":{"rendered":"Tangokuningas Amadeus Lundberg paljastaa rahasijoituksensa ja perhe-el\u00e4m\u00e4ns\u00e4 Lahdessa"},"content":{"rendered":"<p>            Matti Matikainen\n        <\/p>\n<p class=\"subtitle \">Tangokuningas sai el\u00e4m\u00e4ns\u00e4 tasapainoon ja el\u00e4\u00e4 onnellista vauvaperheen arkea uudessa, komeassa omakotitalossa Lahdessa.<\/p>\n<p class=\"article-content article-content-width !bg-background\">Vuoden 2009 tangokuningas  , 36, juo kolmatta kupillista kahvia uuden kotitalonsa modernissa keitti\u00f6ss\u00e4 Lahdessa. Amadeus on nukkunut pidemp\u00e4\u00e4n kuin olisi pit\u00e4nyt.<\/p>\n<p class=\"font-weight-bold m-font-weight-bold article-content article-content-width !bg-background\">Video: T\u00e4ss\u00e4 ovat Amadeuksen uudenvuodenlupaukset<\/p>\n<p class=\"article-content article-content-width !bg-background\">Kihlattu , 27, laittaa avoparin -vauvaa p\u00e4iv\u00e4unille. Lasitettu terassi on oiva paikka vaunu-unille. Vivian Maria Elisabeth syntyi elokuun lopussa 2024.<\/p>\n<p class=\"article-content article-content-width !bg-background\">Heidi ei halua esiinty\u00e4 julkisuudessa kasvoillaan, ja siksi h\u00e4n t\u00e4ss\u00e4kin jutussa pysyttelee taustalla.<\/p>\n<p>        <a itemprop=\"url\" href=\"https:\/\/www.seiska.fi\/kotimaa\/voi-sopoys-tangokuningas-amadeus-lundberg-ylistaa-kuvankaunista-rakastaan\/1699351\" rel=\"nofollow noopener\" target=\"_blank\"><\/p>\n<p>\nTangokuningas\n<\/p>\n<p class=\"section-date\">\n        <strong class=\"article-section\" data-section=\"kotimaa\"><br \/>\n            kotimaa<br \/>\n        <\/strong><br \/>\n        13.5.2025 14:29\n    <\/p>\n<p>Voi s\u00f6p\u00f6ys! Tangokuningas Amadeus Lundberg ylist\u00e4\u00e4 kuvankaunista rakastaan!\n    <\/p>\n<p itemprop=\"description\" class=\"subtitle \">\n    Amadeus Lundberg kirjoitti koskettavan \u00e4itienp\u00e4iv\u00e4tervehdyksen tytt\u00e4rens\u00e4 Heidi-\u00e4idille.\n<\/p>\n<p>        <\/a><\/p>\n<p>                <img decoding=\"async\" src=\"https:\/\/www.europesays.com\/fi\/wp-content\/uploads\/2026\/01\/1767594127_762_2020785.webp.jpeg\" width=\"576\" height=\"322\" title=\"Amadeuksen ja Heidin vauvaperheen kodin syd\u00e4n on tietysti keitti\u00f6. Moderni ja skandinaaviss\u00e4vytteinen keitti\u00f6 on remontoitu. \u2013 Heidi huolehtii kodista, min\u00e4 t\u00f6ist\u00e4, laulajat\u00e4hti hymyilee.\" alt=\"Amadeus Lundberg poseeraa Seiskalle kotonaan Nostavalla joulukuussa 2025.\" loading=\"lazy\" \/>            <\/p>\n<p>\n            Amadeuksen ja Heidin vauvaperheen kodin syd\u00e4n on tietysti keitti\u00f6. Moderni ja skandinaaviss\u00e4vytteinen keitti\u00f6 on remontoitu. \u2013 Heidi huolehtii kodista, min\u00e4 t\u00f6ist\u00e4, laulajat\u00e4hti hymyilee.<br \/>\n            Matti Matikainen\n        <\/p>\n<p>Onnea unelmatalossa<\/p>\n<p class=\"article-content article-content-width !bg-background\">Amadeus ja Heidi muuttivat vieh\u00e4tt\u00e4v\u00e4ll\u00e4 omakotitaloalueella sijaitsevaan tiilitaloon syyskuussa. Talokaupat tehtiin loppukes\u00e4st\u00e4, mutta pintaremonttiin kului muutama viikko.<\/p>\n<p class=\"article-content article-content-width !bg-background\">Aiemmin he asuivat vuokralla Tuusulassa.<\/p>\n<p>                <img decoding=\"async\" src=\"https:\/\/www.europesays.com\/fi\/wp-content\/uploads\/2026\/01\/1767594128_546_2020791.webp.jpeg\" width=\"576\" height=\"274\" title=\"\u2013 O sole mio, tangokuningas kajauttaa kotitalonsa olohuoneessa, mutta varoo her\u00e4tt\u00e4m\u00e4st\u00e4 lasiterassilla vaunuissa uinuvaa Vivian-vauvaa.\" alt=\"Amadeus Lundberg poseeraa Seiskalle kotonaan Nostavalla joulukuussa 2025.\" loading=\"lazy\" \/>            <\/p>\n<p>\n            \u2013 O sole mio, tangokuningas kajauttaa kotitalonsa olohuoneessa, mutta varoo her\u00e4tt\u00e4m\u00e4st\u00e4 lasiterassilla vaunuissa uinuvaa Vivian-vauvaa.<br \/>\n            Matti Matikainen\n        <\/p>\n<p class=\"article-content article-content-width !bg-background\">\u2013 Ensin haarukoimme J\u00e4rvenp\u00e4\u00e4t\u00e4 ja sit\u00e4 seutua, kunnes tajusimme, ett\u00e4 t\u00e4\u00e4ll\u00e4 Lahden alueella hinnat ovat kymmeni\u00e4tuhansia euroja halvempia. Ja koska Heidi on Lahdesta kotoisin ja h\u00e4nen sukunsa asuu yh\u00e4 t\u00e4\u00e4ll\u00e4, saamme esimerkiksi isovanhemmista lastenhoidossa apua, Amadeus kertoo.<\/p>\n<p class=\"article-content article-content-width !bg-background\">Lahden keskustaan on vain 10 minuutin matka. Laulajat\u00e4hti p\u00e4\u00e4see ymp\u00e4ri Suomea vieville keikoillekin P\u00e4ij\u00e4t-H\u00e4meest\u00e4 k\u00e4tev\u00e4mmin kuin etel\u00e4mp\u00e4\u00e4.<\/p>\n<p class=\"article-content article-content-width !bg-background\">Perhe k\u00e4vi katsomassa kalliimpaa taloa ja j\u00e4tti siit\u00e4 tarjouksenkin, jota ei hyv\u00e4ksytty. Kaupat j\u00e4iv\u00e4t viidest\u00e4tonnista kiinni.<\/p>\n<p class=\"article-content article-content-width !bg-background\">\u2013 Sitten palattiin t\u00e4h\u00e4n taloon, tehtiin tingitty tarjous ja kaupat sinet\u00f6itiin hein\u00e4kuussa. Todella hyv\u00e4 diili!<\/p>\n<p class=\"article-content article-content-width !bg-background\">\u2013 Meill\u00e4 k\u00e4vi talon kanssa loistava tuuri. T\u00e4m\u00e4 on koti, jossa voimme asua ainakin 20 vuotta, kunnes lapset ovat aikuisia, Amadeus ja Heidi vannovat.<\/p>\n<p>        <a itemprop=\"url\" href=\"https:\/\/www.seiska.fi\/kotimaa\/amadeus-lundberg-yllatti-kihlasi-kultansa-kirkkokonsertissa\/1201910\" rel=\"nofollow noopener\" target=\"_blank\"><\/p>\n<p class=\"section-date\">\n        <strong class=\"article-section\" data-section=\"kotimaa\"><br \/>\n            kotimaa<br \/>\n        <\/strong><br \/>\n        26.11.2023 09:45\n    <\/p>\n<p>Amadeus Lundberg yll\u00e4tti: kihlasi kultansa kirkkokonsertissa\n    <\/p>\n<p itemprop=\"description\" class=\"subtitle \">\n    Tangokuningas kosi Heidi-rakastaan yll\u00e4tt\u00e4en kirkkokonserttinsa p\u00e4\u00e4tteeksi Loviisassa.\n<\/p>\n<p>        <\/a><\/p>\n<p>                <img decoding=\"async\" src=\"https:\/\/www.europesays.com\/fi\/wp-content\/uploads\/2026\/01\/1767594128_668_2020783.webp.jpeg\" width=\"576\" height=\"322\" title=\"Tilavalla pihalla on my\u00f6s vieh\u00e4tt\u00e4v\u00e4 ulkosauna, minne Amedeus kantaa puita.\" alt=\"Amadeus Lundberg poseeraa Seiskalle kotonaan Nostavalla joulukuussa 2025.\" loading=\"lazy\" \/>            <\/p>\n<p>\n            Tilavalla pihalla on my\u00f6s vieh\u00e4tt\u00e4v\u00e4 ulkosauna, minne Amedeus kantaa puita.<br \/>\n            Matti Matikainen\n        <\/p>\n<p>\u201dT\u00e4ht\u00e4\u00e4n miljon\u00e4\u00e4riksi\u201d<\/p>\n<p class=\"article-content article-content-width !bg-background\">Amadeus sanoo tehneens\u00e4 hyvi\u00e4 sijoituksia, \u201dfiksusti ja viisaasti\u201d.<\/p>\n<p class=\"article-content article-content-width !bg-background\">\u2013 Tavoite on, ett\u00e4 minusta tulee miljon\u00e4\u00e4ri. Eik\u00e4 siihen v\u00e4ltt\u00e4m\u00e4tt\u00e4 mene niin pitk\u00e4\u00e4n, laulaja paaluttaa.<\/p>\n<p class=\"article-content article-content-width !bg-background\">\u2013 Rahalla ei sin\u00e4ll\u00e4\u00e4n ole v\u00e4li\u00e4, mutta toki se motivoi. Laulajan ura ei ole helppo ty\u00f6, ja voisi varmaan helpommallakin tehd\u00e4 tili\u00e4 kuin laulamalla. Mutta se on minun valintani.<\/p>\n<p class=\"article-content article-content-width !bg-background\">Ensi vuonna Amadeus laskee, ett\u00e4 h\u00e4nell\u00e4 on 80 esiintymist\u00e4 Suomessa. Luvassa on muun muassa Ciao Ciao Bambino -kiertue kev\u00e4\u00e4ll\u00e4, omia kirkkokonsertteja sek\u00e4 maaliskuussa Hopeinen kuu -soolokiertue, jonka Amadeus tuottaa itse.<\/p>\n<p class=\"article-content article-content-width !bg-background\">\u2013 Ainahan n\u00e4iss\u00e4 on isot riskit. T\u00e4tini   tuotti omat kiertueensa itse, ja olen ottanut oppia h\u00e4nelt\u00e4. Vaikka lippuja myyd\u00e4\u00e4n nyky\u00e4\u00e4n tosi viime tingassa, teen ja yrit\u00e4n kaikkeni. En aio luovuttaa. Haen nyt sit\u00e4 optimaalisinta tapaa keikkailla ja tehd\u00e4 musiikkia. Ensi vuonna on avautumassa my\u00f6s ihan uusia esiintymismahdollisuuksia merkitt\u00e4vien toimijoiden kanssa.<\/p>\n<p class=\"article-content article-content-width !bg-background\">Amadeus vihjaa, ett\u00e4 h\u00e4n aikoo konsertoida laajemmin my\u00f6s Ruotsissa. Siell\u00e4 kiinnostus on ollut kasvavaa ja tangokuningas kokee, ett\u00e4 l\u00e4nsinaapurin isommilla markkinoilla voisi olla kysynt\u00e4\u00e4.<\/p>\n<p>        <a itemprop=\"url\" href=\"https:\/\/www.seiska.fi\/kotimaa\/mystinen-sairaus-amadeus-lundbergin-kiertue-peruttiin-viime-tingassa\/184750\" rel=\"nofollow noopener\" target=\"_blank\"><\/p>\n<p class=\"section-date\">\n        <strong class=\"article-section\" data-section=\"kotimaa\"><br \/>\n            kotimaa<br \/>\n        <\/strong><br \/>\n        1.12.2022 13:00\n    <\/p>\n<p>Mystinen sairaus! Amadeus Lundbergin kiertue peruttiin viime tingassa\n    <\/p>\n<p>        <\/a><\/p>\n<p>                <img decoding=\"async\" src=\"https:\/\/www.europesays.com\/fi\/wp-content\/uploads\/2026\/01\/2020797.webp.jpeg\" width=\"576\" height=\"322\" title=\"Amadeus tykk\u00e4\u00e4 opiskella. \u2013 K\u00e4yt\u00e4n paljon teko\u00e4ly\u00e4 ja luen eri aihepiireist\u00e4. Olen my\u00f6s innostunut sijoittamisesta, h\u00e4n kertoo ruokap\u00f6yd\u00e4ss\u00e4 tietokonetta naputellessaan.\" alt=\"Amadeus Lundberg poseeraa Seiskalle kotonaan Nostavalla joulukuussa 2025.\" loading=\"lazy\" \/>            <\/p>\n<p>\n            Amadeus tykk\u00e4\u00e4 opiskella. \u2013 K\u00e4yt\u00e4n paljon teko\u00e4ly\u00e4 ja luen eri aihepiireist\u00e4. Olen my\u00f6s innostunut sijoittamisesta, h\u00e4n kertoo ruokap\u00f6yd\u00e4ss\u00e4 tietokonetta naputellessaan.<br \/>\n            Matti Matikainen\n        <\/p>\n<p>\u201dTaivaan is\u00e4 on managerini\u201d<\/p>\n<p class=\"article-content article-content-width !bg-background\">Amadeus on omien sanojensa mukaan terve ja nuori. Savuton ja raitis. Tupakka j\u00e4i kokonaan kaksi vuotta sitten.<\/p>\n<p class=\"article-content article-content-width !bg-background\">\u2013\u00a0En ole alkoholia p\u00e4\u00e4s\u00e4\u00e4nt\u00f6isesti juonut useampaan vuoteen. Olen t\u00e4llainen joko tai -juoja: minun on j\u00e4tett\u00e4v\u00e4 kalja kokonaan tai sitten tissuttelen alvariinsa.<\/p>\n<p class=\"article-content article-content-width !bg-background\">Heidi ny\u00f6kk\u00e4\u00e4 ja sanoo my\u00f6s noudattavansa terveellisi\u00e4 elintapoja. Alkoholi ei ole mitenk\u00e4\u00e4n iso osa el\u00e4m\u00e4\u00e4.<\/p>\n<p>        <a itemprop=\"url\" href=\"https:\/\/www.seiska.fi\/kotimaa\/tangokuningas-amadeus-lundberg-valmiina-rakkauteen-valilla-on-pienta-sapinaa\/191849\" rel=\"nofollow noopener\" target=\"_blank\"><\/p>\n<p class=\"section-date\">\n        <strong class=\"article-section\" data-section=\"kotimaa\"><br \/>\n            kotimaa<br \/>\n        <\/strong><br \/>\n        6.11.2022 12:00\n    <\/p>\n<p>Tangokuningas Amadeus Lundberg valmiina rakkauteen: \u201dV\u00e4lill\u00e4 on pient\u00e4 s\u00e4pin\u00e4\u00e4\u201d\n    <\/p>\n<p>        <\/a><\/p>\n<p class=\"article-content article-content-width !bg-background\">Tangokuningas on uskovainen.<\/p>\n<p class=\"article-content article-content-width !bg-background\">\u2013 Taivaan is\u00e4 on minun managerini ja terapeuttini. Minulla on suora suhde yl\u00e4kertaan. Usko jumalaan on s\u00e4ilynyt ja vaikka kuinka huonosti on joku asia mennyt, en ole suuttunut, Amadeus kuvailee.<\/p>\n<p class=\"article-content article-content-width !bg-background\">\u2013 Olen aina ajatellut, ett\u00e4 kaikella on tarkoituksensa, joka johtaa johonkin. Nyt se on vienyt t\u00e4h\u00e4n hetkeen: tuleva vaimo on t\u00e4ss\u00e4 vieress\u00e4ni, perheeni saa el\u00e4\u00e4 uudessa kodissa. Olen onnellinen. Panostan kaiken perheeni hyvinvointiin, ja keikkoja en tee liian v\u00e4h\u00e4n enk\u00e4 liian paljon. Sit\u00e4 kutsutaan onneksi.<\/p>\n","protected":false},"excerpt":{"rendered":"Matti Matikainen Tangokuningas sai el\u00e4m\u00e4ns\u00e4 tasapainoon ja el\u00e4\u00e4 onnellista vauvaperheen arkea uudessa, komeassa omakotitalossa Lahdessa. Vuoden 2009 tangokuningas&hellip;\n","protected":false},"author":2,"featured_media":133808,"comment_status":"","ping_status":"","sticky":false,"template":"","format":"standard","meta":{"footnotes":""},"categories":[136],"tags":[22399,407,137,33,31,30,408,47,1240,32,21830,3111,109],"class_list":{"0":"post-133807","1":"post","2":"type-post","3":"status-publish","4":"format-standard","5":"has-post-thumbnail","7":"category-julkkikset","8":"tag-amadeus-lundberg","9":"tag-celebrities","10":"tag-entertainment","11":"tag-fi","12":"tag-finland","13":"tag-finnish","14":"tag-julkkikset","15":"tag-musiikki","16":"tag-raha","17":"tag-suomi","18":"tag-talokaupat","19":"tag-tangokuningas","20":"tag-viihde"},"share_on_mastodon":{"url":"https:\/\/pubeurope.com\/@fi\/115841056314962477","error":""},"_links":{"self":[{"href":"https:\/\/www.europesays.com\/fi\/wp-json\/wp\/v2\/posts\/133807","targetHints":{"allow":["GET"]}}],"collection":[{"href":"https:\/\/www.europesays.com\/fi\/wp-json\/wp\/v2\/posts"}],"about":[{"href":"https:\/\/www.europesays.com\/fi\/wp-json\/wp\/v2\/types\/post"}],"author":[{"embeddable":true,"href":"https:\/\/www.europesays.com\/fi\/wp-json\/wp\/v2\/users\/2"}],"replies":[{"embeddable":true,"href":"https:\/\/www.europesays.com\/fi\/wp-json\/wp\/v2\/comments?post=133807"}],"version-history":[{"count":0,"href":"https:\/\/www.europesays.com\/fi\/wp-json\/wp\/v2\/posts\/133807\/revisions"}],"wp:featuredmedia":[{"embeddable":true,"href":"https:\/\/www.europesays.com\/fi\/wp-json\/wp\/v2\/media\/133808"}],"wp:attachment":[{"href":"https:\/\/www.europesays.com\/fi\/wp-json\/wp\/v2\/media?parent=133807"}],"wp:term":[{"taxonomy":"category","embeddable":true,"href":"https:\/\/www.europesays.com\/fi\/wp-json\/wp\/v2\/categories?post=133807"},{"taxonomy":"post_tag","embeddable":true,"href":"https:\/\/www.europesays.com\/fi\/wp-json\/wp\/v2\/tags?post=133807"}],"curies":[{"name":"wp","href":"https:\/\/api.w.org\/{rel}","templated":true}]}}