{"id":133817,"date":"2026-01-05T06:34:09","date_gmt":"2026-01-05T06:34:09","guid":{"rendered":"https:\/\/www.europesays.com\/fi\/133817\/"},"modified":"2026-01-05T06:34:09","modified_gmt":"2026-01-05T06:34:09","slug":"trump-varoittaa-yhdysvaltojen-iskevan-iraniin-jos-maassa-kuolee-lisaa-mielenosoittajia-uutisia-lyhyesti","status":"publish","type":"post","link":"https:\/\/www.europesays.com\/fi\/133817\/","title":{"rendered":"Trump varoittaa Yhdysvaltojen iskev\u00e4n Iraniin, jos maassa kuolee lis\u00e4\u00e4 mielen\u00adosoittajia | Uutisia lyhyesti"},"content":{"rendered":"<p class=\"aw-1gybjub aw-5vja16 kEtdKx kmuxyA yle__article__paragraph\">Mielen\u00adosoitukset saivat Iranissa alkunsa runsas viikko sitten.<\/p>\n<p><img decoding=\"async\" alt=\"Naamioitunut mielenosoittaja on v\u00e4kijoukossa k\u00e4si ja vartalo heittoasennossa. Kuvassa ei n\u00e4y mit\u00e4 h\u00e4n heitt\u00e4\u00e4.\" src=\"https:\/\/www.europesays.com\/fi\/wp-content\/uploads\/2026\/01\/39-1577009695b4f7e02469.jpeg\" class=\"aw-1l9m598 hKVVvP\"\/><\/p>\n<p>Avaa kuvien katselu<\/p>\n<p>Tuntemattoman kuvaajan sosiaalisessa mediassa julkaisema kuvakaappaus mielenosoituksista Fasan kaupungissa Etel\u00e4-Iranissa. Virallisten tietojen mukaan ainakin 12 ihmist\u00e4 on kuollut mielenosoituksiin liittyviss\u00e4 yhteenotoissa. Kuva: UGC \/ AFP<\/p>\n<p class=\"aw-1gybjub aw-1p7kakr kEtdKx cEmitX yle__article__paragraph\">Yhdysvaltain presidentti <strong class=\"aw-ak79eh KyCXm yle__article__strong\">Donald Trump<\/strong> varoittaa, ett\u00e4 Yhdysvallat iskee voimalla Iraniin, jos maassa kuolee lis\u00e4\u00e4 mielenosoittajia.<\/p>\n<p class=\"aw-1gybjub aw-1p7kakr kEtdKx cEmitX yle__article__paragraph\">\u2013 Seuraamme tilannetta eritt\u00e4in tarkasti. Jos he alkavat tappaa ihmisi\u00e4 kuten aiemmin, uskon Yhdysvaltojen iskev\u00e4n heit\u00e4 vastaan voimalla, Trump sanoi toimittajille paikallista aikaa sunnuntaina.<\/p>\n<p class=\"aw-1gybjub aw-1p7kakr kEtdKx cEmitX yle__article__paragraph\">Viime viikolla Trump sanoi <a class=\"aw-iao6s4 iHOxEa yle__article__link\" href=\"https:\/\/truthsocial.com\/@realDonaldTrump\/posts\/115824439366264186\" role=\"link\" rel=\"nofollow noopener\" target=\"_blank\">Truth Social -p\u00e4ivityksess\u00e4\u00e4n<\/a> Yhdysvaltojen tulevan apuun, jos Iranissa mielt\u00e4\u00e4n rauhanomaisesti osoittavia ihmisi\u00e4 surmataan v\u00e4kivaltaisesti. Euroopan unioni on pyyt\u00e4nyt Iranin viranomaisia turvaamaan mielenosoittajien ilmaisun- ja kokoontumisvapauden.<\/p>\n<p class=\"aw-1gybjub aw-1p7kakr kEtdKx cEmitX yle__article__paragraph\">Mielenosoitukset saivat Iranissa alkunsa runsas viikko sitten, kun kauppiaat ryhtyiv\u00e4t lakkoon heikon talouskehityksen ja nousevien elinkustannusten vuoksi. Sittemmin mielenosoitukset ovat laajenneet sek\u00e4 kooltaan ett\u00e4 vaatimuksiltaan. Virallisten tietojen mukaan ainakin 12 ihmist\u00e4 on kuollut mielenosoituksiin liittyviss\u00e4 yhteenotoissa.<\/p>\n","protected":false},"excerpt":{"rendered":"Mielen\u00adosoitukset saivat Iranissa alkunsa runsas viikko sitten. Avaa kuvien katselu Tuntemattoman kuvaajan sosiaalisessa mediassa julkaisema kuvakaappaus mielenosoituksista Fasan&hellip;\n","protected":false},"author":2,"featured_media":133818,"comment_status":"","ping_status":"","sticky":false,"template":"","format":"standard","meta":{"footnotes":""},"categories":[14],"tags":[22,23,26,27,33,31,30,17,4258,24,25,28,29,15,18,21,32,19,20,56,16,59,60,61],"class_list":{"0":"post-133817","1":"post","2":"type-post","3":"status-publish","4":"format-standard","5":"has-post-thumbnail","7":"category-ulkomaat","8":"tag-breaking-news","9":"tag-breakingnews","10":"tag-featured-news","11":"tag-featurednews","12":"tag-fi","13":"tag-finland","14":"tag-finnish","15":"tag-headlines","16":"tag-konfliktit","17":"tag-latest-news","18":"tag-latestnews","19":"tag-main-news","20":"tag-mainnews","21":"tag-news","22":"tag-otsikot","23":"tag-paauutiset","24":"tag-suomi","25":"tag-top-stories","26":"tag-topstories","27":"tag-ulkomaat","28":"tag-uutiset","29":"tag-world","30":"tag-world-news","31":"tag-worldnews"},"share_on_mastodon":{"url":"https:\/\/pubeurope.com\/@fi\/115841103538886600","error":""},"_links":{"self":[{"href":"https:\/\/www.europesays.com\/fi\/wp-json\/wp\/v2\/posts\/133817","targetHints":{"allow":["GET"]}}],"collection":[{"href":"https:\/\/www.europesays.com\/fi\/wp-json\/wp\/v2\/posts"}],"about":[{"href":"https:\/\/www.europesays.com\/fi\/wp-json\/wp\/v2\/types\/post"}],"author":[{"embeddable":true,"href":"https:\/\/www.europesays.com\/fi\/wp-json\/wp\/v2\/users\/2"}],"replies":[{"embeddable":true,"href":"https:\/\/www.europesays.com\/fi\/wp-json\/wp\/v2\/comments?post=133817"}],"version-history":[{"count":0,"href":"https:\/\/www.europesays.com\/fi\/wp-json\/wp\/v2\/posts\/133817\/revisions"}],"wp:featuredmedia":[{"embeddable":true,"href":"https:\/\/www.europesays.com\/fi\/wp-json\/wp\/v2\/media\/133818"}],"wp:attachment":[{"href":"https:\/\/www.europesays.com\/fi\/wp-json\/wp\/v2\/media?parent=133817"}],"wp:term":[{"taxonomy":"category","embeddable":true,"href":"https:\/\/www.europesays.com\/fi\/wp-json\/wp\/v2\/categories?post=133817"},{"taxonomy":"post_tag","embeddable":true,"href":"https:\/\/www.europesays.com\/fi\/wp-json\/wp\/v2\/tags?post=133817"}],"curies":[{"name":"wp","href":"https:\/\/api.w.org\/{rel}","templated":true}]}}