{"id":133823,"date":"2026-01-05T06:37:07","date_gmt":"2026-01-05T06:37:07","guid":{"rendered":"https:\/\/www.europesays.com\/fi\/133823\/"},"modified":"2026-01-05T06:37:07","modified_gmt":"2026-01-05T06:37:07","slug":"kaakkois-suomessa-on-ammuttu-kuusi-sutta-nelja-lupaa-jaljella-kymenlaakso","status":"publish","type":"post","link":"https:\/\/www.europesays.com\/fi\/133823\/","title":{"rendered":"Kaakkois-Suomessa on ammuttu kuusi sutta, nelj\u00e4 lupaa j\u00e4ljell\u00e4 | Kymenlaakso"},"content":{"rendered":"<p class=\"aw-1gybjub aw-5vja16 kEtdKx kmuxyA yle__article__paragraph\">Susia on kaadettu Lappeenrannan alueella kolme, Miehikk\u00e4l\u00e4ss\u00e4 kaksi ja Luum\u00e4ell\u00e4 yksi.<\/p>\n<p><img decoding=\"async\" alt=\"En varg tittar in mot kameran. Den sitter i ett sn\u00f6igt skogsomr\u00e5de. Det sn\u00f6ar.\" src=\"https:\/\/www.europesays.com\/fi\/wp-content\/uploads\/2026\/01\/39-1576922695a2d00840cc.jpeg\" class=\"aw-1l9m598 hKVVvP\"\/><\/p>\n<p>Avaa kuvien katselu<\/p>\n<p>Suden mets\u00e4stys alkoi Suomessa vuoden 2026 alussa. Aiemmin susi oli rauhoitettu ymp\u00e4ri vuoden, ja koirasusia kaadettiin poikkeusluvin. Kuvituskuva. Kuva: Dylan Becksholt \/ AOP<\/p>\n<p class=\"aw-1gybjub aw-1p7kakr kEtdKx cEmitX yle__article__paragraph\">Kaakkois-Suomessa ammuttujen susien lukum\u00e4\u00e4r\u00e4 on noussut kuuteen.<\/p>\n<p class=\"aw-1gybjub aw-1p7kakr kEtdKx cEmitX yle__article__paragraph\">Susia on kaadettu Lappeenrannan alueella kolme, Miehikk\u00e4l\u00e4ss\u00e4 kaksi ja Luum\u00e4ell\u00e4 yksi.<\/p>\n<p class=\"aw-1gybjub aw-1p7kakr kEtdKx cEmitX yle__article__paragraph\">Suden mets\u00e4stys on ollut sallittua Suomessa 1. tammikuuta alkaen. Mets\u00e4stysaika p\u00e4\u00e4ttyy 10. helmikuuta.<\/p>\n<p class=\"aw-1gybjub aw-1p7kakr kEtdKx cEmitX yle__article__paragraph\">Luonnonvarakeskus tutkii Kaakkois-Suomessa kaadetut sudet. Tutkimuksilla koetetaan selvitt\u00e4\u00e4, onko kaadettu el\u00e4in koirasusi vai tavallinen susi. Tutkimustulosten on m\u00e4\u00e4r\u00e4 valmistua ennen helmikuun loppua.<\/p>\n<p class=\"aw-1gybjub aw-1p7kakr kEtdKx cEmitX yle__article__paragraph\">Koirasusi on luokiteltu haitalliseksi vieraslajiksi, joka pit\u00e4\u00e4 poistaa Suomen luonnosta.<\/p>\n<p class=\"aw-1gybjub aw-1p7kakr kEtdKx cEmitX yle__article__paragraph\">Kaakkois-Suomen alueella mets\u00e4styskiinti\u00f6 on 10, eli kaatolupia on nyt j\u00e4ljell\u00e4 nelj\u00e4. Alueelle my\u00f6nnetyt mets\u00e4stysluvat on suunnattu koirasusien mets\u00e4stykseen.<\/p>\n","protected":false},"excerpt":{"rendered":"Susia on kaadettu Lappeenrannan alueella kolme, Miehikk\u00e4l\u00e4ss\u00e4 kaksi ja Luum\u00e4ell\u00e4 yksi. Avaa kuvien katselu Suden mets\u00e4stys alkoi Suomessa&hellip;\n","protected":false},"author":2,"featured_media":133824,"comment_status":"","ping_status":"","sticky":false,"template":"","format":"standard","meta":{"footnotes":""},"categories":[117],"tags":[404,1302,33,31,30,11778,464,1446,1959,72,2525,479,3585,476,118,32,119,477],"class_list":{"0":"post-133823","1":"post","2":"type-post","3":"status-publish","4":"format-standard","5":"has-post-thumbnail","7":"category-luonto","8":"tag-elaimet","9":"tag-etela-karjala","10":"tag-fi","11":"tag-finland","12":"tag-finnish","13":"tag-koirasusi","14":"tag-kymenlaakso","15":"tag-lappeenranta","16":"tag-luonnonvarakeskus","17":"tag-luonto","18":"tag-luumaki","19":"tag-metsastys","20":"tag-miehikkala","21":"tag-nature","22":"tag-science","23":"tag-suomi","24":"tag-tiede","25":"tag-wildlife"},"share_on_mastodon":{"url":"https:\/\/pubeurope.com\/@fi\/115841115268245428","error":""},"_links":{"self":[{"href":"https:\/\/www.europesays.com\/fi\/wp-json\/wp\/v2\/posts\/133823","targetHints":{"allow":["GET"]}}],"collection":[{"href":"https:\/\/www.europesays.com\/fi\/wp-json\/wp\/v2\/posts"}],"about":[{"href":"https:\/\/www.europesays.com\/fi\/wp-json\/wp\/v2\/types\/post"}],"author":[{"embeddable":true,"href":"https:\/\/www.europesays.com\/fi\/wp-json\/wp\/v2\/users\/2"}],"replies":[{"embeddable":true,"href":"https:\/\/www.europesays.com\/fi\/wp-json\/wp\/v2\/comments?post=133823"}],"version-history":[{"count":0,"href":"https:\/\/www.europesays.com\/fi\/wp-json\/wp\/v2\/posts\/133823\/revisions"}],"wp:featuredmedia":[{"embeddable":true,"href":"https:\/\/www.europesays.com\/fi\/wp-json\/wp\/v2\/media\/133824"}],"wp:attachment":[{"href":"https:\/\/www.europesays.com\/fi\/wp-json\/wp\/v2\/media?parent=133823"}],"wp:term":[{"taxonomy":"category","embeddable":true,"href":"https:\/\/www.europesays.com\/fi\/wp-json\/wp\/v2\/categories?post=133823"},{"taxonomy":"post_tag","embeddable":true,"href":"https:\/\/www.europesays.com\/fi\/wp-json\/wp\/v2\/tags?post=133823"}],"curies":[{"name":"wp","href":"https:\/\/api.w.org\/{rel}","templated":true}]}}