{"id":133827,"date":"2026-01-05T06:51:07","date_gmt":"2026-01-05T06:51:07","guid":{"rendered":"https:\/\/www.europesays.com\/fi\/133827\/"},"modified":"2026-01-05T06:51:07","modified_gmt":"2026-01-05T06:51:07","slug":"armeija-kutsuu-kolme-salkkarit-tahtea-jattaa-sarjan","status":"publish","type":"post","link":"https:\/\/www.europesays.com\/fi\/133827\/","title":{"rendered":"Armeija kutsuu! Kolme Salkkarit-t\u00e4hte\u00e4 j\u00e4tt\u00e4\u00e4 sarjan"},"content":{"rendered":"<p><strong class=\"typography-bold\">N\u00e4yttelij\u00e4t Leevi Rapeli, Akseli Sarvilinna ja Elmeri Yl\u00e4-Rautio aloittavat tammikuussa armeijan ja j\u00e4\u00e4v\u00e4t pois Salkkareista. \u00a0<\/strong><\/p>\n<p>Salkkareissa n\u00e4yttelev\u00e4t <strong class=\"typography-bold\">Leevi Rapeli<\/strong>, <strong class=\"typography-bold\">Akseli Sarvilinna<\/strong> ja <strong class=\"typography-bold\">Elmeri Yl\u00e4-Rautio<\/strong> j\u00e4\u00e4v\u00e4t pois sarjasta ja l\u00e4htev\u00e4t armeijaan. Kolmikko ei kuitenkaan joudu sanomaan toisilleen hyv\u00e4stej\u00e4, sill\u00e4 he suorittavat asevelvollisuutensa samassa varuskunnassa Upinniemess\u00e4.<\/p>\n<p>\u00a0\u2013 Siell\u00e4 olemme kaikki kolme samoilla porteilla odottelemassa, kun armeija alkaa eli ainakin saamme toisiltamme vertaistukea. Minua ei harmita l\u00e4hte\u00e4 armeijaan. Uskon, ett\u00e4 se on varmasti ihan hauska kokemus. P\u00e4\u00e4see tapaamaan uusia ihmisi\u00e4, ja harvemmin sit\u00e4 p\u00e4\u00e4see viett\u00e4m\u00e4\u00e4n viikkoja mets\u00e4ss\u00e4, Leevi Rapeli sanoo.\u00a0<\/p>\n<p>\u00a0\u2013\u00a0Toivotaan, ett\u00e4 ei tule liian kylm\u00e4\u00e4 talvea, Akseli Sarvilinna naurahtaa.<\/p>\n<p>\u00a0\u2013\u00a0Helppoa armeijassa ei tule varmasti olemaan, mutta uskon, ett\u00e4 siit\u00e4 saa el\u00e4m\u00e4\u00e4n paljon uusia taitoja ja kokemuksia, Yl\u00e4-Rautio sanoo. \u00a0\u00a0<\/p>\n<p>Lue lis\u00e4\u00e4: <a class=\"underline\" data-testid=\"external-link\" href=\"https:\/\/Salkkarit-n\u00e4yttelij\u00e4 p\u00e4\u00e4si ylioppilaaksi: &quot;Merkitsee todella paljon&quot;\" rel=\"noopener noreferrer\" data-sentry-component=\"ExternalLink\" data-sentry-source-file=\"ExternalLink.tsx\">Salkkarit-n\u00e4yttelij\u00e4 p\u00e4\u00e4si ylioppilaaksi: &#8221;Merkitsee todella paljon&#8221;<\/a><\/p>\n<p>Elmeri Yl\u00e4-Rautio on n\u00e4ytellyt sarjassa <strong class=\"typography-bold\">Matias Kajanderia<\/strong>. Salkkareista l\u00e4hteminen tuntuu omituiselta, kun arki on py\u00f6rinyt monen vuoden ajan ty\u00f6n ymp\u00e4rill\u00e4.\u00a0<\/p>\n<p>\u2013 Olen ollut Salkkareissa mukana l\u00e4hes kuusi vuotta, joten viel\u00e4 ei ihan tajua, ett\u00e4 se ty\u00f6 p\u00e4\u00e4ttyy nyt. Kyll\u00e4 se erikoiselta tuntuu, ett\u00e4 tammikuusta alkaen ei tule en\u00e4\u00e4 kuvausaikatauluja s\u00e4hk\u00f6postiin, Yl\u00e4-Rautio sanoo.<\/p>\n<p>H\u00e4nelle on j\u00e4\u00e4nyt erityisesti mieleen h\u00e4nen ja n\u00e4yttelij\u00e4 <a class=\"cursor-pointer underline\" data-testid=\"internal-link\" role=\"link\" data-sentry-element=\"Link\" data-sentry-component=\"InternalLink\" data-sentry-source-file=\"InternalLink.tsx\" href=\"https:\/\/www.mtvuutiset.fi\/aihe\/konsta-hietanen\/7775848\" rel=\"nofollow noopener\" target=\"_blank\"><strong class=\"typography-bold\">Konsta Hietasen<\/strong><\/a> viimeinen kohtaus, jossa lapset hyv\u00e4stelev\u00e4t vankilaan joutuneen is\u00e4ns\u00e4 Miki Kajanderin. \u00a0<\/p>\n<p>\u2013\u00a0Konstasta oli muodostunut minulle t\u00e4rke\u00e4 henkil\u00f6, joka oli arjessa paljon mukana. Se selkeni minulle kunnolla vasta, kun n\u00e4yttelimme viimeist\u00e4 kohtausta. Siin\u00e4 joutui kyll\u00e4 pid\u00e4ttelem\u00e4\u00e4n itkua.\u00a0<\/p>\n<p>Kaksi vuotta Salkkareissa mukana ollut Akseli Sarvilinna on my\u00f6s el\u00e4nyt arkeaan vahvasti ty\u00f6n kautta. Sarvilinna tunnetaan roolistaan <strong class=\"typography-bold\">Verttin\u00e4.<\/strong><\/p>\n<p>\u2013 Vaikea sit\u00e4 on k\u00e4sitt\u00e4\u00e4, miten el\u00e4m\u00e4 nyt muuttuu. Siell\u00e4 armeijassa kuitenkin ollaan vuorokauden ymp\u00e4ri eik\u00e4 p\u00e4\u00e4see n\u00e4kem\u00e4\u00e4n samalla tavalla perhett\u00e4 tai yst\u00e4vi\u00e4, Sarvilinna sanoo.\u00a0<\/p>\n<p>Lue lis\u00e4\u00e4: <a class=\"cursor-pointer underline\" data-testid=\"internal-link\" role=\"link\" data-sentry-element=\"Link\" data-sentry-component=\"InternalLink\" data-sentry-source-file=\"InternalLink.tsx\" href=\"https:\/\/www.mtvuutiset.fi\/artikkeli\/tuttu-hahmo-tekee-paluun-salkkareihin-leevi-rapeli-nahdaan-magnus-mustavaarana\/8929350\" rel=\"nofollow noopener\" target=\"_blank\">Tuttu hahmo tekee paluun Salkkareihin<\/a><\/p>\n<p>Sarvilinnan mieleenpainuvin kohtaus Salkkarit-ajalta oli h\u00e4nen ruututytt\u00f6yst\u00e4v\u00e4ns\u00e4 Erikan (<strong class=\"typography-bold\">Aida Fanfani) <\/strong>poistuminen sarjasta.\u00a0<\/p>\n<p>\u2013 Se tuntui oudolta, kun vastan\u00e4yttelij\u00e4 j\u00e4i yht\u00e4kki\u00e4 pois ty\u00f6arjesta eik\u00e4 en\u00e4\u00e4 n\u00e4hty samalla tavalla kuin aiemmin, Sarvilinna muistelee.\u00a0<\/p>\n<p>Leevi Rapeli teki ensiesiintymisens\u00e4 Salkkareissa Magnus Mustavaarana toukokuussa 2024.\u00a0<\/p>\n<p>\u2013\u00a0On outoa l\u00e4hte\u00e4 ja ehk\u00e4 v\u00e4h\u00e4n harmittaakin, koska t\u00e4\u00e4ll\u00e4 on ollut tosi hauskaa ja t\u00e4m\u00e4 ty\u00f6yhteis\u00f6 on tuntunut kuin pienelt\u00e4 perheelt\u00e4. V\u00e4h\u00e4n haikeat fiilikset, Rapeli sanoo.\u00a0<\/p>\n<p>H\u00e4nen mieleenpainuvin kohtauksensa Salkkareissa sijoittuu viime vuoden alkusyksyyn.\u00a0<\/p>\n<p>\u2013 Kuvasimme er\u00e4\u00e4ll\u00e4 m\u00f6kill\u00e4 aamusta iltaan ja kuvausp\u00e4iv\u00e4t olivat todella hauskoja. Kohtauksista tuli viel\u00e4 kaiken lis\u00e4ksi todella hyvi\u00e4, Rapeli muistelee.\u00a0<\/p>\n<p><strong class=\"typography-bold\">Salatut el\u00e4m\u00e4t<\/strong><strong class=\"typography-bold\">\u00a0ma-to <\/strong><a class=\"underline\" data-testid=\"external-link\" href=\"http:\/\/mtv.fi\/\" rel=\"noopener noreferrer nofollow\" target=\"_blank\" data-sentry-component=\"ExternalLink\" data-sentry-source-file=\"ExternalLink.tsx\"><strong class=\"typography-bold\">MTV Katsomossa<\/strong><\/a><strong class=\"typography-bold\">\u00a0ja klo 19.30 MTV3-kanavalla. Jaksot ennakkoon <\/strong><a class=\"underline\" data-testid=\"external-link\" href=\"https:\/\/www.mtv.fi\/ohjelma\/b7cd2861074f79d2ca1e\/salatut-elamat\" rel=\"noopener noreferrer nofollow\" data-sentry-component=\"ExternalLink\" data-sentry-source-file=\"ExternalLink.tsx\" target=\"_blank\"><strong class=\"typography-bold\">MTV Katsomo+ <\/strong><\/a><strong class=\"typography-bold\">-tilauksella perjantaisin.\u00a0<\/strong><\/p>\n","protected":false},"excerpt":{"rendered":"N\u00e4yttelij\u00e4t Leevi Rapeli, Akseli Sarvilinna ja Elmeri Yl\u00e4-Rautio aloittavat tammikuussa armeijan ja j\u00e4\u00e4v\u00e4t pois Salkkareista. \u00a0 Salkkareissa n\u00e4yttelev\u00e4t&hellip;\n","protected":false},"author":2,"featured_media":133828,"comment_status":"","ping_status":"","sticky":false,"template":"","format":"standard","meta":{"footnotes":""},"categories":[133],"tags":[137,33,31,30,32,206,156,109],"class_list":{"0":"post-133827","1":"post","2":"type-post","3":"status-publish","4":"format-standard","5":"has-post-thumbnail","7":"category-televisiot","8":"tag-entertainment","9":"tag-fi","10":"tag-finland","11":"tag-finnish","12":"tag-suomi","13":"tag-televisiot","14":"tag-tv","15":"tag-viihde"},"share_on_mastodon":{"url":"https:\/\/pubeurope.com\/@fi\/115841170327177520","error":""},"_links":{"self":[{"href":"https:\/\/www.europesays.com\/fi\/wp-json\/wp\/v2\/posts\/133827","targetHints":{"allow":["GET"]}}],"collection":[{"href":"https:\/\/www.europesays.com\/fi\/wp-json\/wp\/v2\/posts"}],"about":[{"href":"https:\/\/www.europesays.com\/fi\/wp-json\/wp\/v2\/types\/post"}],"author":[{"embeddable":true,"href":"https:\/\/www.europesays.com\/fi\/wp-json\/wp\/v2\/users\/2"}],"replies":[{"embeddable":true,"href":"https:\/\/www.europesays.com\/fi\/wp-json\/wp\/v2\/comments?post=133827"}],"version-history":[{"count":0,"href":"https:\/\/www.europesays.com\/fi\/wp-json\/wp\/v2\/posts\/133827\/revisions"}],"wp:featuredmedia":[{"embeddable":true,"href":"https:\/\/www.europesays.com\/fi\/wp-json\/wp\/v2\/media\/133828"}],"wp:attachment":[{"href":"https:\/\/www.europesays.com\/fi\/wp-json\/wp\/v2\/media?parent=133827"}],"wp:term":[{"taxonomy":"category","embeddable":true,"href":"https:\/\/www.europesays.com\/fi\/wp-json\/wp\/v2\/categories?post=133827"},{"taxonomy":"post_tag","embeddable":true,"href":"https:\/\/www.europesays.com\/fi\/wp-json\/wp\/v2\/tags?post=133827"}],"curies":[{"name":"wp","href":"https:\/\/api.w.org\/{rel}","templated":true}]}}