{"id":133857,"date":"2026-01-05T07:29:12","date_gmt":"2026-01-05T07:29:12","guid":{"rendered":"https:\/\/www.europesays.com\/fi\/133857\/"},"modified":"2026-01-05T07:29:12","modified_gmt":"2026-01-05T07:29:12","slug":"osmo-peltola-kohtaa-sinappihaasteen-peltsin-toinen-luonto-sarjassa","status":"publish","type":"post","link":"https:\/\/www.europesays.com\/fi\/133857\/","title":{"rendered":"Osmo Peltola kohtaa sinappihaasteen Peltsin toinen luonto -sarjassa"},"content":{"rendered":"<p>\n            Osmo Peltola matkaa polkupy\u00f6r\u00e4ll\u00e4 kohti Korvatunturia.<br \/>\n            Mikko Peltola\/Yle\n        <\/p>\n<p class=\"subtitle \">Is\u00e4 Mikko Peltsi Peltola ei p\u00e4\u00e4st\u00e4 poikaansa helpolla.<\/p>\n<p class=\"article-content article-content-width !bg-background\"> joutuu Peltsin toinen luonto -sarjan viidenness\u00e4 jaksossa uuden haasteen eteen. Is\u00e4  haastaa poikansa sy\u00f6m\u00e4\u00e4n ensimm\u00e4ist\u00e4 kertaa makkaraa sinapin kanssa.<\/p>\n<p class=\"font-weight-bold m-font-weight-bold article-content article-content-width !bg-background\">Video: Peltsin telttamoka.<\/p>\n<p class=\"article-content article-content-width !bg-background\">\u2013\u00a0Me tehd\u00e4\u00e4n iso poika -testi. Pikkupojat sy\u00f6 makkaraa ketsupin kanssa, isot reippaat henkil\u00f6t sinapin kanssa. Oletko valmis?<\/p>\n<p class=\"article-content article-content-width !bg-background\">Osmo huokailee ja pitelee ep\u00e4uskoisena p\u00e4\u00e4t\u00e4\u00e4n.<\/p>\n<p class=\"article-content article-content-width !bg-background\">\u2013\u00a0Ai saatana, kuuluu Osmon ensimm\u00e4inen reaktio sinapilla silattuun makkaraan.<\/p>\n<p class=\"article-content article-content-width !bg-background\">\u2013\u00a0Osmo, ei tuommoista kielenk\u00e4ytt\u00f6\u00e4. Mik\u00e4 se nyt on niin kauheeta? Peltsi toruu.<\/p>\n<p class=\"article-content article-content-width !bg-background\">Osmon mielest\u00e4 sinappi on tulista, mutta h\u00e4n sy\u00f6 silti urhoollisesti makkaransa.<\/p>\n<p class=\"article-content article-content-width !bg-background\">\u2013\u00a0On v\u00e4h\u00e4n pahaa, mut aika hyv\u00e4\u00e4, kuuluu Osmon tuomio.<\/p>\n<p class=\"article-content article-content-width !bg-background\">Osmo my\u00f6nt\u00e4\u00e4, ett\u00e4 nyt on tainnut tulla aika vaihtaa ketsuppi sinappiin.<\/p>\n<p>        <a itemprop=\"url\" href=\"https:\/\/www.seiska.fi\/katso\/tata-et-nahnyt-tvssa-mikko-peltola-kuvattiin-takapuoli-paljaana\/2034444\" rel=\"nofollow noopener\" target=\"_blank\"><\/p>\n<p>\nT\u00e4t\u00e4 et n\u00e4hnyt tv:ss\u00e4\n<\/p>\n<p class=\"section-date\">\n        <strong class=\"article-section\" data-section=\"katso\"><br \/>\n            katso<br \/>\n        <\/strong><br \/>\n        30.12.2025 14:15\n    <\/p>\n<p>T\u00e4t\u00e4 et n\u00e4hnyt tv:ss\u00e4: Mikko Peltola kuvattiin takapuoli paljaana\n    <\/p>\n<p itemprop=\"description\" class=\"subtitle \">\n    Peltsin toinen luonto -sarjan kulisseista julkaistiin paljastava video.\n<\/p>\n<p>        <\/a><\/p>\n<p>                <img loading=\"lazy\" decoding=\"async\" src=\"https:\/\/www.europesays.com\/fi\/wp-content\/uploads\/2026\/01\/2034633.webp.jpeg\" width=\"576\" height=\"620\" title=\"Osmo Peltola ja Mikko 'Peltsi' Peltola ajavat Tonttupolkua pitkin.\" alt=\"Osmo Peltola ja Mikko 'Peltsi' Peltola py\u00f6r\u00e4ilykyp\u00e4r\u00e4t p\u00e4\u00e4ss\u00e4.\" \/>            <\/p>\n<p>\n            Osmo Peltola ja Mikko &#8221;Peltsi&#8221; Peltola ajavat Tonttupolkua pitkin.<br \/>\n            Mikko Peltola\/Yle\n        <\/p>\n<p>        <a itemprop=\"url\" href=\"https:\/\/www.seiska.fi\/katso\/peltsi-ja-osmo-hammentava-viinaloyto\/2009070\" rel=\"nofollow noopener\" target=\"_blank\"><\/p>\n<p>\nPeltsi ja Osmo Peltola\n<\/p>\n<p class=\"section-date\">\n        <strong class=\"article-section\" data-section=\"katso\"><br \/>\n            katso<br \/>\n        <\/strong><br \/>\n        2.12.2025 15:15\n    <\/p>\n<p>Peltsi ja Osmo: H\u00e4mment\u00e4v\u00e4 viinal\u00f6yt\u00f6\n    <\/p>\n<p itemprop=\"description\" class=\"subtitle \">\n    Mikko &#8221;Peltsi&#8221; Peltola ja h\u00e4nen poikansa Osmo palaavat j\u00e4lleen tv-ruutuun.\n<\/p>\n<p>        <\/a><\/p>\n<p>Osmo puhkeaa kyyneliin<\/p>\n<p class=\"article-content article-content-width !bg-background\">Makkaran tankkaamisen, saunan ja levon j\u00e4lkeen matka jatkuu kohti Korvatunturia.<\/p>\n<p class=\"article-content article-content-width !bg-background\">Osmo kokee karvaan pettymyksen, kun kuulee is\u00e4lt\u00e4\u00e4n, ettei rajavy\u00f6hykkeell\u00e4 sijaitsevalla Korvatunturilla saa y\u00f6py\u00e4. Pettymys purkautuu kyynelin\u00e4.<\/p>\n<p class=\"article-content article-content-width !bg-background\">\u2013\u00a0Voi pettymyksen kanah\u00e4kki, is\u00e4-Peltsi kuittaa asian.<\/p>\n<p class=\"article-content article-content-width !bg-background\">\u2013\u00a0Nyt on harmitus ohi, Osmo ilmoittaa lopulta.<\/p>\n<p class=\"article-content article-content-width !bg-background\">Osmo on alkumatkasta toivonut p\u00e4\u00e4sev\u00e4ns\u00e4 kertomaan matkan p\u00e4\u00e4m\u00e4\u00e4r\u00e4ss\u00e4 pukille olleensa kiltti. Korvatunturilla merkkihenkil\u00f6\u00e4 ei kuitenkaan n\u00e4y.<\/p>\n<p class=\"article-content article-content-width !bg-background\">Osmo ja Peltsi l\u00f6yt\u00e4v\u00e4t sielt\u00e4 vain pukin parran.<\/p>\n<p class=\"article-content article-content-width !bg-background\">\u2013\u00a0Valeparta, Osmo puuskahtaa.<\/p>\n<p class=\"article-content article-content-width !bg-background\">Yle on julkaissut <a href=\"https:\/\/www.facebook.com\/reel\/4142045376055161\" target=\"_blank\" rel=\"nofollow noopener\">Facebook-tilill\u00e4\u00e4n<\/a> videon, joka n\u00e4ytt\u00e4\u00e4 mit\u00e4 tekoparralle lopulta tapahtui.<\/p>\n<p class=\"article-content article-content-width !bg-background\">Joulupukkiusko on hetken koetuksella, mutta sitten Osmo l\u00f6yt\u00e4\u00e4 m\u00f6kist\u00e4 itselleen osoitetun kirjeen.<\/p>\n<p class=\"italic m-italic article-content article-content-width !bg-background\">Peltsin toinen luonto -sarjan 5. kauden kaikki jaksot ovat jo katsottavissa Yle Areenassa. Korvatunturilla vieraillaan 5. jaksossa, joka esitet\u00e4\u00e4n TV2:ssa 5.1. kello 21.00.<\/p>\n<p>        <a itemprop=\"url\" href=\"https:\/\/www.seiska.fi\/katso\/osmo-peltola-yllatti-katsojat-ihastuivat\/2028507\" rel=\"nofollow noopener\" target=\"_blank\"><\/p>\n<p>\nOsmo Peltola\n<\/p>\n<p class=\"section-date\">\n        <strong class=\"article-section\" data-section=\"katso\"><br \/>\n            katso<br \/>\n        <\/strong><br \/>\n        22.12.2025 11:24\n    <\/p>\n<p>Osmo Peltola yll\u00e4tti \u2013 katsojat ihastuivat\n    <\/p>\n<p itemprop=\"description\" class=\"subtitle \">\n    Suosittu tv-kasvo on vieraillut Korvatunturilla.\n<\/p>\n<p>        <\/a><\/p>\n","protected":false},"excerpt":{"rendered":"Osmo Peltola matkaa polkupy\u00f6r\u00e4ll\u00e4 kohti Korvatunturia. Mikko Peltola\/Yle Is\u00e4 Mikko Peltsi Peltola ei p\u00e4\u00e4st\u00e4 poikaansa helpolla. joutuu Peltsin&hellip;\n","protected":false},"author":2,"featured_media":133858,"comment_status":"","ping_status":"","sticky":false,"template":"","format":"standard","meta":{"footnotes":""},"categories":[117],"tags":[33,31,30,4818,6630,72,4449,3222,476,5601,6631,118,32,119,477,913,22968],"class_list":{"0":"post-133857","1":"post","2":"type-post","3":"status-publish","4":"format-standard","5":"has-post-thumbnail","7":"category-luonto","8":"tag-fi","9":"tag-finland","10":"tag-finnish","11":"tag-kiroilu","12":"tag-korvatunturi","13":"tag-luonto","14":"tag-makkara","15":"tag-mikko-peltola","16":"tag-nature","17":"tag-osmo-peltola","18":"tag-peltsin-toinen-luonto","19":"tag-science","20":"tag-suomi","21":"tag-tiede","22":"tag-wildlife","23":"tag-yle-areena","24":"tag-yle-tv2"},"share_on_mastodon":{"url":"https:\/\/pubeurope.com\/@fi\/115841319783000734","error":""},"_links":{"self":[{"href":"https:\/\/www.europesays.com\/fi\/wp-json\/wp\/v2\/posts\/133857","targetHints":{"allow":["GET"]}}],"collection":[{"href":"https:\/\/www.europesays.com\/fi\/wp-json\/wp\/v2\/posts"}],"about":[{"href":"https:\/\/www.europesays.com\/fi\/wp-json\/wp\/v2\/types\/post"}],"author":[{"embeddable":true,"href":"https:\/\/www.europesays.com\/fi\/wp-json\/wp\/v2\/users\/2"}],"replies":[{"embeddable":true,"href":"https:\/\/www.europesays.com\/fi\/wp-json\/wp\/v2\/comments?post=133857"}],"version-history":[{"count":0,"href":"https:\/\/www.europesays.com\/fi\/wp-json\/wp\/v2\/posts\/133857\/revisions"}],"wp:featuredmedia":[{"embeddable":true,"href":"https:\/\/www.europesays.com\/fi\/wp-json\/wp\/v2\/media\/133858"}],"wp:attachment":[{"href":"https:\/\/www.europesays.com\/fi\/wp-json\/wp\/v2\/media?parent=133857"}],"wp:term":[{"taxonomy":"category","embeddable":true,"href":"https:\/\/www.europesays.com\/fi\/wp-json\/wp\/v2\/categories?post=133857"},{"taxonomy":"post_tag","embeddable":true,"href":"https:\/\/www.europesays.com\/fi\/wp-json\/wp\/v2\/tags?post=133857"}],"curies":[{"name":"wp","href":"https:\/\/api.w.org\/{rel}","templated":true}]}}