{"id":133859,"date":"2026-01-05T07:40:07","date_gmt":"2026-01-05T07:40:07","guid":{"rendered":"https:\/\/www.europesays.com\/fi\/133859\/"},"modified":"2026-01-05T07:40:07","modified_gmt":"2026-01-05T07:40:07","slug":"hollywood-nayttelijan-tyttarella-synkka-tausta-tama-tiedetaan-hanen-kuolemastaan-iltalehti","status":"publish","type":"post","link":"https:\/\/www.europesays.com\/fi\/133859\/","title":{"rendered":"Hollywood-n\u00e4yttelij\u00e4n tytt\u00e4rell\u00e4 synkk\u00e4 tausta \u2013 T\u00e4m\u00e4 tiedet\u00e4\u00e4n h\u00e4nen kuolemastaan &#8211; Iltalehti"},"content":{"rendered":"<ol>\n<li><a href=\"https:\/\/news.google.com\/rss\/articles\/CBMigwFBVV95cUxNSG9Qd2ZLT216dWtJX0syNFBJUERZRHNsai1OTktIU2tRZHptbFVTNHdYU0ExNThUSmpvRVl4LTRpUUlLejZNTmVtdUJqUTJxdmt3LWFIZUZJNkZCMndoNmR5VFdJb1lCa0NjRmdidWwzSU9WdDE4U1BvYkw0cUdYYnRBMA?oc=5\" target=\"_blank\" rel=\"nofollow noopener\">Hollywood-n\u00e4yttelij\u00e4n tytt\u00e4rell\u00e4 synkk\u00e4 tausta \u2013 T\u00e4m\u00e4 tiedet\u00e4\u00e4n h\u00e4nen kuolemastaan<\/a>&nbsp;&nbsp;Iltalehti<\/li>\n<li><a href=\"https:\/\/news.google.com\/rss\/articles\/CBMiW0FVX3lxTE1KYnMtQXA2YWxvRDJlNmtyWG5OcVByVnJxbmJHRk5vbWVhU3pCR0FWV0FsM1FSdjdYanZUWXJELUJWWkFOWTBiU2trZEM5LTFiRGdoZ2VKMzg0U3M?oc=5\" target=\"_blank\" rel=\"nofollow noopener\">Hollywood-t\u00e4hden tyt\u00e4r l\u00f6ytyi kuolleena hotellista<\/a>&nbsp;&nbsp;Ilta-Sanomat<\/li>\n<li><a href=\"https:\/\/news.google.com\/rss\/articles\/CBMizgFBVV95cUxPaFJVY0JZaG5WV1FKc3ZNRW1pYm1zZUlKS0RVTFNjZUtfVjVCdlIwT2Ita3dTOUdKVi05Qy1ZR2pYanhwWnVlSnRFZUlBOS1haUJ1VUw0djJPTm1pYlFWUnBGcGtCV2k4c095bEd3Qm50WHdOWjcweThHODd6cXFaTFhXMGx5Mm5IUDBoaVhtV0FWajh0OGdfV0lHQ1ItVGVpTFJkb01acEt0bi1UcEFaR3R6QW50bE53aU00bWMxVF9XQlZpWlFyZ3dsTTROUQ?oc=5\" target=\"_blank\" rel=\"nofollow noopener\">Tommy Lee Jonesin tytt\u00e4ren kuolema liittynee huumeisiin \u2013 is\u00e4 haki tyt\u00e4rt\u00e4\u00e4n edunvalvontaan vuonna 2023<\/a>&nbsp;&nbsp;Episodi.fi<\/li>\n<li><a href=\"https:\/\/news.google.com\/rss\/articles\/CBMiwwFBVV95cUxPcU8wZ1EyaEVIRTNNcUI1Nmh4b2JKU0tSTXRNeXpjRmwtb1Z2bkZKVkNxOGh5NTA2NEF2VFZFUTh2dU9temFVbjhQeTVmVTMxUUZrczVPdzZMNlNWU2xtY2xIYlBqUm5CbV9uQXlGSVBCd2lrLXVFdVd1VDdVZDhVRXctM0dVY2xtMDVKV2VXMDBhNmxMVHBZM01JTGZqZVBtVXJFNkEzaEZRNGZUQlZYcmRpQ2psVFNUZnkwOXBvamhuVkE?oc=5\" target=\"_blank\" rel=\"nofollow noopener\">Uutta tietoa Tommy Lee Jonesin tytt\u00e4ren kuolemasta \u2013 hotellivieras l\u00f6ysi k\u00e4yt\u00e4v\u00e4lt\u00e4<\/a>&nbsp;&nbsp;mtvuutiset.fi<\/li>\n<li><a href=\"https:\/\/news.google.com\/rss\/articles\/CBMiW0FVX3lxTFB1cWVIaW5LYnFnQ29RWVdJSFNKRHNzZGJkWWlQRE5MSzJfLTZybkk0YWdqUHpxOVkyQ25ETnVELWN2RUQ4UW84OEJwdDJnUm1OeGRLMUFfNmVnSXc?oc=5\" target=\"_blank\" rel=\"nofollow noopener\">Lehtitiedot: Surullinen arvio Hollywood-t\u00e4hden tytt\u00e4ren kuolemasta<\/a>&nbsp;&nbsp;Ilta-Sanomat<\/li>\n<\/ol>\n","protected":false},"excerpt":{"rendered":"Hollywood-n\u00e4yttelij\u00e4n tytt\u00e4rell\u00e4 synkk\u00e4 tausta \u2013 T\u00e4m\u00e4 tiedet\u00e4\u00e4n h\u00e4nen kuolemastaan&nbsp;&nbsp;Iltalehti Hollywood-t\u00e4hden tyt\u00e4r l\u00f6ytyi kuolleena hotellista&nbsp;&nbsp;Ilta-Sanomat Tommy Lee Jonesin tytt\u00e4ren&hellip;\n","protected":false},"author":2,"featured_media":131986,"comment_status":"","ping_status":"","sticky":false,"template":"","format":"standard","meta":{"footnotes":""},"categories":[136],"tags":[35,407,152,155,137,33,31,30,408,718,154,52,32,140,156,109],"class_list":{"0":"post-133859","1":"post","2":"type-post","3":"status-publish","4":"format-standard","5":"has-post-thumbnail","7":"category-julkkikset","8":"tag-24h","9":"tag-celebrities","10":"tag-elokuva-ja-tv-nayttelijat","11":"tag-elokuvat","12":"tag-entertainment","13":"tag-fi","14":"tag-finland","15":"tag-finnish","16":"tag-julkkikset","17":"tag-nayttamotaide","18":"tag-nayttelijat-teatteri","19":"tag-poliisi","20":"tag-suomi","21":"tag-tv-ja-elokuvat","22":"tag-tv","23":"tag-viihde"},"share_on_mastodon":{"url":"https:\/\/pubeurope.com\/@fi\/115841362989642821","error":""},"_links":{"self":[{"href":"https:\/\/www.europesays.com\/fi\/wp-json\/wp\/v2\/posts\/133859","targetHints":{"allow":["GET"]}}],"collection":[{"href":"https:\/\/www.europesays.com\/fi\/wp-json\/wp\/v2\/posts"}],"about":[{"href":"https:\/\/www.europesays.com\/fi\/wp-json\/wp\/v2\/types\/post"}],"author":[{"embeddable":true,"href":"https:\/\/www.europesays.com\/fi\/wp-json\/wp\/v2\/users\/2"}],"replies":[{"embeddable":true,"href":"https:\/\/www.europesays.com\/fi\/wp-json\/wp\/v2\/comments?post=133859"}],"version-history":[{"count":0,"href":"https:\/\/www.europesays.com\/fi\/wp-json\/wp\/v2\/posts\/133859\/revisions"}],"wp:featuredmedia":[{"embeddable":true,"href":"https:\/\/www.europesays.com\/fi\/wp-json\/wp\/v2\/media\/131986"}],"wp:attachment":[{"href":"https:\/\/www.europesays.com\/fi\/wp-json\/wp\/v2\/media?parent=133859"}],"wp:term":[{"taxonomy":"category","embeddable":true,"href":"https:\/\/www.europesays.com\/fi\/wp-json\/wp\/v2\/categories?post=133859"},{"taxonomy":"post_tag","embeddable":true,"href":"https:\/\/www.europesays.com\/fi\/wp-json\/wp\/v2\/tags?post=133859"}],"curies":[{"name":"wp","href":"https:\/\/api.w.org\/{rel}","templated":true}]}}