{"id":133860,"date":"2026-01-05T07:43:07","date_gmt":"2026-01-05T07:43:07","guid":{"rendered":"https:\/\/www.europesays.com\/fi\/133860\/"},"modified":"2026-01-05T07:43:07","modified_gmt":"2026-01-05T07:43:07","slug":"tama-18-vuotta-vanha-sarja-rikkoi-tarkeinta-tv-saantoa-ja-oli-siksi-legendaarinen","status":"publish","type":"post","link":"https:\/\/www.europesays.com\/fi\/133860\/","title":{"rendered":"T\u00e4m\u00e4 18 vuotta vanha sarja rikkoi t\u00e4rkeint\u00e4 &#8221;tv-s\u00e4\u00e4nt\u00f6\u00e4&#8221; &#8211; ja oli siksi legendaarinen"},"content":{"rendered":"<p>Varoitus: juttu sis\u00e4lt\u00e4\u00e4 juonipaljastuksen!<\/p>\n<p>HBO:n rikossarja Langalla (2002\u20132008) on tv-sarja, joka oli edell\u00e4k\u00e4vij\u00e4 monessakin mieless\u00e4.<\/p>\n<p>Er\u00e4s syy on se, ett\u00e4 siin\u00e4 rikottiin \u201dtv-sarjojen s\u00e4\u00e4nt\u00f6j\u00e4\u201d, esimerkiksi kuoleman k\u00e4sittelyn suhteen.<\/p>\n<p>Perinteisesti suositun hahmon kuolema rakennetaan suureksi ja melodramaattiseksi tapahtumaksi. Langalla-sarjassa asia tehtiin toisin.<\/p>\n<p>Lue my\u00f6s: <a href=\"https:\/\/www.episodi.fi\/uutiset\/the-wire-tahti-al-brown-on-kuollut-83-vuotiaana\/\" title=\"The Wire -t\u00e4hti Al Brown on kuollut 83-vuotiaana\" class=\"underline-custom !font-montserrat !font-bold !underline-offset-4 !decoration-4 !decoration-episodi-blue !text-md\" rel=\"nofollow noopener\" target=\"_blank\">The Wire -t\u00e4hti Al Brown on kuollut 83-vuotiaana<\/a><\/p>\n<p>Lue my\u00f6s: <a href=\"https:\/\/www.episodi.fi\/uutiset\/the-wire-tahti-isiah-whitlock-jr-on-kuollut-keksi-sheee-it-lausahduksen-ja-naytteli-spike-leen-leffoissa-ja-mafiaveljissa\/\" title=\"The Wire -t\u00e4hti Isiah Whitlock Jr. on kuollut \u2013\u00a0Keksi \u201dSheee-it\u201d-lausahduksen ja n\u00e4ytteli Spike Leen -leffoissa ja Mafiaveljiss\u00e4\" class=\"underline-custom !font-montserrat !font-bold !underline-offset-4 !decoration-4 !decoration-episodi-blue !text-md\" rel=\"nofollow noopener\" target=\"_blank\">The Wire -t\u00e4hti Isiah Whitlock Jr. on kuollut \u2013\u00a0Keksi \u201dSheee-it\u201d-lausahduksen ja n\u00e4ytteli Spike Leen -leffoissa ja Mafiaveljiss\u00e4<\/a><\/p>\n<p>Omar Little -hahmo (<strong>Michael K. Williams<\/strong>) ammutaan viidennen kauden jaksossa yll\u00e4tt\u00e4en, takaap\u00e4in, pikkudiilerin toimesta, tavallisen ostosreissun yhteydess\u00e4. Kohtauksessa ei n\u00e4hd\u00e4 hidastuksia, viimeisi\u00e4 sanoja, eik\u00e4 taustalla soi dramaattinen musiikki.<\/p>\n<p>K\u00e4sikirjoittajan mukaan \u201dantikliimaksi\u201d tehtiin siksi, sattumanvarainen ja realistinen kuolema kuvastaa tosiel\u00e4m\u00e4\u00e4 paremmin kuin yleens\u00e4 tv:ss\u00e4 n\u00e4hty \u201dspektaakkeli\u201d. Kohtaus halusi alleviivata my\u00f6s sit\u00e4, ett\u00e4 jopa kadun lait tunteva Omar oli viranomaisille ja lehdist\u00f6lle vain nimi tilastoissa.<\/p>\n<p>T\u00e4st\u00e4 huolimatta Omar Littlen kuolemalla oli sarjassa suuri, temaattinen ja rakenteellinen merkitys. <\/p>\n<p>Langalla on n\u00e4ht\u00e4vill\u00e4 HBO Maxissa.<\/p>\n<p><img loading=\"lazy\" decoding=\"async\" alt=\"YouTube video\" width=\"480\" height=\"360\" data-pin-nopin=\"true\" nopin=\"nopin\" class=\"perfmatters-lazy\" src=\"https:\/\/www.europesays.com\/fi\/wp-content\/uploads\/2026\/01\/1767598987_543_hqdefault.jpg\"\/><\/p>\n<p>L\u00e4hde: <a href=\"https:\/\/screenrant.com\/wire-omar-death-broke-tv-rules\/\" rel=\"nofollow noopener\" target=\"_blank\">ScreenRant<\/a><\/p>\n<p>Lue my\u00f6s: <a href=\"https:\/\/www.episodi.fi\/uutiskirje\/?uutiskirjemainos=tekstilinkkimainos\" title=\"Tilaa Episodin uutiskirje ja voit voittaa leffalippuja! Nappaa tv-vinkit suoraan s\u00e4hk\u00f6postiin t\u00e4st\u00e4.\" class=\"underline-custom !font-montserrat !font-bold !underline-offset-4 !decoration-4 !decoration-episodi-blue !text-md\" rel=\"nofollow noopener\" target=\"_blank\">Tilaa Episodin uutiskirje ja voit voittaa leffalippuja! Nappaa katseluvinkit suoraan s\u00e4hk\u00f6postiin t\u00e4st\u00e4.<\/a><\/p>\n","protected":false},"excerpt":{"rendered":"Varoitus: juttu sis\u00e4lt\u00e4\u00e4 juonipaljastuksen! HBO:n rikossarja Langalla (2002\u20132008) on tv-sarja, joka oli edell\u00e4k\u00e4vij\u00e4 monessakin mieless\u00e4. Er\u00e4s syy on&hellip;\n","protected":false},"author":2,"featured_media":133861,"comment_status":"","ping_status":"","sticky":false,"template":"","format":"standard","meta":{"footnotes":""},"categories":[133],"tags":[137,33,31,30,249,32,206,23538,156,109],"class_list":{"0":"post-133860","1":"post","2":"type-post","3":"status-publish","4":"format-standard","5":"has-post-thumbnail","7":"category-televisiot","8":"tag-entertainment","9":"tag-fi","10":"tag-finland","11":"tag-finnish","12":"tag-langalla","13":"tag-suomi","14":"tag-televisiot","15":"tag-the-wire","16":"tag-tv","17":"tag-viihde"},"share_on_mastodon":{"url":"https:\/\/pubeurope.com\/@fi\/115841374818894480","error":""},"_links":{"self":[{"href":"https:\/\/www.europesays.com\/fi\/wp-json\/wp\/v2\/posts\/133860","targetHints":{"allow":["GET"]}}],"collection":[{"href":"https:\/\/www.europesays.com\/fi\/wp-json\/wp\/v2\/posts"}],"about":[{"href":"https:\/\/www.europesays.com\/fi\/wp-json\/wp\/v2\/types\/post"}],"author":[{"embeddable":true,"href":"https:\/\/www.europesays.com\/fi\/wp-json\/wp\/v2\/users\/2"}],"replies":[{"embeddable":true,"href":"https:\/\/www.europesays.com\/fi\/wp-json\/wp\/v2\/comments?post=133860"}],"version-history":[{"count":0,"href":"https:\/\/www.europesays.com\/fi\/wp-json\/wp\/v2\/posts\/133860\/revisions"}],"wp:featuredmedia":[{"embeddable":true,"href":"https:\/\/www.europesays.com\/fi\/wp-json\/wp\/v2\/media\/133861"}],"wp:attachment":[{"href":"https:\/\/www.europesays.com\/fi\/wp-json\/wp\/v2\/media?parent=133860"}],"wp:term":[{"taxonomy":"category","embeddable":true,"href":"https:\/\/www.europesays.com\/fi\/wp-json\/wp\/v2\/categories?post=133860"},{"taxonomy":"post_tag","embeddable":true,"href":"https:\/\/www.europesays.com\/fi\/wp-json\/wp\/v2\/tags?post=133860"}],"curies":[{"name":"wp","href":"https:\/\/api.w.org\/{rel}","templated":true}]}}