{"id":133881,"date":"2026-01-05T08:14:09","date_gmt":"2026-01-05T08:14:09","guid":{"rendered":"https:\/\/www.europesays.com\/fi\/133881\/"},"modified":"2026-01-05T08:14:09","modified_gmt":"2026-01-05T08:14:09","slug":"ruhtinas-albertin-lehtolapset-seuraavat-grace-kellyn-jalanjalkia","status":"publish","type":"post","link":"https:\/\/www.europesays.com\/fi\/133881\/","title":{"rendered":"Ruhtinas Albertin lehtolapset seuraavat Grace Kellyn jalanj\u00e4lki\u00e4"},"content":{"rendered":"<p>            All Over Press\n        <\/p>\n<p class=\"subtitle \">Albertin lehtolapset tutustuivat yhdess\u00e4 juuriinsa Hollywoodissa,<\/p>\n<p class=\"article-content article-content-width !bg-background\">Monacon ruhtinas  on poikkeuksellinen kuninkaallinen. H\u00e4n on istunut piskuisen ruhtinaskunnan valtaistuimella jo 20 vuoden ajan, mutta useimmiten h\u00e4n on p\u00e4\u00e4tynyt tabloidien etusivulle t\u00e4ysin muista syist\u00e4.\u00a0<\/p>\n<p class=\"article-content article-content-width !bg-background\">Erityisen kiinnostavan Albertista tekee kaksi seikkaa. Ensinn\u00e4kin h\u00e4nell\u00e4 on v\u00e4rik\u00e4s historia naistenmiehen\u00e4. Tunnustettuja lehtolapsia Albertilla on kaksin kappalein, mutta sitkeiden huhujen mukaan heit\u00e4 saattaa olla viel\u00e4kin enemm\u00e4n.<\/p>\n<p>        <a itemprop=\"url\" href=\"https:\/\/www.seiska.fi\/kotimaa\/monacon-ruhtinashuone-vauvauutinen\/1961755\" rel=\"nofollow noopener\" target=\"_blank\"><\/p>\n<p>\nMonacon ruhtinashuone\n<\/p>\n<p class=\"section-date\">\n        <strong class=\"article-section\" data-section=\"kotimaa\"><br \/>\n            kotimaa<br \/>\n        <\/strong><br \/>\n        14.10.2025 13:57\n    <\/p>\n<p>Monacon ruhtinashuone: Vauvauutinen!\n    <\/p>\n<p itemprop=\"description\" class=\"subtitle \">\n    Pariskunnan onni t\u00e4ydentyi kolmannella lapsella.\n<\/p>\n<p>        <\/a><\/p>\n<p class=\"article-content article-content-width !bg-background\">Albertin julkisuusarvoa kenties siniverisyytt\u00e4 ja playboymaista k\u00e4yt\u00f6st\u00e4kin enemm\u00e4n nostavat h\u00e4nen sukujuurensa. H\u00e4n on ruhtinas :n ja n\u00e4yttelij\u00e4t\u00e4r  poika.\u00a0<\/p>\n<p>Ihailtu iso\u00e4iti<\/p>\n<p class=\"article-content article-content-width !bg-background\">Kuvankaunis Grace palkittiin parhaan naisp\u00e4\u00e4osan Oscarilla elokuvasta The Country Girl vuonna 1955. Hiljattain 1982 menehtyneen herttuattaren j\u00e4lkel\u00e4iset p\u00e4\u00e4siv\u00e4t kunnioittamaan t\u00e4m\u00e4n perint\u00f6\u00e4 yll\u00e4tt\u00e4v\u00e4ll\u00e4 tavalla.\u00a0<\/p>\n<p>                <img decoding=\"async\" src=\"https:\/\/www.europesays.com\/fi\/wp-content\/uploads\/2026\/01\/2036179.webp.jpeg\" width=\"576\" height=\"610\" alt=\"Grace luopui urastaan valkokankaalla avioiduttuaan monacolaisen Rainierin kanssa.\" loading=\"lazy\" \/>            <\/p>\n<p>\n            Grace luopui urastaan valkokankaalla avioiduttuaan monacolaisen Rainierin kanssa.<br \/>\n            AOP\n        <\/p>\n<p class=\"article-content article-content-width !bg-background\">Albertin lehtolapset , 33, ja , 22, vierailivat Paramount-studioilla.<a href=\"https:\/\/www.instagram.com\/p\/DS7U4nYCBBB\/?utm_source=ig_embed\" target=\"_blank\" rel=\"nofollow noopener\"> Jazmin iloitsee saamastaan mahdollisuudesta<\/a> Instagramissa.\u00a0<\/p>\n<p>        <a itemprop=\"url\" href=\"https:\/\/www.seiska.fi\/ulkomaat\/charlotte-casiraghi-savaytti-muotinaytoksessa-talta-grace-kellyn-lapsenlapsi-nayttaa-nyt\/1954904\" rel=\"nofollow noopener\" target=\"_blank\"><\/p>\n<p>\nGrace Kellyn lapsenlapsi\n<\/p>\n<p class=\"section-date\">\n        <strong class=\"article-section\" data-section=\"ulkomaat\"><br \/>\n            ulkomaat<br \/>\n        <\/strong><br \/>\n        8.10.2025 19:00\n    <\/p>\n<p>Charlotte Casiraghi s\u00e4v\u00e4ytti muotin\u00e4yt\u00f6ksess\u00e4 \u2013 t\u00e4lt\u00e4 Grace Kellyn lapsenlapsi n\u00e4ytt\u00e4\u00e4 nyt\n    <\/p>\n<p itemprop=\"description\" class=\"subtitle \">\n    Monacon hovin kaunotar piipahti Chanelin n\u00e4yt\u00f6ksess\u00e4 Pariisissa.\n<\/p>\n<p>        <\/a><\/p>\n<p class=\"article-content article-content-width !bg-background\">\u2013 Saimme kirjaimellisesti k\u00e4vell\u00e4 iso\u00e4itimme jalanj\u00e4ljiss\u00e4, ruhtinaan esikoinen kirjoittaa.\u00a0<\/p>\n<p>L\u00f6ysi yhteyden juuriinsa<\/p>\n<p class=\"article-content article-content-width !bg-background\">Jazmin kertoo sisarusten p\u00e4\u00e4sseen tutustumaan Gracen pukuhuoneeseen sek\u00e4 tiloihin, joissa on ty\u00f6stetty useita t\u00e4m\u00e4n ja  yhteisty\u00f6filmeist\u00e4. Jazmin kuvailee kokemuksen olleen h\u00e4nelle erityinen, sill\u00e4 h\u00e4n on itsekin esiintyv\u00e4 taiteilija.\u00a0<\/p>\n<p>                <img decoding=\"async\" src=\"https:\/\/www.europesays.com\/fi\/wp-content\/uploads\/2026\/01\/2036177.webp.jpeg\" width=\"576\" height=\"322\" alt=\"Jazmin viihtyy parrasvaloissa kuuluisan iso\u00e4itins\u00e4 tapaan.\" loading=\"lazy\" \/>            <\/p>\n<p>\n            Jazmin viihtyy parrasvaloissa kuuluisan iso\u00e4itins\u00e4 tapaan.<br \/>\n            AOP\n        <\/p>\n<p class=\"article-content article-content-width !bg-background\">\u2013 Vaikka emme saaneetkaan tavata t\u00e4ss\u00e4 el\u00e4m\u00e4ss\u00e4, tunnen h\u00e4nen kanssaan pyh\u00e4n yhteyden, Jazmin sanoo iso\u00e4idist\u00e4\u00e4n.<\/p>\n<p class=\"article-content article-content-width !bg-background\">\u2013\u00a0Olen kiitollinen hetkist\u00e4, joina pystyin pohtimaan ja yhdistym\u00e4\u00e4n itseeni, intohimoihini, juuriini, historiaani ja perint\u00f6\u00f6ni t\u00e4n\u00e4 vuonna.<\/p>\n<p>Suvun saappaissa<\/p>\n<p class=\"article-content article-content-width !bg-background\">Jazmin on n\u00e4ytellyt muutamissa elokuvissa, joista huomattavin lienee romanttinen draama Cicada vuodelta 2020. Pikkuveli Alexandre puolestaan<a href=\"https:\/\/www.seiska.fi\/kuninkaalliset\/tassa-on-ruhtinas-albertin-vanhin-poika-kielletty-perimasta-kruunua\/1855273\" target=\"_blank\" rel=\"nofollow noopener\"> on ilmaissut halunsa ty\u00f6skennell\u00e4 yhdess\u00e4 is\u00e4ukkonsa kanssa.<\/a>\u00a0<\/p>\n<p>        <a itemprop=\"url\" href=\"https:\/\/www.seiska.fi\/kuninkaalliset\/uskomaton-yhdennakoisyys-grace-kellyn-lapsenlapsi-on-kuin-ilmetty-isoaitinsa\/1905827\" rel=\"nofollow noopener\" target=\"_blank\"><\/p>\n<p>\nGrace Kellyn lapsenlapsi\n<\/p>\n<p class=\"section-date\">\n        <strong class=\"article-section\" data-section=\"kuninkaalliset\"><br \/>\n            kuninkaalliset<br \/>\n        <\/strong><br \/>\n        24.8.2025 16:00\n    <\/p>\n<p>Uskomaton yhdenn\u00e4k\u00f6isyys! Grace Kellyn lapsenlapsi on kuin ilmetty iso\u00e4itins\u00e4\n    <\/p>\n<p itemprop=\"description\" class=\"subtitle \">\n    Camille Gottlieb on perinyt iso\u00e4itins\u00e4 ikonisen tyylitajun.\n<\/p>\n<p>        <\/a><\/p>\n<p class=\"article-content article-content-width !bg-background\">\u2013\u00a0Haluaisin ty\u00f6skennell\u00e4 is\u00e4ni kanssa ja olla ik\u00e4\u00e4n kuin suurl\u00e4hettil\u00e4s Monacolle, tuoda bisnesmahdollisuuksia takaisin Monacoon. Siit\u00e4 olemme jutelleetkin is\u00e4n kanssa, <a href=\"https:\/\/www.dontdiewondering.com\/who-is-alexandre-grimaldi-monacos-royal-progeny\/\" target=\"_blank\" rel=\"nofollow noopener\">Alexandre totesi Tatlerille<\/a> muutama vuosi takaperin.\u00a0<\/p>\n<p><script async src=\"\/\/www.instagram.com\/embed.js\"><\/script><\/p>\n","protected":false},"excerpt":{"rendered":"All Over Press Albertin lehtolapset tutustuivat yhdess\u00e4 juuriinsa Hollywoodissa, Monacon ruhtinas on poikkeuksellinen kuninkaallinen. H\u00e4n on istunut piskuisen&hellip;\n","protected":false},"author":2,"featured_media":133882,"comment_status":"","ping_status":"","sticky":false,"template":"","format":"standard","meta":{"footnotes":""},"categories":[130],"tags":[18932,23540,623,137,33,31,30,14302,4169,23539,1127,9166,212,2637,1342,98,23541,32,109],"class_list":{"0":"post-133881","1":"post","2":"type-post","3":"status-publish","4":"format-standard","5":"has-post-thumbnail","7":"category-viihde","8":"tag-albert","9":"tag-alexandre-grimaldi","10":"tag-elokuva","11":"tag-entertainment","12":"tag-fi","13":"tag-finland","14":"tag-finnish","15":"tag-grace-kelly","16":"tag-hollywood","17":"tag-jazmin-grace-grimaldi","18":"tag-lapsi","19":"tag-lehtolapsi","20":"tag-lifestyle","21":"tag-monaco","22":"tag-nayttelija","23":"tag-perhe","24":"tag-ruhtinas-rainier","25":"tag-suomi","26":"tag-viihde"},"share_on_mastodon":{"url":"https:\/\/pubeurope.com\/@fi\/115841496692064262","error":""},"_links":{"self":[{"href":"https:\/\/www.europesays.com\/fi\/wp-json\/wp\/v2\/posts\/133881","targetHints":{"allow":["GET"]}}],"collection":[{"href":"https:\/\/www.europesays.com\/fi\/wp-json\/wp\/v2\/posts"}],"about":[{"href":"https:\/\/www.europesays.com\/fi\/wp-json\/wp\/v2\/types\/post"}],"author":[{"embeddable":true,"href":"https:\/\/www.europesays.com\/fi\/wp-json\/wp\/v2\/users\/2"}],"replies":[{"embeddable":true,"href":"https:\/\/www.europesays.com\/fi\/wp-json\/wp\/v2\/comments?post=133881"}],"version-history":[{"count":0,"href":"https:\/\/www.europesays.com\/fi\/wp-json\/wp\/v2\/posts\/133881\/revisions"}],"wp:featuredmedia":[{"embeddable":true,"href":"https:\/\/www.europesays.com\/fi\/wp-json\/wp\/v2\/media\/133882"}],"wp:attachment":[{"href":"https:\/\/www.europesays.com\/fi\/wp-json\/wp\/v2\/media?parent=133881"}],"wp:term":[{"taxonomy":"category","embeddable":true,"href":"https:\/\/www.europesays.com\/fi\/wp-json\/wp\/v2\/categories?post=133881"},{"taxonomy":"post_tag","embeddable":true,"href":"https:\/\/www.europesays.com\/fi\/wp-json\/wp\/v2\/tags?post=133881"}],"curies":[{"name":"wp","href":"https:\/\/api.w.org\/{rel}","templated":true}]}}