{"id":133893,"date":"2026-01-05T08:31:10","date_gmt":"2026-01-05T08:31:10","guid":{"rendered":"https:\/\/www.europesays.com\/fi\/133893\/"},"modified":"2026-01-05T08:31:10","modified_gmt":"2026-01-05T08:31:10","slug":"muistatko-talta-naytti-mikkeli-mainoksissa-20-vuotta-sitten-kun-kannykat-viela-piippasivat-ja-kaljakorit-kilisivat-paikalliset","status":"publish","type":"post","link":"https:\/\/www.europesays.com\/fi\/133893\/","title":{"rendered":"Muistatko? | T\u00e4lt\u00e4 n\u00e4ytti Mikkeli mainoksissa 20 vuotta sitten, kun k\u00e4nnyk\u00e4t viel\u00e4 piippasivat ja kaljakorit kilisiv\u00e4t | Paikalliset"},"content":{"rendered":"<p><img decoding=\"async\" src=\"https:\/\/a.lansi-savo.fi\/styles\/bdd2f25c\/images\/logos\/lansi-savo.svg\" class=\"diks-logo diks-logo--default diks-footer__main-logo--narrow\" alt=\"L\u00e4nsi-Savo\"\/><img decoding=\"async\" src=\"https:\/\/a.lansi-savo.fi\/styles\/bdd2f25c\/images\/logos\/lansi-savo-white.svg\" class=\"diks-logo diks-logo--darkmode diks-footer__main-logo--narrow\" alt=\"L\u00e4nsi-Savo\"\/><\/p>\n<p><strong>Postiosoite:<\/strong> PL 6, 50101 Mikkeli<br \/><strong>K\u00e4yntiosoite:<\/strong> Teollisuuskatu 2-6, Mikkeli<br \/><strong>Vastaava p\u00e4\u00e4toimittaja:<\/strong> Timo Laitakari<\/p>\n<p>\t\t\t\t\t\tSovellus<\/p>\n<p>Sovellus sis\u00e4lt\u00e4\u00e4 tuoreet juttumme, joita ilmestyy ymp\u00e4ri vuorokauden vuoden jokaisena p\u00e4iv\u00e4n\u00e4 sek\u00e4 n\u00e4k\u00f6islehtemme liitteineen sek\u00e4 n\u00e4k\u00f6islehtien arkiston. Asenna sovellus laitteesi sovelluskaupasta.<\/p>\n<p>\t\t\t\t\t<a class=\"diks-apps__app-link diks-hide-on-android\" href=\"https:\/\/apps.apple.com\/fi\/app\/l%C3%A4nsi-savo\/id6477534696\" rel=\"nofollow noopener\" target=\"_blank\"><img decoding=\"async\" class=\"diks-apps__app-image\" src=\"https:\/\/a.lansi-savo.fi\/styles\/bdd2f25c\/images\/default\/appstore-badge.svg\" alt=\"Lataa sovellus App Storesta\"\/><\/a><br \/>\n\t\t\t\t\t<a class=\"diks-apps__app-link diks-hide-on-ios\" href=\"https:\/\/play.google.com\/store\/apps\/details?id=fi.media.lansisavo\" rel=\"nofollow noopener\" target=\"_blank\"><img decoding=\"async\" class=\"diks-apps__app-image\" src=\"https:\/\/a.lansi-savo.fi\/styles\/bdd2f25c\/images\/default\/google-play-badge.svg\" alt=\"Lataa sovellus Google Play -kaupasta\"\/><\/a><\/p>\n","protected":false},"excerpt":{"rendered":"Postiosoite: PL 6, 50101 MikkeliK\u00e4yntiosoite: Teollisuuskatu 2-6, MikkeliVastaava p\u00e4\u00e4toimittaja: Timo Laitakari Sovellus Sovellus sis\u00e4lt\u00e4\u00e4 tuoreet juttumme, joita ilmestyy&hellip;\n","protected":false},"author":2,"featured_media":133894,"comment_status":"","ping_status":"","sticky":false,"template":"","format":"standard","meta":{"footnotes":""},"categories":[85],"tags":[4053,33,31,30,5856,898,2869,685,419,418,14055,941,32,91,92],"class_list":{"0":"post-133893","1":"post","2":"type-post","3":"status-publish","4":"format-standard","5":"has-post-thumbnail","7":"category-mobiili","8":"tag-2000-luku","9":"tag-fi","10":"tag-finland","11":"tag-finnish","12":"tag-joulu","13":"tag-kulutustavarat","14":"tag-mainonta","15":"tag-mikkeli","16":"tag-mobiili","17":"tag-mobile","18":"tag-muistatko","19":"tag-nostalgia","20":"tag-suomi","21":"tag-technology","22":"tag-teknologia"},"share_on_mastodon":{"url":"https:\/\/pubeurope.com\/@fi\/115841563730399270","error":""},"_links":{"self":[{"href":"https:\/\/www.europesays.com\/fi\/wp-json\/wp\/v2\/posts\/133893","targetHints":{"allow":["GET"]}}],"collection":[{"href":"https:\/\/www.europesays.com\/fi\/wp-json\/wp\/v2\/posts"}],"about":[{"href":"https:\/\/www.europesays.com\/fi\/wp-json\/wp\/v2\/types\/post"}],"author":[{"embeddable":true,"href":"https:\/\/www.europesays.com\/fi\/wp-json\/wp\/v2\/users\/2"}],"replies":[{"embeddable":true,"href":"https:\/\/www.europesays.com\/fi\/wp-json\/wp\/v2\/comments?post=133893"}],"version-history":[{"count":0,"href":"https:\/\/www.europesays.com\/fi\/wp-json\/wp\/v2\/posts\/133893\/revisions"}],"wp:featuredmedia":[{"embeddable":true,"href":"https:\/\/www.europesays.com\/fi\/wp-json\/wp\/v2\/media\/133894"}],"wp:attachment":[{"href":"https:\/\/www.europesays.com\/fi\/wp-json\/wp\/v2\/media?parent=133893"}],"wp:term":[{"taxonomy":"category","embeddable":true,"href":"https:\/\/www.europesays.com\/fi\/wp-json\/wp\/v2\/categories?post=133893"},{"taxonomy":"post_tag","embeddable":true,"href":"https:\/\/www.europesays.com\/fi\/wp-json\/wp\/v2\/tags?post=133893"}],"curies":[{"name":"wp","href":"https:\/\/api.w.org\/{rel}","templated":true}]}}