{"id":133895,"date":"2026-01-05T08:32:08","date_gmt":"2026-01-05T08:32:08","guid":{"rendered":"https:\/\/www.europesays.com\/fi\/133895\/"},"modified":"2026-01-05T08:32:08","modified_gmt":"2026-01-05T08:32:08","slug":"elamani-biisi-katsojat-kommentoivat-katja-stahlin-tuuraajan-suoritusta","status":"publish","type":"post","link":"https:\/\/www.europesays.com\/fi\/133895\/","title":{"rendered":"El\u00e4m\u00e4ni biisi: Katsojat kommentoivat Katja St\u00e5hlin tuuraajan suoritusta"},"content":{"rendered":"<p>\n            El\u00e4m\u00e4ni biisi<br \/>\n            Atte M\u00e4l\u00e4sk\u00e4 \/ Yle\n        <\/p>\n<p class=\"subtitle \">El\u00e4m\u00e4ni biisin erikoisjaksossa n\u00e4htiin joukko euroviisulegendoja ja uusi juontaja.<\/p>\n<p class=\"article-content article-content-width !bg-background\"> on monelle tuttu Euroviisujen selostajana. H\u00e4n tuurasikin  El\u00e4m\u00e4ni biisin erikoisjaksossa, jonka teemana oli Euroviisut.<\/p>\n<p class=\"article-content article-content-width !bg-background\">Syksyll\u00e4 nauhoitettu jakso esitettiin televisiossa 3. tammikuuta. Mikko n\u00e4htiin jaksossa juontajana, sill\u00e4 Katja oli nauhoitusteen aikaan sairaalassa.<\/p>\n<p>        <a itemprop=\"url\" href=\"https:\/\/www.seiska.fi\/katso\/palaako-katja-stahl-elamani-biisiin-tama-on-tilanne-nyt\/1978109\" rel=\"nofollow noopener\" target=\"_blank\"><\/p>\n<p>\nSairaalaan joutunut Katja St\u00e5hl\n<\/p>\n<p class=\"section-date\">\n        <strong class=\"article-section\" data-section=\"katso\"><br \/>\n            katso<br \/>\n        <\/strong><br \/>\n        30.10.2025 16:15\n    <\/p>\n<p>Palaako Katja St\u00e5hl El\u00e4m\u00e4ni biisiin? T\u00e4m\u00e4 on tilanne nyt\n    <\/p>\n<p itemprop=\"description\" class=\"subtitle \">\n    Juontaja Katja St\u00e5hlia ei n\u00e4hty viime viikolla suosikkiohjelmassa. Tuotanto kertoo, mik\u00e4 tilanne on t\u00e4ll\u00e4 hetkell\u00e4.\n<\/p>\n<p>        <\/a><\/p>\n<p class=\"article-content article-content-width !bg-background\">Mikko sai erikoisjaksossa vieraikseen , , ,  ja .<\/p>\n<p>Katsojat villiintyiv\u00e4t<\/p>\n<p class=\"article-content article-content-width !bg-background\"><a href=\"https:\/\/www.facebook.com\/elamanibiisi\" target=\"_blank\" rel=\"nofollow noopener\">Katsojat ovat kommentoineet jaksoa ja Mikon juontopesti\u00e4 niin ohjelman<\/a> kuin <a href=\"https:\/\/www.facebook.com\/yleisradio\" target=\"_blank\" rel=\"nofollow noopener\">Ylenkin<\/a> Facebook-seinill\u00e4.  toteaa, ett\u00e4 jakso oli todella hyv\u00e4 ja Mikko veti roolinsa hienosti.  mielest\u00e4 Mikko hoiti hommansa todella hyvin.<\/p>\n<p class=\"article-content article-content-width !bg-background\">\u2013 Parhaita El\u00e4m\u00e4ni Biisi -iltoja. Vieraat, biisit ja Euroviisu-illan itse oikeutettu juontaja Mikko Silvennoinen,  kertoo.<\/p>\n<p class=\"article-content article-content-width !bg-background\">\u2013 Olipas hyv\u00e4 jakso. Mikko S. olit loistava illan is\u00e4nt\u00e4,  hehkuttaa.<\/p>\n<p class=\"article-content article-content-width !bg-background\">\u2013 Kiitokset juontajalle mukaansa tempaavasta tavasta juontaa El\u00e4m\u00e4ni Biisi -ohjelma. Eritt\u00e4in hyv\u00e4 jakso,  kirjoittaa.<\/p>\n<p>        <a itemprop=\"url\" href=\"https:\/\/www.seiska.fi\/katso\/marion-avautuu-vaikeista-ajoistaan-olin-aika-sekaisin\/2033417\" rel=\"nofollow noopener\" target=\"_blank\"><\/p>\n<p>\nPoikkeuksellinen avautuminen:\n<\/p>\n<p class=\"section-date\">\n        <strong class=\"article-section\" data-section=\"katso\"><br \/>\n            katso<br \/>\n        <\/strong><br \/>\n        3.1. 09:15\n    <\/p>\n<p>Marion avautuu vaikeista ajoistaan: \u201cOlin aika sekaisin\u201d\n    <\/p>\n<p itemprop=\"description\" class=\"subtitle \">\n    El\u00e4m\u00e4ni biisin euroviisujaksossa kuullaan laulajalegendan koskettava avautuminen.\n<\/p>\n<p>        <\/a><\/p>\n<p>                <img decoding=\"async\" src=\"https:\/\/www.europesays.com\/fi\/wp-content\/uploads\/2026\/01\/2037333.webp.jpeg\" width=\"576\" height=\"274\" title=\"Mikko toimi ensimm\u00e4ist\u00e4 kertaa El\u00e4m\u00e4ni biisin juontajana.\" alt=\"El\u00e4m\u00e4ni biisi: Mikko Silvennoinen istuu vihre\u00e4ll\u00e4 nojatuolilla.\" loading=\"lazy\" \/>            <\/p>\n<p>\n            Mikko toimi ensimm\u00e4ist\u00e4 kertaa El\u00e4m\u00e4ni biisin juontajana.<br \/>\n            Atte M\u00e4l\u00e4sk\u00e4\n        <\/p>\n<p class=\"article-content article-content-width !bg-background\">\u2013 Voi kun olen niin hyvill\u00e4 mielin t\u00e4st\u00e4 jaksosta! Mikko oli erinomainen juontaja ja biisit ja tarinat koskettavia. Kaikki oli omat ihanat itsens\u00e4, ei p\u00f6n\u00f6ttely\u00e4. Marion on minulle ollut aina t\u00e4rke\u00e4, h\u00e4nen tarinansa kosketti eniten,  sanoo.<\/p>\n<p class=\"article-content article-content-width !bg-background\">\u2013 Mikko ehdottomasti vakituiseksi juontajaksi,  huudahtaa.<\/p>\n<p class=\"article-content article-content-width !bg-background\">\u2013 Niin viihdytt\u00e4v\u00e4 jakso. Mikko on niin ihastuttava juontaja. Hyv\u00e4 idea pit\u00e4\u00e4 Euroviisu-ilta. B\u00e4ndi ja laulajat saavat t\u00e4yden kympin my\u00f6s. Ja niin meid\u00e4n raudan kovat artistit kaikki samana iltana yhdess\u00e4. L\u00e4mmin kiitos. Nautin!  tuumaa.<\/p>\n<p class=\"article-content article-content-width !bg-background\">\u2013 T\u00e4m\u00e4 oli heitt\u00e4m\u00e4ll\u00e4 paras El\u00e4m\u00e4ni biisi -jakso. Vieraat olivat hulvattomia ja mielenkiintoisia, biisit kaikki hyvi\u00e4 ja Mikko S oli kuin piste iin p\u00e4\u00e4ll\u00e4, t\u00e4ydellinen juontaja t\u00e4h\u00e4n. Kiitos! Eip\u00e4 voinut tulla kuin hyv\u00e4 mieli,  komppaa.<\/p>\n<p>        <a itemprop=\"url\" href=\"https:\/\/www.seiska.fi\/katso\/mr-lordi-tarayttaa-melkoisen-euroviisupommin\/2033953\" rel=\"nofollow noopener\" target=\"_blank\"><\/p>\n<p>\nLordi\n<\/p>\n<p class=\"section-date\">\n        <strong class=\"article-section\" data-section=\"katso\"><br \/>\n            katso<br \/>\n        <\/strong><br \/>\n        3.1. 06:15\n    <\/p>\n<p>Mr. Lordi t\u00e4r\u00e4ytt\u00e4\u00e4 melkoisen euroviisupommin!\n    <\/p>\n<p itemprop=\"description\" class=\"subtitle \">\n    N\u00e4hd\u00e4\u00e4nk\u00f6 Euroviisuissa K\u00e4\u00e4rij\u00e4n ja Lordin yhteisesitys?\n<\/p>\n<p>        <\/a><\/p>\n<p class=\"article-content article-content-width !bg-background\">\u2013 Tykk\u00e4sin. Yll\u00e4tyksellinen, kiinnostava, nautittava. Loistava Mikko Silvennoinen kruunasi kaiken. Saisiko t\u00e4t\u00e4 lis\u00e4\u00e4?  kys\u00e4isee.<\/p>\n<p class=\"article-content article-content-width !bg-background\">\u2013 Hyvin vedit Mikko, oli mukavan letke\u00e4 meno kiva onnistunut ohjelma,  summaa.<\/p>\n<p class=\"italic m-italic article-content article-content-width !bg-background\">El\u00e4m\u00e4ni Biisi Yle Areenassa.<\/p>\n<p>        <a itemprop=\"url\" href=\"https:\/\/www.seiska.fi\/katso\/raakel-lignell-koskettava-avautuminen-perhetragediasta\/2029126\" rel=\"nofollow noopener\" target=\"_blank\"><\/p>\n<p>\nRaakel Lignell\n<\/p>\n<p class=\"section-date\">\n        <strong class=\"article-section\" data-section=\"katso\"><br \/>\n            katso<br \/>\n        <\/strong><br \/>\n        27.12.2025 08:15\n    <\/p>\n<p>Raakel Lignell: Koskettava avautuminen perhetragediasta\n    <\/p>\n<p itemprop=\"description\" class=\"subtitle \">\n    Raakel kertoo El\u00e4m\u00e4ni biisi -ohjelmassa perheens\u00e4 surusta.\n<\/p>\n<p>        <\/a><\/p>\n","protected":false},"excerpt":{"rendered":"El\u00e4m\u00e4ni biisi Atte M\u00e4l\u00e4sk\u00e4 \/ Yle El\u00e4m\u00e4ni biisin erikoisjaksossa n\u00e4htiin joukko euroviisulegendoja ja uusi juontaja. on monelle tuttu&hellip;\n","protected":false},"author":2,"featured_media":133896,"comment_status":"","ping_status":"","sticky":false,"template":"","format":"standard","meta":{"footnotes":""},"categories":[136],"tags":[407,2632,137,909,23545,23544,33,31,30,408,4559,2629,907,32,1318,109,1149,913],"class_list":{"0":"post-133895","1":"post","2":"type-post","3":"status-publish","4":"format-standard","5":"has-post-thumbnail","7":"category-julkkikset","8":"tag-celebrities","9":"tag-elamani-biisi","10":"tag-entertainment","11":"tag-euroviisut","12":"tag-eurovision","13":"tag-eurovision-song-contest","14":"tag-fi","15":"tag-finland","16":"tag-finnish","17":"tag-julkkikset","18":"tag-kaarija","19":"tag-katja-stahl","20":"tag-mikko-silvennoinen","21":"tag-suomi","22":"tag-tv-ohjelma","23":"tag-viihde","24":"tag-yle","25":"tag-yle-areena"},"share_on_mastodon":{"url":"https:\/\/pubeurope.com\/@fi\/115841567477165900","error":""},"_links":{"self":[{"href":"https:\/\/www.europesays.com\/fi\/wp-json\/wp\/v2\/posts\/133895","targetHints":{"allow":["GET"]}}],"collection":[{"href":"https:\/\/www.europesays.com\/fi\/wp-json\/wp\/v2\/posts"}],"about":[{"href":"https:\/\/www.europesays.com\/fi\/wp-json\/wp\/v2\/types\/post"}],"author":[{"embeddable":true,"href":"https:\/\/www.europesays.com\/fi\/wp-json\/wp\/v2\/users\/2"}],"replies":[{"embeddable":true,"href":"https:\/\/www.europesays.com\/fi\/wp-json\/wp\/v2\/comments?post=133895"}],"version-history":[{"count":0,"href":"https:\/\/www.europesays.com\/fi\/wp-json\/wp\/v2\/posts\/133895\/revisions"}],"wp:featuredmedia":[{"embeddable":true,"href":"https:\/\/www.europesays.com\/fi\/wp-json\/wp\/v2\/media\/133896"}],"wp:attachment":[{"href":"https:\/\/www.europesays.com\/fi\/wp-json\/wp\/v2\/media?parent=133895"}],"wp:term":[{"taxonomy":"category","embeddable":true,"href":"https:\/\/www.europesays.com\/fi\/wp-json\/wp\/v2\/categories?post=133895"},{"taxonomy":"post_tag","embeddable":true,"href":"https:\/\/www.europesays.com\/fi\/wp-json\/wp\/v2\/tags?post=133895"}],"curies":[{"name":"wp","href":"https:\/\/api.w.org\/{rel}","templated":true}]}}