{"id":133905,"date":"2026-01-05T08:43:09","date_gmt":"2026-01-05T08:43:09","guid":{"rendered":"https:\/\/www.europesays.com\/fi\/133905\/"},"modified":"2026-01-05T08:43:09","modified_gmt":"2026-01-05T08:43:09","slug":"mohamad-darwichille-jai-itarajalla-kasiin-33-000-matkalaukkua-joita-han-aikoo-myyda-nyt-helsinkilaisille","status":"publish","type":"post","link":"https:\/\/www.europesays.com\/fi\/133905\/","title":{"rendered":"Mohamad Darwichille j\u00e4i it\u00e4rajalla k\u00e4siin 33\u202f000 matkalaukkua, joita h\u00e4n aikoo myyd\u00e4 nyt helsinkil\u00e4isille"},"content":{"rendered":"<p>HS Nuijamaalla|Ven\u00e4l\u00e4iset ostavat it\u00e4rajan markettiin jumiin j\u00e4\u00e4neit\u00e4 tuotteita verkossa, mutta laukuillaan yritt\u00e4j\u00e4 Mohamad Darwich hakee jalansijaa p\u00e4\u00e4kaupunkiseudulta.<\/p>\n<p class=\"article-body mb-nof-24 px-nof-16\">Kymmenen metri\u00e4 korkea varastotila t\u00e4yttyy kattoon saakka hyllyist\u00e4. Ne notkuvat pahvilaatikoista. Yritt\u00e4j\u00e4 <a class=\"font-bold underline-offset-[0.12em] [text-decoration:var(--person-link-text-decoration)] ![text-decoration-color:var(--person-link-text-decoration-color)]\" href=\"https:\/\/www.hs.fi\/haku\/?query=Mohamad%20Darwich\" rel=\"nofollow noopener\" target=\"_blank\">Mohamad Darwich<\/a>, 58, viittil\u00f6i kohti k\u00e4yt\u00e4v\u00e4\u00e4 ja kertoo, ett\u00e4 t\u00e4ss\u00e4 ovat heid\u00e4n matkalaukkunsa.<\/p>\n<p class=\"article-body mb-nof-24 px-nof-16\">Kun Suomi pani it\u00e4rajansa s\u00e4ppiin reilut kaksi vuotta sitten, Darwichin varastoon Lappeenrannan Nuijamaalla j\u00e4i 33\u202f000 matkalaukkua. Darwich kertoo, ett\u00e4 vanhoina aikoina h\u00e4n olisi myynyt moisen m\u00e4\u00e4r\u00e4n reilussa vuodessa. Asiakkaat olivat ven\u00e4l\u00e4isi\u00e4.<\/p>\n","protected":false},"excerpt":{"rendered":"HS Nuijamaalla|Ven\u00e4l\u00e4iset ostavat it\u00e4rajan markettiin jumiin j\u00e4\u00e4neit\u00e4 tuotteita verkossa, mutta laukuillaan yritt\u00e4j\u00e4 Mohamad Darwich hakee jalansijaa p\u00e4\u00e4kaupunkiseudulta. Kymmenen&hellip;\n","protected":false},"author":2,"featured_media":133906,"comment_status":"","ping_status":"","sticky":false,"template":"","format":"standard","meta":{"footnotes":""},"categories":[76],"tags":[79,77,33,31,30,46,32,78],"class_list":{"0":"post-133905","1":"post","2":"type-post","3":"status-publish","4":"format-standard","5":"has-post-thumbnail","7":"category-talous","8":"tag-business","9":"tag-economy","10":"tag-fi","11":"tag-finland","12":"tag-finnish","13":"tag-helsingin-sanomat","14":"tag-suomi","15":"tag-talous"},"share_on_mastodon":{"url":"https:\/\/pubeurope.com\/@fi\/115841610825340962","error":""},"_links":{"self":[{"href":"https:\/\/www.europesays.com\/fi\/wp-json\/wp\/v2\/posts\/133905","targetHints":{"allow":["GET"]}}],"collection":[{"href":"https:\/\/www.europesays.com\/fi\/wp-json\/wp\/v2\/posts"}],"about":[{"href":"https:\/\/www.europesays.com\/fi\/wp-json\/wp\/v2\/types\/post"}],"author":[{"embeddable":true,"href":"https:\/\/www.europesays.com\/fi\/wp-json\/wp\/v2\/users\/2"}],"replies":[{"embeddable":true,"href":"https:\/\/www.europesays.com\/fi\/wp-json\/wp\/v2\/comments?post=133905"}],"version-history":[{"count":0,"href":"https:\/\/www.europesays.com\/fi\/wp-json\/wp\/v2\/posts\/133905\/revisions"}],"wp:featuredmedia":[{"embeddable":true,"href":"https:\/\/www.europesays.com\/fi\/wp-json\/wp\/v2\/media\/133906"}],"wp:attachment":[{"href":"https:\/\/www.europesays.com\/fi\/wp-json\/wp\/v2\/media?parent=133905"}],"wp:term":[{"taxonomy":"category","embeddable":true,"href":"https:\/\/www.europesays.com\/fi\/wp-json\/wp\/v2\/categories?post=133905"},{"taxonomy":"post_tag","embeddable":true,"href":"https:\/\/www.europesays.com\/fi\/wp-json\/wp\/v2\/tags?post=133905"}],"curies":[{"name":"wp","href":"https:\/\/api.w.org\/{rel}","templated":true}]}}